{"id":4707,"date":"2013-01-21T10:35:10","date_gmt":"2013-01-21T09:35:10","guid":{"rendered":"http:\/\/blogs.diariosur.es\/tormentas-y-rayos\/?p=4707"},"modified":"2013-01-21T10:35:10","modified_gmt":"2013-01-21T09:35:10","slug":"la-nieve-el-frio-el-viento-y-la-lluvia-protagonistas-en-andalucia-alerta-amarilla-por-nieve-en-jaen-granada-y-almeria-roja-en-galicia-por-olas","status":"publish","type":"post","link":"https:\/\/blogs.diariosur.es\/tormentas-y-rayos\/2013\/01\/21\/la-nieve-el-frio-el-viento-y-la-lluvia-protagonistas-en-andalucia-alerta-amarilla-por-nieve-en-jaen-granada-y-almeria-roja-en-galicia-por-olas\/","title":{"rendered":"La nieve, el fr\u00edo, el viento y la lluvia protagonistas en Andaluc\u00eda. Alerta amarilla por nieve en Ja\u00e9n, Granada y Almer\u00eda. Roja en Galicia por olas."},"content":{"rendered":"<p><strong>Buenos d\u00edas amigos de la meteo. Son las siete de la ma\u00f1ana, registro 12 grados y de nuevo el viento de terral de invierno toma protagonismo. A eso de las tres de la ma\u00f1ana, una vez pasado el frente que nos ha afectado, ha vuelto con fuerza y las rachas han llegado a los 44 km\/h. En este\u00a0gr\u00e1fico\u00a0que os pongo, se aprecia la tregua de nuestro amigo a \u00faltima hora de la tarde noche \u00a0del domingo y primeras del lunes. Y como luego a partir de las tres toma protagonismo. Fuente Aemet.<\/strong><\/p>\n<p><a href=\"https:\/\/blogs.diariosur.es\/tormentas-y-rayos\/2013\/01\/21\/la-nieve-el-frio-el-viento-y-la-lluvia-protagonistas-en-andalucia-alerta-amarilla-por-nieve-en-jaen-granada-y-almeria-roja-en-galicia-por-olas\/viento-lunes\/\" rel=\"attachment wp-att-4708\"><img loading=\"lazy\" class=\"aligncenter size-full wp-image-4708\" title=\"viento lunes\" src=\"\/tormentas-y-rayos\/wp-content\/uploads\/sites\/12\/2013\/01\/viento-lunes.jpg\" alt=\"\" width=\"704\" height=\"327\" srcset=\"https:\/\/static-blogs.diariosur.es\/wp-content\/uploads\/sites\/12\/2013\/01\/viento-lunes.jpg 704w, https:\/\/static-blogs.diariosur.es\/wp-content\/uploads\/sites\/12\/2013\/01\/viento-lunes-640x297.jpg 640w\" sizes=\"(max-width: 704px) 100vw, 704px\" \/><\/a><\/p>\n<p><strong>Las precipitaciones no han estado mal en nuestra provincia, empezaron los chubascos por la noche del domingo y tomaron mas protagoniso en la madrugada del lunes. os paso un\u00a0gr\u00e1fico\u00a0fuente Red Hidrosur Junta de Andaluc\u00eda. Y el radar de lluvia de la Aemet. Comentaros tambien , estas lluvias han sido de nieve en Sierra Tejeda, Sierra de las Nieves e incluso en los Reales.<\/strong><\/p>\n<p><a href=\"https:\/\/blogs.diariosur.es\/tormentas-y-rayos\/2013\/01\/21\/la-nieve-el-frio-el-viento-y-la-lluvia-protagonistas-en-andalucia-alerta-amarilla-por-nieve-en-jaen-granada-y-almeria-roja-en-galicia-por-olas\/ll-7\/\" rel=\"attachment wp-att-4709\"><img loading=\"lazy\" class=\"aligncenter size-medium wp-image-4709\" title=\"ll\" src=\"\/tormentas-y-rayos\/wp-content\/uploads\/sites\/12\/2013\/01\/ll.jpg\" alt=\"\" width=\"600\" height=\"288\" srcset=\"https:\/\/static-blogs.diariosur.es\/wp-content\/uploads\/sites\/12\/2013\/01\/ll.jpg 781w, https:\/\/static-blogs.diariosur.es\/wp-content\/uploads\/sites\/12\/2013\/01\/ll-640x307.jpg 640w, https:\/\/static-blogs.diariosur.es\/wp-content\/uploads\/sites\/12\/2013\/01\/ll-768x369.jpg 768w\" sizes=\"(max-width: 600px) 100vw, 600px\" \/><\/a><\/p>\n<p><a href=\"https:\/\/blogs.diariosur.es\/tormentas-y-rayos\/2013\/01\/21\/la-nieve-el-frio-el-viento-y-la-lluvia-protagonistas-en-andalucia-alerta-amarilla-por-nieve-en-jaen-granada-y-almeria-roja-en-galicia-por-olas\/201301210130_r8pb\/\" rel=\"attachment wp-att-4710\"><img loading=\"lazy\" class=\"aligncenter size-full wp-image-4710\" title=\"201301210130_r8pb\" src=\"\/tormentas-y-rayos\/wp-content\/uploads\/sites\/12\/2013\/01\/201301210130_r8pb.gif\" alt=\"\" width=\"500\" height=\"500\" \/><\/a><\/p>\n<p>&nbsp;<\/p>\n<p><strong>\u00a0Durante toda la semana entro mas tarde al curro, intentare fotografiar los amaneceres de esta semana, que prometen ser impresionantes. Asi que os dejo durante un rato virtualmente je je y tiro para la playa.<\/strong><\/p>\n<p><strong>Ya de vuelta amigos, menudo fr\u00edo he pasado. Las lagrimas congeladas me las estoy quitando con agua caliente je je. \u00a0Me he encontrado con mi amigo Antonio Portillo, los dos hemos disfrutado de un bonito amanecer. Os paso las \u00a0fotos.<\/strong><\/p>\n<p><a href=\"https:\/\/blogs.diariosur.es\/tormentas-y-rayos\/2013\/01\/21\/la-nieve-el-frio-el-viento-y-la-lluvia-protagonistas-en-andalucia-alerta-amarilla-por-nieve-en-jaen-granada-y-almeria-roja-en-galicia-por-olas\/olympus-digital-camera-1044\/\" rel=\"attachment wp-att-4721\"><img loading=\"lazy\" class=\"aligncenter size-full wp-image-4721\" title=\"OLYMPUS DIGITAL CAMERA\" src=\"\/tormentas-y-rayos\/wp-content\/uploads\/sites\/12\/2013\/01\/051.jpg\" alt=\"\" width=\"680\" height=\"484\" srcset=\"https:\/\/static-blogs.diariosur.es\/wp-content\/uploads\/sites\/12\/2013\/01\/051.jpg 680w, https:\/\/static-blogs.diariosur.es\/wp-content\/uploads\/sites\/12\/2013\/01\/051-562x400.jpg 562w\" sizes=\"(max-width: 680px) 100vw, 680px\" \/><\/a><\/p>\n<p>&nbsp;<\/p>\n<p>&nbsp;<\/p>\n<p><a href=\"https:\/\/blogs.diariosur.es\/tormentas-y-rayos\/2013\/01\/21\/la-nieve-el-frio-el-viento-y-la-lluvia-protagonistas-en-andalucia-alerta-amarilla-por-nieve-en-jaen-granada-y-almeria-roja-en-galicia-por-olas\/olympus-digital-camera-1046\/\" rel=\"attachment wp-att-4723\"><img loading=\"lazy\" class=\"aligncenter size-full wp-image-4723\" title=\"OLYMPUS DIGITAL CAMERA\" src=\"\/tormentas-y-rayos\/wp-content\/uploads\/sites\/12\" alt=\"\" width=\"680\" height=\"510\" \/><\/a><\/p>\n<p>&nbsp;<\/p>\n<p>&nbsp;<\/p>\n<p>&nbsp;<\/p>\n<p><strong><a href=\"https:\/\/blogs.diariosur.es\/tormentas-y-rayos\/2013\/01\/21\/la-nieve-el-frio-el-viento-y-la-lluvia-protagonistas-en-andalucia-alerta-amarilla-por-nieve-en-jaen-granada-y-almeria-roja-en-galicia-por-olas\/olympus-digital-camera-1047\/\" rel=\"attachment wp-att-4724\"><img loading=\"lazy\" class=\"aligncenter size-full wp-image-4724\" title=\"OLYMPUS DIGITAL CAMERA\" src=\"\/tormentas-y-rayos\/wp-content\/uploads\/sites\/12\/2013\/01\/035.jpg\" alt=\"\" width=\"680\" height=\"510\" srcset=\"https:\/\/static-blogs.diariosur.es\/wp-content\/uploads\/sites\/12\/2013\/01\/035.jpg 680w, https:\/\/static-blogs.diariosur.es\/wp-content\/uploads\/sites\/12\/2013\/01\/035-533x400.jpg 533w\" sizes=\"(max-width: 680px) 100vw, 680px\" \/><\/a><\/strong><\/p>\n<p>&nbsp;<\/p>\n<p><a href=\"https:\/\/blogs.diariosur.es\/tormentas-y-rayos\/2013\/01\/21\/la-nieve-el-frio-el-viento-y-la-lluvia-protagonistas-en-andalucia-alerta-amarilla-por-nieve-en-jaen-granada-y-almeria-roja-en-galicia-por-olas\/olympus-digital-camera-1048\/\" rel=\"attachment wp-att-4725\"><img loading=\"lazy\" class=\"aligncenter size-full wp-image-4725\" title=\"OLYMPUS DIGITAL CAMERA\" src=\"\/tormentas-y-rayos\/wp-content\/uploads\/sites\/12\/2013\/01\/0331.jpg\" alt=\"\" width=\"680\" height=\"510\" srcset=\"https:\/\/static-blogs.diariosur.es\/wp-content\/uploads\/sites\/12\/2013\/01\/0331.jpg 680w, https:\/\/static-blogs.diariosur.es\/wp-content\/uploads\/sites\/12\/2013\/01\/0331-533x400.jpg 533w\" sizes=\"(max-width: 680px) 100vw, 680px\" \/><\/a><\/p>\n<p><strong>Antes de daros el pron\u00f3stico para hoy lunes y el martes, os hago un peque\u00f1o resumen en fotos del dia de ayer. La m\u00ednima fue de 9 grados y la m\u00e1xima de 14,3 grados en mi sensor. El viento de terral de invierno soplo con fuerza, pero a partir de las siete de la tarde se quedo calmado. Lo mas bonito fue ver desde la Playa de la Misericordia a Sierra Tejeda con nieve.\u00a0<\/strong><\/p>\n<p><a href=\"https:\/\/blogs.diariosur.es\/tormentas-y-rayos\/2013\/01\/21\/la-nieve-el-frio-el-viento-y-la-lluvia-protagonistas-en-andalucia-alerta-amarilla-por-nieve-en-jaen-granada-y-almeria-roja-en-galicia-por-olas\/olympus-digital-camera-1043\/\" rel=\"attachment wp-att-4711\"><img loading=\"lazy\" class=\"aligncenter size-full wp-image-4711\" title=\"OLYMPUS DIGITAL CAMERA\" src=\"\/tormentas-y-rayos\/wp-content\/uploads\/sites\/12\/2013\/01\/018_1.jpg\" alt=\"\" width=\"670\" height=\"503\" srcset=\"https:\/\/static-blogs.diariosur.es\/wp-content\/uploads\/sites\/12\/2013\/01\/018_1.jpg 670w, https:\/\/static-blogs.diariosur.es\/wp-content\/uploads\/sites\/12\/2013\/01\/018_1-533x400.jpg 533w\" sizes=\"(max-width: 670px) 100vw, 670px\" \/><\/a><\/p>\n<p>&nbsp;<\/p>\n<p><strong>Durante la ma\u00f1ana se vieron algunos c\u00famulos humilis, siendo por la tarde cuando los cielos se nublaron mas. Os paso un collage de la ma\u00f1ana y otro de la tarde.<\/strong><\/p>\n<p><a href=\"https:\/\/blogs.diariosur.es\/tormentas-y-rayos\/2013\/01\/21\/la-nieve-el-frio-el-viento-y-la-lluvia-protagonistas-en-andalucia-alerta-amarilla-por-nieve-en-jaen-granada-y-almeria-roja-en-galicia-por-olas\/page-5\/\" rel=\"attachment wp-att-4714\"><img loading=\"lazy\" class=\"aligncenter size-full wp-image-4714\" title=\"page\" src=\"\/tormentas-y-rayos\/wp-content\/uploads\/sites\/12\/2013\/01\/page4.jpg\" alt=\"\" width=\"639\" height=\"489\" srcset=\"https:\/\/static-blogs.diariosur.es\/wp-content\/uploads\/sites\/12\/2013\/01\/page4.jpg 639w, https:\/\/static-blogs.diariosur.es\/wp-content\/uploads\/sites\/12\/2013\/01\/page4-523x400.jpg 523w\" sizes=\"(max-width: 639px) 100vw, 639px\" \/><\/a><\/p>\n<p>&nbsp;<\/p>\n<p>&nbsp;<\/p>\n<p>&nbsp;<\/p>\n<p><a href=\"https:\/\/blogs.diariosur.es\/tormentas-y-rayos\/2013\/01\/21\/la-nieve-el-frio-el-viento-y-la-lluvia-protagonistas-en-andalucia-alerta-amarilla-por-nieve-en-jaen-granada-y-almeria-roja-en-galicia-por-olas\/page-4\/\" rel=\"attachment wp-att-4713\"><img loading=\"lazy\" class=\"aligncenter size-full wp-image-4713\" title=\"page\" src=\"\/tormentas-y-rayos\/wp-content\/uploads\/sites\/12\/2013\/01\/page3.jpg\" alt=\"\" width=\"639\" height=\"639\" srcset=\"https:\/\/static-blogs.diariosur.es\/wp-content\/uploads\/sites\/12\/2013\/01\/page3.jpg 639w, https:\/\/static-blogs.diariosur.es\/wp-content\/uploads\/sites\/12\/2013\/01\/page3-150x150.jpg 150w, https:\/\/static-blogs.diariosur.es\/wp-content\/uploads\/sites\/12\/2013\/01\/page3-400x400.jpg 400w\" sizes=\"(max-width: 639px) 100vw, 639px\" \/><\/a><\/p>\n<p>&nbsp;<\/p>\n<p>&nbsp;<\/p>\n<p><span style=\"color: #0000ff;\"><strong>PREDICCI\u00d3N DEL TIEMPO LUNES 21 Y MARTES 22.<\/strong><\/span><\/p>\n<p><span style=\"color: #ff0000;\"><strong>Hoy lunes la m\u00e1xima no creo que pase de los 15 grados, seguir\u00e1 el viento de terral de invierno. Pero viendo los mapas, creo que bajara e intensidad durante la tarde.<\/strong><\/span><\/p>\n<p><strong><span style=\"color: #ff0000;\">\u00a0Sera el martes, el dia mas complicado para pronosticar. Una nueva borrasca se acercara y traer\u00e1 un frente fr\u00edo que cruzara la\u00a0pen\u00ednsula. En este mapa de la\u00a0pod\u00e9is\u00a0ver. Fuente mett oficce<\/span><\/strong><\/p>\n<p><a href=\"https:\/\/blogs.diariosur.es\/tormentas-y-rayos\/2013\/01\/21\/la-nieve-el-frio-el-viento-y-la-lluvia-protagonistas-en-andalucia-alerta-amarilla-por-nieve-en-jaen-granada-y-almeria-roja-en-galicia-por-olas\/z-borrasca-nueva\/\" rel=\"attachment wp-att-4715\"><img loading=\"lazy\" class=\"aligncenter size-large wp-image-4715\" title=\"z borrasca nueva\" src=\"\/tormentas-y-rayos\/wp-content\/uploads\/sites\/12\/2013\/01\/z-borrasca-nueva.jpg\" alt=\"\" width=\"736\" height=\"600\" srcset=\"https:\/\/static-blogs.diariosur.es\/wp-content\/uploads\/sites\/12\/2013\/01\/z-borrasca-nueva.jpg 784w, https:\/\/static-blogs.diariosur.es\/wp-content\/uploads\/sites\/12\/2013\/01\/z-borrasca-nueva-491x400.jpg 491w, https:\/\/static-blogs.diariosur.es\/wp-content\/uploads\/sites\/12\/2013\/01\/z-borrasca-nueva-768x626.jpg 768w\" sizes=\"(max-width: 736px) 100vw, 736px\" \/><\/a><\/p>\n<p>&nbsp;<\/p>\n<p><span><strong><span style=\"color: #ff0000;\">A este frente hay que unirle una masa de aire fr\u00edo polar\u00a0mar\u00edtima\u00a0 que empezara a entrar durante la madrugada pr\u00f3xima. En esta imagen de masas de aire del eumetsat se ve claramente. El color entre violeta y azul oscuro es la masa de aire fr\u00edo que baja hacia nosotros.<\/span><\/strong><\/span><\/p>\n<p><span style=\"color: #ff0000;\"><a href=\"https:\/\/blogs.diariosur.es\/tormentas-y-rayos\/2013\/01\/21\/la-nieve-el-frio-el-viento-y-la-lluvia-protagonistas-en-andalucia-alerta-amarilla-por-nieve-en-jaen-granada-y-almeria-roja-en-galicia-por-olas\/201301210700_s91g\/\" rel=\"attachment wp-att-4716\"><span style=\"color: #ff0000;\"><img loading=\"lazy\" class=\"aligncenter size-full wp-image-4716\" title=\"201301210700_s91g\" src=\"\/tormentas-y-rayos\/wp-content\/uploads\/sites\/12\/2013\/01\/201301210700_s91g.jpg\" alt=\"\" width=\"550\" height=\"488\" srcset=\"https:\/\/static-blogs.diariosur.es\/wp-content\/uploads\/sites\/12\/2013\/01\/201301210700_s91g.jpg 550w, https:\/\/static-blogs.diariosur.es\/wp-content\/uploads\/sites\/12\/2013\/01\/201301210700_s91g-451x400.jpg 451w\" sizes=\"(max-width: 550px) 100vw, 550px\" \/><\/span><\/a><\/span><\/p>\n<p><span style=\"color: #ff0000;\"><strong>El frente llegara a Andaluc\u00eda por la tarde, en esos momentos las temperaturas a 850 hpa (1500) rondaran los -1 grados y a esto hay que unirle la temperatura que habr\u00e1 a 5000 metros, que ser\u00e1 cercana a los -30 grados. Os paso estos dos mapas previstos fuente meteociel y gfs.<\/strong><\/span><\/p>\n<p><span style=\"color: #ff0000;\"><a href=\"https:\/\/blogs.diariosur.es\/tormentas-y-rayos\/2013\/01\/21\/la-nieve-el-frio-el-viento-y-la-lluvia-protagonistas-en-andalucia-alerta-amarilla-por-nieve-en-jaen-granada-y-almeria-roja-en-galicia-por-olas\/z-meteociel\/\" rel=\"attachment wp-att-4717\"><span style=\"color: #ff0000;\"><img loading=\"lazy\" class=\"aligncenter size-medium wp-image-4717\" title=\"z meteociel\" src=\"\/tormentas-y-rayos\/wp-content\/uploads\/sites\/12\/2013\/01\/z-meteociel.jpg\" alt=\"\" width=\"598\" height=\"400\" srcset=\"https:\/\/static-blogs.diariosur.es\/wp-content\/uploads\/sites\/12\/2013\/01\/z-meteociel.jpg 781w, https:\/\/static-blogs.diariosur.es\/wp-content\/uploads\/sites\/12\/2013\/01\/z-meteociel-598x400.jpg 598w, https:\/\/static-blogs.diariosur.es\/wp-content\/uploads\/sites\/12\/2013\/01\/z-meteociel-768x513.jpg 768w\" sizes=\"(max-width: 598px) 100vw, 598px\" \/><\/span><\/a><\/span><\/p>\n<p><span style=\"color: #ff0000;\"><a href=\"https:\/\/blogs.diariosur.es\/tormentas-y-rayos\/2013\/01\/21\/la-nieve-el-frio-el-viento-y-la-lluvia-protagonistas-en-andalucia-alerta-amarilla-por-nieve-en-jaen-granada-y-almeria-roja-en-galicia-por-olas\/500-hpa\/\" rel=\"attachment wp-att-4718\"><span style=\"color: #ff0000;\"><img loading=\"lazy\" class=\"aligncenter size-full wp-image-4718\" title=\"500 hpa\" src=\"\/tormentas-y-rayos\/wp-content\/uploads\/sites\/12\/2013\/01\/500-hpa.jpg\" alt=\"\" width=\"663\" height=\"524\" srcset=\"https:\/\/static-blogs.diariosur.es\/wp-content\/uploads\/sites\/12\/2013\/01\/500-hpa.jpg 663w, https:\/\/static-blogs.diariosur.es\/wp-content\/uploads\/sites\/12\/2013\/01\/500-hpa-506x400.jpg 506w\" sizes=\"(max-width: 663px) 100vw, 663px\" \/><\/span><\/a><\/span><\/p>\n<p>&nbsp;<\/p>\n<p><span style=\"color: #ff0000;\"><strong>Por estos factores la nieve puede caer en las Provincias de Ja\u00e9n, Granada y Almer\u00eda, a partir de 800 metros. Incluso en Granada Capital pueden ver copos. Por este motivo la Aemet activa la alerta amarilla por nieve en estas provincias. Fuente Aemet.<\/strong><\/span><\/p>\n<p><span style=\"color: #ff0000;\"><a href=\"https:\/\/blogs.diariosur.es\/tormentas-y-rayos\/2013\/01\/21\/la-nieve-el-frio-el-viento-y-la-lluvia-protagonistas-en-andalucia-alerta-amarilla-por-nieve-en-jaen-granada-y-almeria-roja-en-galicia-por-olas\/alerrr\/\" rel=\"attachment wp-att-4719\"><span style=\"color: #ff0000;\"><img loading=\"lazy\" class=\"aligncenter size-full wp-image-4719\" title=\"alerrr\" src=\"\/tormentas-y-rayos\/wp-content\/uploads\/sites\/12\/2013\/01\/alerrr.jpg\" alt=\"\" width=\"591\" height=\"429\" srcset=\"https:\/\/static-blogs.diariosur.es\/wp-content\/uploads\/sites\/12\/2013\/01\/alerrr.jpg 591w, https:\/\/static-blogs.diariosur.es\/wp-content\/uploads\/sites\/12\/2013\/01\/alerrr-551x400.jpg 551w\" sizes=\"(max-width: 591px) 100vw, 591px\" \/><\/span><\/a><\/span><\/p>\n<p><span style=\"color: #ff0000;\"><strong>Y alerta roja por\u00a0fen\u00f3menos\u00a0costeros a Galicia, se esperan olas de 8 metros. Si puedo tiro pa ya jejeje.<\/strong><\/span><\/p>\n<p><a href=\"https:\/\/blogs.diariosur.es\/tormentas-y-rayos\/2013\/01\/21\/la-nieve-el-frio-el-viento-y-la-lluvia-protagonistas-en-andalucia-alerta-amarilla-por-nieve-en-jaen-granada-y-almeria-roja-en-galicia-por-olas\/roja-3\/\" rel=\"attachment wp-att-4727\"><img loading=\"lazy\" class=\"aligncenter size-full wp-image-4727\" title=\"roja\" src=\"\/tormentas-y-rayos\/wp-content\/uploads\/sites\/12\/2013\/01\/roja1.jpg\" alt=\"\" width=\"529\" height=\"383\" \/><\/a><\/p>\n<p><strong><span style=\"color: #ff0000;\">A nuestra provincia los chubascos llegar\u00edan por la tarde noche, algo parecido a lo que ha ocurrido en \u00a0la pasada madrugada. No espero mucha lluvia, siendo un poco mas abundante por el interior. La nieve caer\u00e1 a partir de los 900 o 1000 metros en nuestra provincia, asi que si el mi\u00e9rcoles se despejan los cielos, veremos la Sierra de las Nieves y Sierra Tejeda con un manto de nieve. El\u00a0mi\u00e9rcoles\u00a0el terral de invierno de nuevo tomara protagonismo, esto\u00a0har\u00e1\u00a0que la sensaci\u00f3n de fr\u00edo sea mucho mayor. <\/span><\/strong><\/p>\n<p><strong>Cuidado por las carreteras ma\u00f1ana martes, ir con precauci\u00f3n, tanto por el viento como si nieva. Mi compa\u00f1ero Jose Gonzalez Marquez, me comentaba que el\u00a0s\u00e1bado\u00a0lo paso fatal por la carretera debido a las fuertes rachas de viento. Os paso una foto que tomo cuando iba de copiloto llegando a\u00a0M\u00e1laga.<\/strong><\/p>\n<p><a href=\"https:\/\/blogs.diariosur.es\/tormentas-y-rayos\/2013\/01\/21\/la-nieve-el-frio-el-viento-y-la-lluvia-protagonistas-en-andalucia-alerta-amarilla-por-nieve-en-jaen-granada-y-almeria-roja-en-galicia-por-olas\/711067_4682139925928_149667873_n\/\" rel=\"attachment wp-att-4720\"><img loading=\"lazy\" class=\"aligncenter size-full wp-image-4720\" title=\"711067_4682139925928_149667873_n\" src=\"\/tormentas-y-rayos\/wp-content\/uploads\/sites\/12\/2013\/01\/711067_4682139925928_149667873_n.jpg\" alt=\"\" width=\"680\" height=\"510\" srcset=\"https:\/\/static-blogs.diariosur.es\/wp-content\/uploads\/sites\/12\/2013\/01\/711067_4682139925928_149667873_n.jpg 680w, https:\/\/static-blogs.diariosur.es\/wp-content\/uploads\/sites\/12\/2013\/01\/711067_4682139925928_149667873_n-533x400.jpg 533w\" sizes=\"(max-width: 680px) 100vw, 680px\" \/><\/a><\/p>\n<p><strong>Poco mas que contar amigos, un fuerte abrazo a todos.<\/strong><\/p>\n","protected":false},"excerpt":{"rendered":"<p>Buenos d\u00edas amigos de la meteo. Son las siete de la ma\u00f1ana, registro 12 grados y de nuevo el viento de terral de invierno toma protagonismo. A eso de las tres de la ma\u00f1ana, una vez pasado el frente que nos ha afectado, ha vuelto con fuerza y las rachas han llegado a los 44 [&hellip;]<\/p>\n","protected":false},"author":16,"featured_media":4728,"comment_status":"open","ping_status":"closed","sticky":false,"template":"","format":"standard","meta":[],"categories":[2],"tags":[63,91,433,701,871,1059],"_links":{"self":[{"href":"https:\/\/blogs.diariosur.es\/tormentas-y-rayos\/wp-json\/wp\/v2\/posts\/4707"}],"collection":[{"href":"https:\/\/blogs.diariosur.es\/tormentas-y-rayos\/wp-json\/wp\/v2\/posts"}],"about":[{"href":"https:\/\/blogs.diariosur.es\/tormentas-y-rayos\/wp-json\/wp\/v2\/types\/post"}],"author":[{"embeddable":true,"href":"https:\/\/blogs.diariosur.es\/tormentas-y-rayos\/wp-json\/wp\/v2\/users\/16"}],"replies":[{"embeddable":true,"href":"https:\/\/blogs.diariosur.es\/tormentas-y-rayos\/wp-json\/wp\/v2\/comments?post=4707"}],"version-history":[{"count":0,"href":"https:\/\/blogs.diariosur.es\/tormentas-y-rayos\/wp-json\/wp\/v2\/posts\/4707\/revisions"}],"wp:featuredmedia":[{"embeddable":true,"href":"https:\/\/blogs.diariosur.es\/tormentas-y-rayos\/wp-json\/wp\/v2\/media\/4728"}],"wp:attachment":[{"href":"https:\/\/blogs.diariosur.es\/tormentas-y-rayos\/wp-json\/wp\/v2\/media?parent=4707"}],"wp:term":[{"taxonomy":"category","embeddable":true,"href":"https:\/\/blogs.diariosur.es\/tormentas-y-rayos\/wp-json\/wp\/v2\/categories?post=4707"},{"taxonomy":"post_tag","embeddable":true,"href":"https:\/\/blogs.diariosur.es\/tormentas-y-rayos\/wp-json\/wp\/v2\/tags?post=4707"}],"curies":[{"name":"wp","href":"https:\/\/api.w.org\/{rel}","templated":true}]}}