{"id":47081,"date":"2025-11-01T08:02:26","date_gmt":"2025-11-01T07:02:26","guid":{"rendered":"https:\/\/blogs.diariosur.es\/tormentas-y-rayos\/?p=47081"},"modified":"2025-11-01T08:02:26","modified_gmt":"2025-11-01T07:02:26","slug":"tal-dia-como-hoy-del-ano-2015-tuvimos-un-fuerte-temporal-de-levante-con-olas-de-6-6-metros-2","status":"publish","type":"post","link":"https:\/\/blogs.diariosur.es\/tormentas-y-rayos\/2025\/11\/01\/tal-dia-como-hoy-del-ano-2015-tuvimos-un-fuerte-temporal-de-levante-con-olas-de-6-6-metros-2\/","title":{"rendered":"Tal d\u00eda como hoy del a\u00f1o 2015 tuvimos un fuerte temporal de levante, con olas de 6.6 metros."},"content":{"rendered":"<p data-pm-slice=\"1 1 []\"><a href=\"https:\/\/static-blogs.diariosur.es\/wp-content\/uploads\/sites\/12\/2025\/10\/444912498_10228884468795449_97962860407814916_n.jpg\"><img loading=\"lazy\" class=\"aligncenter size-thumbnail wp-image-46969\" src=\"https:\/\/static-blogs.diariosur.es\/wp-content\/uploads\/sites\/12\/2025\/10\/444912498_10228884468795449_97962860407814916_n-150x150.jpg\" alt=\"\" width=\"150\" height=\"150\" \/><\/a><\/p>\n<p data-pm-slice=\"1 1 []\">Buenos d\u00edas, amigos de la meteo. Cuando son las siete y media de la ma\u00f1ana en M\u00e1laga capital, la estaci\u00f3n de la Aemet del aeropuerto repite la m\u00ednima de ayer con 13,9 \u00baC, los cielos est\u00e1n poco nubosos y el viento sopla flojo de direcci\u00f3n variable. La temperatura del agua del mar est\u00e1 a 18,5 \u00baC.<\/p>\n<p>Como la meteo est\u00e1 muy aburrida, os rescato este post del a\u00f1o 2015.<\/p>\n<p data-pm-slice=\"1 1 []\">El d\u00eda 1 de noviembre de 2015, que cay\u00f3 en domingo, toda la costa malague\u00f1a sufri\u00f3 muchos da\u00f1os por el temporal de levante que tuvimos. En el mar de Albor\u00e1n se dieron rachas de m\u00e1s de 90 km\/h, en el aeropuerto de M\u00e1laga 63 km\/h; la boya del puerto midi\u00f3 una altura de ola m\u00e1xima de 6.6 metros. La lluvia recogida fue de 26 litros.<\/p>\n<p>&nbsp;<\/p>\n<p>&nbsp;<\/p>\n<p><a href=\"https:\/\/static-blogs.diariosur.es\/wp-content\/uploads\/sites\/12\/2022\/11\/123287043_10221101054374953_2362065380820223263_n-1-e1667295289607.jpg\"><img loading=\"lazy\" class=\"aligncenter size-full wp-image-34913\" src=\"https:\/\/static-blogs.diariosur.es\/wp-content\/uploads\/sites\/12\/2022\/11\/123287043_10221101054374953_2362065380820223263_n-1-e1667295289607.jpg\" alt=\"\" width=\"1200\" height=\"801\" \/><\/a><\/p>\n<p>&nbsp;<\/p>\n<p>Os paso el mapa a 500 hpa de ese d\u00eda. Una dana en el golfo de C\u00e1diz y un potente anticicl\u00f3n en Europa trajo esos vientos tan fuertes.<\/p>\n<p>&nbsp;<\/p>\n<p><a href=\"https:\/\/static-blogs.diariosur.es\/wp-content\/uploads\/sites\/12\/2022\/11\/archives-2015-11-1-12-0.png\"><img loading=\"lazy\" class=\"aligncenter size-full wp-image-34904\" src=\"https:\/\/static-blogs.diariosur.es\/wp-content\/uploads\/sites\/12\/2022\/11\/archives-2015-11-1-12-0.png\" alt=\"\" width=\"768\" height=\"512\" srcset=\"https:\/\/static-blogs.diariosur.es\/wp-content\/uploads\/sites\/12\/2022\/11\/archives-2015-11-1-12-0.png 768w, https:\/\/static-blogs.diariosur.es\/wp-content\/uploads\/sites\/12\/2022\/11\/archives-2015-11-1-12-0-600x400.png 600w\" sizes=\"(max-width: 768px) 100vw, 768px\" \/><\/a><\/p>\n<p>Os paso algunas fotos ese d\u00eda.<\/p>\n<p>&nbsp;<\/p>\n<p><a href=\"https:\/\/static-blogs.diariosur.es\/wp-content\/uploads\/sites\/12\/2022\/11\/123176483_10221100824129197_6137825031396146720_n-e1667287167646.jpg\"><img loading=\"lazy\" class=\"aligncenter size-full wp-image-34905\" src=\"https:\/\/static-blogs.diariosur.es\/wp-content\/uploads\/sites\/12\/2022\/11\/123176483_10221100824129197_6137825031396146720_n-e1667287167646.jpg\" alt=\"\" width=\"1200\" height=\"800\" \/><\/a><\/p>\n<p>&nbsp;<\/p>\n<p><a href=\"https:\/\/static-blogs.diariosur.es\/wp-content\/uploads\/sites\/12\/2022\/11\/123304204_10221100825169223_5426835695380375839_n-e1667285694848.jpg\"><img loading=\"lazy\" class=\"aligncenter size-full wp-image-34899\" src=\"https:\/\/static-blogs.diariosur.es\/wp-content\/uploads\/sites\/12\/2022\/11\/123304204_10221100825169223_5426835695380375839_n-e1667285694848.jpg\" alt=\"\" width=\"1200\" height=\"800\" \/><\/a><\/p>\n<p>&nbsp;<\/p>\n<p><a href=\"https:\/\/static-blogs.diariosur.es\/wp-content\/uploads\/sites\/12\/2022\/11\/123205707_10221100823769188_3199191070844423975_n-1-e1667287232855.jpg\"><img loading=\"lazy\" class=\"aligncenter size-full wp-image-34906\" src=\"https:\/\/static-blogs.diariosur.es\/wp-content\/uploads\/sites\/12\/2022\/11\/123205707_10221100823769188_3199191070844423975_n-1-e1667287232855.jpg\" alt=\"\" width=\"1200\" height=\"800\" \/><\/a><\/p>\n<p>&nbsp;<\/p>\n<p><a href=\"https:\/\/static-blogs.diariosur.es\/wp-content\/uploads\/sites\/12\/2022\/11\/123269922_10221100825849240_3367072852418519661_n-e1667287289380.jpg\"><img loading=\"lazy\" class=\"aligncenter size-full wp-image-34907\" src=\"https:\/\/static-blogs.diariosur.es\/wp-content\/uploads\/sites\/12\/2022\/11\/123269922_10221100825849240_3367072852418519661_n-e1667287289380.jpg\" alt=\"\" width=\"1200\" height=\"800\" \/><\/a><\/p>\n<p>&nbsp;<\/p>\n<p><a href=\"https:\/\/static-blogs.diariosur.es\/wp-content\/uploads\/sites\/12\/2022\/11\/123183045_10221100824209199_1060790239833236217_n-e1667287497109.jpg\"><img loading=\"lazy\" class=\"aligncenter size-full wp-image-34908\" src=\"https:\/\/static-blogs.diariosur.es\/wp-content\/uploads\/sites\/12\/2022\/11\/123183045_10221100824209199_1060790239833236217_n-e1667287497109.jpg\" alt=\"\" width=\"1200\" height=\"800\" \/><\/a><\/p>\n<p>&nbsp;<\/p>\n<p><a href=\"https:\/\/static-blogs.diariosur.es\/wp-content\/uploads\/sites\/12\/2022\/11\/22654924962_24f7df77bb_b.jpg\"><img loading=\"lazy\" class=\"aligncenter size-full wp-image-34911\" src=\"https:\/\/static-blogs.diariosur.es\/wp-content\/uploads\/sites\/12\/2022\/11\/22654924962_24f7df77bb_b.jpg\" alt=\"\" width=\"1023\" height=\"682\" srcset=\"https:\/\/static-blogs.diariosur.es\/wp-content\/uploads\/sites\/12\/2022\/11\/22654924962_24f7df77bb_b.jpg 1023w, https:\/\/static-blogs.diariosur.es\/wp-content\/uploads\/sites\/12\/2022\/11\/22654924962_24f7df77bb_b-600x400.jpg 600w, https:\/\/static-blogs.diariosur.es\/wp-content\/uploads\/sites\/12\/2022\/11\/22654924962_24f7df77bb_b-768x512.jpg 768w\" sizes=\"(max-width: 1023px) 100vw, 1023px\" \/><\/a><\/p>\n<p>&nbsp;<\/p>\n<p><a href=\"https:\/\/static-blogs.diariosur.es\/wp-content\/uploads\/sites\/12\/2022\/11\/22047313253_5f1186cb91_b.jpg\"><img loading=\"lazy\" class=\"aligncenter size-full wp-image-34912\" src=\"https:\/\/static-blogs.diariosur.es\/wp-content\/uploads\/sites\/12\/2022\/11\/22047313253_5f1186cb91_b.jpg\" alt=\"\" width=\"1024\" height=\"546\" srcset=\"https:\/\/static-blogs.diariosur.es\/wp-content\/uploads\/sites\/12\/2022\/11\/22047313253_5f1186cb91_b.jpg 1024w, https:\/\/static-blogs.diariosur.es\/wp-content\/uploads\/sites\/12\/2022\/11\/22047313253_5f1186cb91_b-640x341.jpg 640w, https:\/\/static-blogs.diariosur.es\/wp-content\/uploads\/sites\/12\/2022\/11\/22047313253_5f1186cb91_b-768x410.jpg 768w\" sizes=\"(max-width: 1024px) 100vw, 1024px\" \/><\/a><\/p>\n","protected":false},"excerpt":{"rendered":"<p>Buenos d\u00edas, amigos de la meteo. Cuando son las siete y media de la ma\u00f1ana en M\u00e1laga capital, la estaci\u00f3n de la Aemet del aeropuerto repite la m\u00ednima de ayer con 13,9 \u00baC, los cielos est\u00e1n poco nubosos y el viento sopla flojo de direcci\u00f3n variable. La temperatura del agua del mar est\u00e1 a 18,5 [&hellip;]<\/p>\n","protected":false},"author":16,"featured_media":47082,"comment_status":"open","ping_status":"open","sticky":false,"template":"","format":"standard","meta":[],"categories":[2],"tags":[553,587,736,966],"_links":{"self":[{"href":"https:\/\/blogs.diariosur.es\/tormentas-y-rayos\/wp-json\/wp\/v2\/posts\/47081"}],"collection":[{"href":"https:\/\/blogs.diariosur.es\/tormentas-y-rayos\/wp-json\/wp\/v2\/posts"}],"about":[{"href":"https:\/\/blogs.diariosur.es\/tormentas-y-rayos\/wp-json\/wp\/v2\/types\/post"}],"author":[{"embeddable":true,"href":"https:\/\/blogs.diariosur.es\/tormentas-y-rayos\/wp-json\/wp\/v2\/users\/16"}],"replies":[{"embeddable":true,"href":"https:\/\/blogs.diariosur.es\/tormentas-y-rayos\/wp-json\/wp\/v2\/comments?post=47081"}],"version-history":[{"count":1,"href":"https:\/\/blogs.diariosur.es\/tormentas-y-rayos\/wp-json\/wp\/v2\/posts\/47081\/revisions"}],"predecessor-version":[{"id":47083,"href":"https:\/\/blogs.diariosur.es\/tormentas-y-rayos\/wp-json\/wp\/v2\/posts\/47081\/revisions\/47083"}],"wp:featuredmedia":[{"embeddable":true,"href":"https:\/\/blogs.diariosur.es\/tormentas-y-rayos\/wp-json\/wp\/v2\/media\/47082"}],"wp:attachment":[{"href":"https:\/\/blogs.diariosur.es\/tormentas-y-rayos\/wp-json\/wp\/v2\/media?parent=47081"}],"wp:term":[{"taxonomy":"category","embeddable":true,"href":"https:\/\/blogs.diariosur.es\/tormentas-y-rayos\/wp-json\/wp\/v2\/categories?post=47081"},{"taxonomy":"post_tag","embeddable":true,"href":"https:\/\/blogs.diariosur.es\/tormentas-y-rayos\/wp-json\/wp\/v2\/tags?post=47081"}],"curies":[{"name":"wp","href":"https:\/\/api.w.org\/{rel}","templated":true}]}}