{"id":47091,"date":"2025-11-02T16:47:29","date_gmt":"2025-11-02T15:47:29","guid":{"rendered":"https:\/\/blogs.diariosur.es\/tormentas-y-rayos\/?p=47091"},"modified":"2025-11-02T16:47:52","modified_gmt":"2025-11-02T15:47:52","slug":"la-provincia-de-malaga-registra-hoy-domingo-las-temperaturas-maximas-mas-altas-de-la-peninsula-y-baleares","status":"publish","type":"post","link":"https:\/\/blogs.diariosur.es\/tormentas-y-rayos\/2025\/11\/02\/la-provincia-de-malaga-registra-hoy-domingo-las-temperaturas-maximas-mas-altas-de-la-peninsula-y-baleares\/","title":{"rendered":"La provincia de M\u00e1laga registra hoy domingo las temperaturas m\u00e1ximas m\u00e1s altas de la pen\u00ednsula y Baleares"},"content":{"rendered":"<p data-pm-slice=\"1 1 []\"><a href=\"https:\/\/static-blogs.diariosur.es\/wp-content\/uploads\/sites\/12\/2025\/10\/444912498_10228884468795449_97962860407814916_n.jpg\"><img loading=\"lazy\" class=\"aligncenter size-thumbnail wp-image-46969\" src=\"https:\/\/static-blogs.diariosur.es\/wp-content\/uploads\/sites\/12\/2025\/10\/444912498_10228884468795449_97962860407814916_n-150x150.jpg\" alt=\"\" width=\"150\" height=\"150\" \/><\/a><\/p>\n<p data-pm-slice=\"1 1 []\">Buenas noches, amigos de la meteo. La provincia malague\u00f1a ha registrado hoy domingo 2 de noviembre las temperaturas m\u00e1ximas altas de la pen\u00ednsula y Baleares. En las islas de Tenerife y Las Palmas han superado los 30 \u00b0C.<\/p>\n<p data-pm-slice=\"1 1 []\">Destacar tambi\u00e9n una racha de viento en el aeropuerto de M\u00e1laga de 52 km\/h.<\/p>\n<p>Aqu\u00ed pongo las temperaturas m\u00e1ximas que se han dado en la provincia malague\u00f1a, datos actualizados de los sinop<\/p>\n<p>Rinc\u00f3n de la Victoria 30,5 \u00baC<\/p>\n<p>V\u00e9lez M\u00e1laga 29,6 \u00baC<\/p>\n<p>Algarrobo 28,9 \u00baC<\/p>\n<p>Estepona\u00a0 27,9 \u00baC<\/p>\n<p>Nerja 26,8 \u00baC<\/p>\n<p>Torremolinos 26,1 \u00baC<\/p>\n<p>M\u00e1laga Centro Meteorol\u00f3gico 26,1 \u00baC<\/p>\n<p data-pm-slice=\"1 1 []\">Ma\u00f1ana lunes bajar\u00e1n las temperaturas m\u00e1ximas al entrar viento de levante a primeras horas de la ma\u00f1ana. El cambio de terral a levante vendr\u00e1 acompa\u00f1ado de rachas moderadas a fuertes.<\/p>\n<p data-pm-slice=\"1 1 []\"><strong>Ma\u00f1ana hablaremos de esas probables precipitaciones en algunas zonas de la provincia malague\u00f1a previstas para el mi\u00e9rcoles.<\/strong><\/p>\n<p>&nbsp;<\/p>\n","protected":false},"excerpt":{"rendered":"<p>Buenas noches, amigos de la meteo. La provincia malague\u00f1a ha registrado hoy domingo 2 de noviembre las temperaturas m\u00e1ximas altas de la pen\u00ednsula y Baleares. En las islas de Tenerife y Las Palmas han superado los 30 \u00b0C. Destacar tambi\u00e9n una racha de viento en el aeropuerto de M\u00e1laga de 52 km\/h. Aqu\u00ed pongo las [&hellip;]<\/p>\n","protected":false},"author":16,"featured_media":46894,"comment_status":"open","ping_status":"open","sticky":false,"template":"","format":"standard","meta":[],"categories":[2],"tags":[375,587,627,1250,975],"_links":{"self":[{"href":"https:\/\/blogs.diariosur.es\/tormentas-y-rayos\/wp-json\/wp\/v2\/posts\/47091"}],"collection":[{"href":"https:\/\/blogs.diariosur.es\/tormentas-y-rayos\/wp-json\/wp\/v2\/posts"}],"about":[{"href":"https:\/\/blogs.diariosur.es\/tormentas-y-rayos\/wp-json\/wp\/v2\/types\/post"}],"author":[{"embeddable":true,"href":"https:\/\/blogs.diariosur.es\/tormentas-y-rayos\/wp-json\/wp\/v2\/users\/16"}],"replies":[{"embeddable":true,"href":"https:\/\/blogs.diariosur.es\/tormentas-y-rayos\/wp-json\/wp\/v2\/comments?post=47091"}],"version-history":[{"count":10,"href":"https:\/\/blogs.diariosur.es\/tormentas-y-rayos\/wp-json\/wp\/v2\/posts\/47091\/revisions"}],"predecessor-version":[{"id":47101,"href":"https:\/\/blogs.diariosur.es\/tormentas-y-rayos\/wp-json\/wp\/v2\/posts\/47091\/revisions\/47101"}],"wp:featuredmedia":[{"embeddable":true,"href":"https:\/\/blogs.diariosur.es\/tormentas-y-rayos\/wp-json\/wp\/v2\/media\/46894"}],"wp:attachment":[{"href":"https:\/\/blogs.diariosur.es\/tormentas-y-rayos\/wp-json\/wp\/v2\/media?parent=47091"}],"wp:term":[{"taxonomy":"category","embeddable":true,"href":"https:\/\/blogs.diariosur.es\/tormentas-y-rayos\/wp-json\/wp\/v2\/categories?post=47091"},{"taxonomy":"post_tag","embeddable":true,"href":"https:\/\/blogs.diariosur.es\/tormentas-y-rayos\/wp-json\/wp\/v2\/tags?post=47091"}],"curies":[{"name":"wp","href":"https:\/\/api.w.org\/{rel}","templated":true}]}}