{"id":47102,"date":"2025-11-03T07:44:55","date_gmt":"2025-11-03T06:44:55","guid":{"rendered":"https:\/\/blogs.diariosur.es\/tormentas-y-rayos\/?p=47102"},"modified":"2025-11-04T15:37:10","modified_gmt":"2025-11-04T14:37:10","slug":"como-afectara-el-frente-del-miercoles-a-la-provincia-malaguena","status":"publish","type":"post","link":"https:\/\/blogs.diariosur.es\/tormentas-y-rayos\/2025\/11\/03\/como-afectara-el-frente-del-miercoles-a-la-provincia-malaguena\/","title":{"rendered":"\u00bfC\u00f3mo afectar\u00e1 el frente del mi\u00e9rcoles a la provincia malague\u00f1a?"},"content":{"rendered":"<p data-pm-slice=\"1 1 []\"><a href=\"https:\/\/static-blogs.diariosur.es\/wp-content\/uploads\/sites\/12\/2025\/10\/444912498_10228884468795449_97962860407814916_n.jpg\"><img loading=\"lazy\" class=\"aligncenter size-thumbnail wp-image-46969\" src=\"https:\/\/static-blogs.diariosur.es\/wp-content\/uploads\/sites\/12\/2025\/10\/444912498_10228884468795449_97962860407814916_n-150x150.jpg\" alt=\"\" width=\"150\" height=\"150\" \/><\/a><\/p>\n<p data-pm-slice=\"1 1 []\">Buenos d\u00edas, amigos de la meteo. Cuando son las siete de la ma\u00f1ana en M\u00e1laga capital, la estaci\u00f3n de la Aemet del aeropuerto registra 17\u00b0C, los cielos est\u00e1n poco nubosos y el viento sigue de terral de oto\u00f1o. Dentro de unas horas cambiar\u00e1 a levante; durante el cambio hay probabilidad de rachas moderadas.<\/p>\n<h3 data-pm-slice=\"1 1 []\"><span style=\"color: #0000ff;\"><strong>\u00bfC\u00f3mo afectar\u00e1 el frente del mi\u00e9rcoles a la provincia malague\u00f1a?<\/strong><\/span><\/h3>\n<p>Primeramente os pongo el mapa de superficie previsto para el mi\u00e9rcoles<\/p>\n<p>&nbsp;<\/p>\n<p><a href=\"https:\/\/static-blogs.diariosur.es\/wp-content\/uploads\/sites\/12\/2025\/11\/MAPA-DE-SUPERFICIE-e1762148973871.jpg\"><img loading=\"lazy\" class=\"aligncenter size-full wp-image-47107\" src=\"https:\/\/static-blogs.diariosur.es\/wp-content\/uploads\/sites\/12\/2025\/11\/MAPA-DE-SUPERFICIE-e1762148973871.jpg\" alt=\"\" width=\"1200\" height=\"866\" \/><\/a><\/p>\n<p data-pm-slice=\"1 1 []\">Si os fij\u00e1is, el frente llega a la zona m\u00e1s occidental de Andaluc\u00eda a primeras horas de la tarde; en la provincia de M\u00e1laga lo espero por la tarde noche. Las primeras precipitaciones llegar\u00e1n primero a la zona m\u00e1s occidental de la provincia y se ir\u00e1n trasladando de oeste a este.<\/p>\n<p data-pm-slice=\"1 1 []\">Con este tipo de situaci\u00f3n, la zona interior m\u00e1s occidental de la provincia ser\u00e1 donde llueva m\u00e1s; tampoco espero gran cosa. A M\u00e1laga capital llegara por la noche, con los modelos actualizados se espera poco.<\/p>\n<p data-pm-slice=\"1 1 []\">Ma\u00f1ana con los modelos en mesoescala veremos los probables acumulados y s\u00ed hay sorpresas.<\/p>\n","protected":false},"excerpt":{"rendered":"<p>Buenos d\u00edas, amigos de la meteo. Cuando son las siete de la ma\u00f1ana en M\u00e1laga capital, la estaci\u00f3n de la Aemet del aeropuerto registra 17\u00b0C, los cielos est\u00e1n poco nubosos y el viento sigue de terral de oto\u00f1o. Dentro de unas horas cambiar\u00e1 a levante; durante el cambio hay probabilidad de rachas moderadas. \u00bfC\u00f3mo afectar\u00e1 [&hellip;]<\/p>\n","protected":false},"author":16,"featured_media":47105,"comment_status":"open","ping_status":"open","sticky":false,"template":"","format":"standard","meta":[],"categories":[2],"tags":[100,151,358,426,587,800],"_links":{"self":[{"href":"https:\/\/blogs.diariosur.es\/tormentas-y-rayos\/wp-json\/wp\/v2\/posts\/47102"}],"collection":[{"href":"https:\/\/blogs.diariosur.es\/tormentas-y-rayos\/wp-json\/wp\/v2\/posts"}],"about":[{"href":"https:\/\/blogs.diariosur.es\/tormentas-y-rayos\/wp-json\/wp\/v2\/types\/post"}],"author":[{"embeddable":true,"href":"https:\/\/blogs.diariosur.es\/tormentas-y-rayos\/wp-json\/wp\/v2\/users\/16"}],"replies":[{"embeddable":true,"href":"https:\/\/blogs.diariosur.es\/tormentas-y-rayos\/wp-json\/wp\/v2\/comments?post=47102"}],"version-history":[{"count":5,"href":"https:\/\/blogs.diariosur.es\/tormentas-y-rayos\/wp-json\/wp\/v2\/posts\/47102\/revisions"}],"predecessor-version":[{"id":47131,"href":"https:\/\/blogs.diariosur.es\/tormentas-y-rayos\/wp-json\/wp\/v2\/posts\/47102\/revisions\/47131"}],"wp:featuredmedia":[{"embeddable":true,"href":"https:\/\/blogs.diariosur.es\/tormentas-y-rayos\/wp-json\/wp\/v2\/media\/47105"}],"wp:attachment":[{"href":"https:\/\/blogs.diariosur.es\/tormentas-y-rayos\/wp-json\/wp\/v2\/media?parent=47102"}],"wp:term":[{"taxonomy":"category","embeddable":true,"href":"https:\/\/blogs.diariosur.es\/tormentas-y-rayos\/wp-json\/wp\/v2\/categories?post=47102"},{"taxonomy":"post_tag","embeddable":true,"href":"https:\/\/blogs.diariosur.es\/tormentas-y-rayos\/wp-json\/wp\/v2\/tags?post=47102"}],"curies":[{"name":"wp","href":"https:\/\/api.w.org\/{rel}","templated":true}]}}