{"id":47109,"date":"2025-11-03T10:04:38","date_gmt":"2025-11-03T09:04:38","guid":{"rendered":"https:\/\/blogs.diariosur.es\/tormentas-y-rayos\/?p=47109"},"modified":"2025-11-05T03:57:56","modified_gmt":"2025-11-05T02:57:56","slug":"octubre-de-2025-ha-sido-en-malaga-capital-el-mas-calido-desde-que-se-tienen-registros","status":"publish","type":"post","link":"https:\/\/blogs.diariosur.es\/tormentas-y-rayos\/2025\/11\/03\/octubre-de-2025-ha-sido-en-malaga-capital-el-mas-calido-desde-que-se-tienen-registros\/","title":{"rendered":"Octubre de 2025 ha sido en M\u00e1laga capital el m\u00e1s c\u00e1lido desde que se tienen registros"},"content":{"rendered":"<p data-pm-slice=\"1 1 []\"><a href=\"https:\/\/static-blogs.diariosur.es\/wp-content\/uploads\/sites\/12\/2025\/10\/444912498_10228884468795449_97962860407814916_n.jpg\"><img loading=\"lazy\" class=\"aligncenter size-thumbnail wp-image-46969\" src=\"https:\/\/static-blogs.diariosur.es\/wp-content\/uploads\/sites\/12\/2025\/10\/444912498_10228884468795449_97962860407814916_n-150x150.jpg\" alt=\"\" width=\"150\" height=\"150\" \/><\/a><\/p>\n<p data-pm-slice=\"1 1 []\">Hola de nuevo, amigos de la meteo. La estaci\u00f3n de la Aemet del aeropuerto de M\u00e1laga ha batido los tres valores extremos absolutos de temperatura media, media de las m\u00e1ximas y media de las m\u00ednimas m\u00e1s altas desde el a\u00f1o 1942.<\/p>\n<p>Os pongo los valores anteriores y los nuevos. Destacar el de temperatura media de las m\u00ednimas m\u00e1s altas.<\/p>\n<p>En el a\u00f1o 1997, la temperatura media de las m\u00ednimas m\u00e1s altas fue de <span style=\"color: #0000ff;\"><strong>17,2 \u00baC<\/strong><\/span>; en octubre de 2025 ha sido de <span style=\"color: #ff0000;\"><strong>18,2 \u00baC.<\/strong><\/span><\/p>\n<p>En el a\u00f1o 2014, la temperatura media de las m\u00e1ximas fue de <span style=\"color: #0000ff;\"><strong>26,7 \u00baC<\/strong><\/span>; en octubre de 2025 ha sido de <strong><span style=\"color: #ff0000;\">27 \u00baC.<\/span><\/strong><\/p>\n<p>En el a\u00f1o 2013, la temperatura media fue de <span style=\"color: #0000ff;\"><strong>21,9 \u00baC;<\/strong><\/span> en octubre de 2025 ha sido de <span style=\"color: #ff0000;\"><strong>22,6 \u00baC.<\/strong><\/span><\/p>\n<h3><strong>Centro meteorol\u00f3gico\u00a0<\/strong><\/h3>\n<p>La estaci\u00f3n de la Aemet del Centro Meteorol\u00f3gico tambi\u00e9n ha batido la temperatura media m\u00e1s alta desde que se tienen registros con <span style=\"color: #ff0000;\"><strong>23,1\u00a0 \u00baC,<\/strong><\/span> el anterior estaba en <span style=\"color: #0000ff;\"><strong>22,4 \u00baC<\/strong>\u00a0<\/span><\/p>\n<p>Destacar tambi\u00e9n la media de las m\u00ednimas m\u00e1s altas con <span style=\"color: #ff0000;\"><strong>18,9 \u00baC,<\/strong><\/span> el anterior estaba en <span style=\"color: #0000ff;\"><strong>17,4<\/strong> <strong>\u00baC.\u00a0<\/strong><\/span><\/p>\n<p>El de temperatura media de las m\u00e1ximas altas se ha igualado con <span style=\"color: #ff0000;\"><strong>27,3 \u00baC.<\/strong><\/span><\/p>\n<p>En la provincia malague\u00f1a en conjunto, ha sido el tercero m\u00e1s c\u00e1lido desde que hay registros con 20,1 \u00b0C<\/p>\n<p>Os dejo con la gr\u00e1fica de temperatura media del mes de octubre desde 1974 en el aeropuerto.<\/p>\n<p>&nbsp;<\/p>\n<p><a href=\"https:\/\/static-blogs.diariosur.es\/wp-content\/uploads\/sites\/12\/2025\/11\/576289908_10235086966054004_2609593789684911546_n.jpg\"><img loading=\"lazy\" class=\"aligncenter size-full wp-image-47113\" src=\"https:\/\/static-blogs.diariosur.es\/wp-content\/uploads\/sites\/12\/2025\/11\/576289908_10235086966054004_2609593789684911546_n.jpg\" alt=\"\" width=\"1144\" height=\"652\" srcset=\"https:\/\/static-blogs.diariosur.es\/wp-content\/uploads\/sites\/12\/2025\/11\/576289908_10235086966054004_2609593789684911546_n.jpg 1144w, https:\/\/static-blogs.diariosur.es\/wp-content\/uploads\/sites\/12\/2025\/11\/576289908_10235086966054004_2609593789684911546_n-640x365.jpg 640w, https:\/\/static-blogs.diariosur.es\/wp-content\/uploads\/sites\/12\/2025\/11\/576289908_10235086966054004_2609593789684911546_n-716x408.jpg 716w, https:\/\/static-blogs.diariosur.es\/wp-content\/uploads\/sites\/12\/2025\/11\/576289908_10235086966054004_2609593789684911546_n-768x438.jpg 768w\" sizes=\"(max-width: 1144px) 100vw, 1144px\" \/><\/a><\/p>\n","protected":false},"excerpt":{"rendered":"<p>Hola de nuevo, amigos de la meteo. La estaci\u00f3n de la Aemet del aeropuerto de M\u00e1laga ha batido los tres valores extremos absolutos de temperatura media, media de las m\u00e1ximas y media de las m\u00ednimas m\u00e1s altas desde el a\u00f1o 1942. Os pongo los valores anteriores y los nuevos. Destacar el de temperatura media de [&hellip;]<\/p>\n","protected":false},"author":16,"featured_media":47110,"comment_status":"open","ping_status":"open","sticky":false,"template":"","format":"standard","meta":[],"categories":[2],"tags":[207,224,587,614,728],"_links":{"self":[{"href":"https:\/\/blogs.diariosur.es\/tormentas-y-rayos\/wp-json\/wp\/v2\/posts\/47109"}],"collection":[{"href":"https:\/\/blogs.diariosur.es\/tormentas-y-rayos\/wp-json\/wp\/v2\/posts"}],"about":[{"href":"https:\/\/blogs.diariosur.es\/tormentas-y-rayos\/wp-json\/wp\/v2\/types\/post"}],"author":[{"embeddable":true,"href":"https:\/\/blogs.diariosur.es\/tormentas-y-rayos\/wp-json\/wp\/v2\/users\/16"}],"replies":[{"embeddable":true,"href":"https:\/\/blogs.diariosur.es\/tormentas-y-rayos\/wp-json\/wp\/v2\/comments?post=47109"}],"version-history":[{"count":6,"href":"https:\/\/blogs.diariosur.es\/tormentas-y-rayos\/wp-json\/wp\/v2\/posts\/47109\/revisions"}],"predecessor-version":[{"id":47136,"href":"https:\/\/blogs.diariosur.es\/tormentas-y-rayos\/wp-json\/wp\/v2\/posts\/47109\/revisions\/47136"}],"wp:featuredmedia":[{"embeddable":true,"href":"https:\/\/blogs.diariosur.es\/tormentas-y-rayos\/wp-json\/wp\/v2\/media\/47110"}],"wp:attachment":[{"href":"https:\/\/blogs.diariosur.es\/tormentas-y-rayos\/wp-json\/wp\/v2\/media?parent=47109"}],"wp:term":[{"taxonomy":"category","embeddable":true,"href":"https:\/\/blogs.diariosur.es\/tormentas-y-rayos\/wp-json\/wp\/v2\/categories?post=47109"},{"taxonomy":"post_tag","embeddable":true,"href":"https:\/\/blogs.diariosur.es\/tormentas-y-rayos\/wp-json\/wp\/v2\/tags?post=47109"}],"curies":[{"name":"wp","href":"https:\/\/api.w.org\/{rel}","templated":true}]}}