{"id":47117,"date":"2025-11-04T11:36:12","date_gmt":"2025-11-04T10:36:12","guid":{"rendered":"https:\/\/blogs.diariosur.es\/tormentas-y-rayos\/?p=47117"},"modified":"2025-11-04T11:46:44","modified_gmt":"2025-11-04T10:46:44","slug":"aviso-amarillo-probabilidad-de-que-se-reactive-el-frente-de-manana-en-la-provincia-de-malaga","status":"publish","type":"post","link":"https:\/\/blogs.diariosur.es\/tormentas-y-rayos\/2025\/11\/04\/aviso-amarillo-probabilidad-de-que-se-reactive-el-frente-de-manana-en-la-provincia-de-malaga\/","title":{"rendered":"Aviso amarillo por lluvias y tormentas. Probabilidad de que se reactive el frente de ma\u00f1ana en la provincia de M\u00e1laga."},"content":{"rendered":"<p><a href=\"https:\/\/static-blogs.diariosur.es\/wp-content\/uploads\/sites\/12\/2025\/10\/444912498_10228884468795449_97962860407814916_n.jpg\"><img loading=\"lazy\" class=\"aligncenter size-thumbnail wp-image-46969\" src=\"https:\/\/static-blogs.diariosur.es\/wp-content\/uploads\/sites\/12\/2025\/10\/444912498_10228884468795449_97962860407814916_n-150x150.jpg\" alt=\"\" width=\"150\" height=\"150\" \/><\/a><\/p>\n<p data-pm-slice=\"1 1 []\">Buenos d\u00edas, amigos de la meteo. Solo comentaros que algunos modelos en mesoescala activan el frente de ma\u00f1ana por la noche en zonas de la provincia malague\u00f1a. El frente se espera por la tarde-noche en la zona m\u00e1s occidental de la provincia malague\u00f1a y en M\u00e1laga capital por la noche.<\/p>\n<p>La Aemet ha sacado estos mapas en su \u00faltima actualizaci\u00f3n. El primero de descargas el\u00e9ctricas.<\/p>\n<p>&nbsp;<\/p>\n<p><a href=\"https:\/\/static-blogs.diariosur.es\/wp-content\/uploads\/sites\/12\/2025\/11\/G45WpBgWgAAZrex.png\"><img loading=\"lazy\" class=\"aligncenter size-full wp-image-47118\" src=\"https:\/\/static-blogs.diariosur.es\/wp-content\/uploads\/sites\/12\/2025\/11\/G45WpBgWgAAZrex.png\" alt=\"\" width=\"768\" height=\"576\" srcset=\"https:\/\/static-blogs.diariosur.es\/wp-content\/uploads\/sites\/12\/2025\/11\/G45WpBgWgAAZrex.png 768w, https:\/\/static-blogs.diariosur.es\/wp-content\/uploads\/sites\/12\/2025\/11\/G45WpBgWgAAZrex-533x400.png 533w, https:\/\/static-blogs.diariosur.es\/wp-content\/uploads\/sites\/12\/2025\/11\/G45WpBgWgAAZrex-544x408.png 544w\" sizes=\"(max-width: 768px) 100vw, 768px\" \/><\/a><\/p>\n<p>&nbsp;<\/p>\n<p>&nbsp;<\/p>\n<p>Algunas diferencias entre las precipitaciones previstas para ma\u00f1ana mi\u00e9rcoles por IFS-CTRL y Harmonie-Arome, fuente Aemet.<\/p>\n<p>&nbsp;<\/p>\n<p><a href=\"https:\/\/static-blogs.diariosur.es\/wp-content\/uploads\/sites\/12\/2025\/11\/z-1.jpg\"><img loading=\"lazy\" class=\"aligncenter size-full wp-image-47119\" src=\"https:\/\/static-blogs.diariosur.es\/wp-content\/uploads\/sites\/12\/2025\/11\/z-1.jpg\" alt=\"\" width=\"1000\" height=\"707\" srcset=\"https:\/\/static-blogs.diariosur.es\/wp-content\/uploads\/sites\/12\/2025\/11\/z-1.jpg 1000w, https:\/\/static-blogs.diariosur.es\/wp-content\/uploads\/sites\/12\/2025\/11\/z-1-566x400.jpg 566w, https:\/\/static-blogs.diariosur.es\/wp-content\/uploads\/sites\/12\/2025\/11\/z-1-577x408.jpg 577w, https:\/\/static-blogs.diariosur.es\/wp-content\/uploads\/sites\/12\/2025\/11\/z-1-768x543.jpg 768w\" sizes=\"(max-width: 1000px) 100vw, 1000px\" \/><\/a><\/p>\n<p>&nbsp;<\/p>\n<p><a href=\"https:\/\/static-blogs.diariosur.es\/wp-content\/uploads\/sites\/12\/2025\/11\/z1.png\"><img loading=\"lazy\" class=\"aligncenter size-full wp-image-47120\" src=\"https:\/\/static-blogs.diariosur.es\/wp-content\/uploads\/sites\/12\/2025\/11\/z1.png\" alt=\"\" width=\"910\" height=\"650\" srcset=\"https:\/\/static-blogs.diariosur.es\/wp-content\/uploads\/sites\/12\/2025\/11\/z1.png 910w, https:\/\/static-blogs.diariosur.es\/wp-content\/uploads\/sites\/12\/2025\/11\/z1-560x400.png 560w, https:\/\/static-blogs.diariosur.es\/wp-content\/uploads\/sites\/12\/2025\/11\/z1-571x408.png 571w, https:\/\/static-blogs.diariosur.es\/wp-content\/uploads\/sites\/12\/2025\/11\/z1-768x549.png 768w\" sizes=\"(max-width: 910px) 100vw, 910px\" \/><\/a><\/p>\n<p>&nbsp;<\/p>\n<p>Avisos en M\u00e1laga. Precipitaci\u00f3n acumulada en una hora 25 mm, probabilidad de formaci\u00f3n de tornados.<\/p>\n<p>Avisos naranjas Huelva, C\u00e1diz y Sevilla, por acumulados en una hora de 30 mm.<\/p>\n<p>&nbsp;<\/p>\n<p>&nbsp;<\/p>\n<p><a href=\"https:\/\/static-blogs.diariosur.es\/wp-content\/uploads\/sites\/12\/2025\/11\/G452LtBWEAAud-.jpg\"><img loading=\"lazy\" class=\"aligncenter size-full wp-image-47125\" src=\"https:\/\/static-blogs.diariosur.es\/wp-content\/uploads\/sites\/12\/2025\/11\/G452LtBWEAAud-.jpg\" alt=\"\" width=\"993\" height=\"825\" srcset=\"https:\/\/static-blogs.diariosur.es\/wp-content\/uploads\/sites\/12\/2025\/11\/G452LtBWEAAud-.jpg 993w, https:\/\/static-blogs.diariosur.es\/wp-content\/uploads\/sites\/12\/2025\/11\/G452LtBWEAAud--481x400.jpg 481w, https:\/\/static-blogs.diariosur.es\/wp-content\/uploads\/sites\/12\/2025\/11\/G452LtBWEAAud--491x408.jpg 491w, https:\/\/static-blogs.diariosur.es\/wp-content\/uploads\/sites\/12\/2025\/11\/G452LtBWEAAud--768x638.jpg 768w\" sizes=\"(max-width: 993px) 100vw, 993px\" \/><\/a><\/p>\n","protected":false},"excerpt":{"rendered":"<p>Buenos d\u00edas, amigos de la meteo. Solo comentaros que algunos modelos en mesoescala activan el frente de ma\u00f1ana por la noche en zonas de la provincia malague\u00f1a. El frente se espera por la tarde-noche en la zona m\u00e1s occidental de la provincia malague\u00f1a y en M\u00e1laga capital por la noche. La Aemet ha sacado estos [&hellip;]<\/p>\n","protected":false},"author":16,"featured_media":47121,"comment_status":"open","ping_status":"open","sticky":false,"template":"","format":"standard","meta":[],"categories":[2],"tags":[94,151,569,587,996,1007],"_links":{"self":[{"href":"https:\/\/blogs.diariosur.es\/tormentas-y-rayos\/wp-json\/wp\/v2\/posts\/47117"}],"collection":[{"href":"https:\/\/blogs.diariosur.es\/tormentas-y-rayos\/wp-json\/wp\/v2\/posts"}],"about":[{"href":"https:\/\/blogs.diariosur.es\/tormentas-y-rayos\/wp-json\/wp\/v2\/types\/post"}],"author":[{"embeddable":true,"href":"https:\/\/blogs.diariosur.es\/tormentas-y-rayos\/wp-json\/wp\/v2\/users\/16"}],"replies":[{"embeddable":true,"href":"https:\/\/blogs.diariosur.es\/tormentas-y-rayos\/wp-json\/wp\/v2\/comments?post=47117"}],"version-history":[{"count":8,"href":"https:\/\/blogs.diariosur.es\/tormentas-y-rayos\/wp-json\/wp\/v2\/posts\/47117\/revisions"}],"predecessor-version":[{"id":47130,"href":"https:\/\/blogs.diariosur.es\/tormentas-y-rayos\/wp-json\/wp\/v2\/posts\/47117\/revisions\/47130"}],"wp:featuredmedia":[{"embeddable":true,"href":"https:\/\/blogs.diariosur.es\/tormentas-y-rayos\/wp-json\/wp\/v2\/media\/47121"}],"wp:attachment":[{"href":"https:\/\/blogs.diariosur.es\/tormentas-y-rayos\/wp-json\/wp\/v2\/media?parent=47117"}],"wp:term":[{"taxonomy":"category","embeddable":true,"href":"https:\/\/blogs.diariosur.es\/tormentas-y-rayos\/wp-json\/wp\/v2\/categories?post=47117"},{"taxonomy":"post_tag","embeddable":true,"href":"https:\/\/blogs.diariosur.es\/tormentas-y-rayos\/wp-json\/wp\/v2\/tags?post=47117"}],"curies":[{"name":"wp","href":"https:\/\/api.w.org\/{rel}","templated":true}]}}