{"id":47137,"date":"2025-11-05T08:48:42","date_gmt":"2025-11-05T07:48:42","guid":{"rendered":"https:\/\/blogs.diariosur.es\/tormentas-y-rayos\/?p=47137"},"modified":"2025-11-05T10:30:50","modified_gmt":"2025-11-05T09:30:50","slug":"ultima-hora-del-frente-que-afectara-esta-noche-a-la-provincia-de-malaga","status":"publish","type":"post","link":"https:\/\/blogs.diariosur.es\/tormentas-y-rayos\/2025\/11\/05\/ultima-hora-del-frente-que-afectara-esta-noche-a-la-provincia-de-malaga\/","title":{"rendered":"\u00daltima hora del frente que afectar\u00e1 esta noche a la provincia de M\u00e1laga"},"content":{"rendered":"<p><a href=\"https:\/\/static-blogs.diariosur.es\/wp-content\/uploads\/sites\/12\/2025\/10\/444912498_10228884468795449_97962860407814916_n.jpg\"><img loading=\"lazy\" class=\"aligncenter size-thumbnail wp-image-46969\" src=\"https:\/\/static-blogs.diariosur.es\/wp-content\/uploads\/sites\/12\/2025\/10\/444912498_10228884468795449_97962860407814916_n-150x150.jpg\" alt=\"\" width=\"150\" height=\"150\" \/><\/a><\/p>\n<p>Buenos d\u00edas, amigos de la meteo. La temperatura m\u00ednima se ha registrado en la estaci\u00f3n de la Aemet del aeropuerto con 17,3 \u00baC, los cielos est\u00e1n nubosos y el viento sopla flojo de direcci\u00f3n variable.<\/p>\n<h3><span style=\"color: #0000ff;\"><strong>\u00daltima hora del frente que afectar\u00e1 esta noche a la provincia de M\u00e1laga.<\/strong><\/span><\/h3>\n<p data-pm-slice=\"1 1 []\">Primero, aclararos por qu\u00e9 se reactiva la cola del frente al llegar a la zona occidental de Andaluc\u00eda, muy f\u00e1cil de entender: el frente fr\u00edo recibe aire c\u00e1lido y h\u00famedo de procedencia subtropical. Adem\u00e1s, viene acompa\u00f1ado de una vaguada, que lo m\u00e1s seguro es que se cierre y forme una dana en el Mediterr\u00e1neo entre el jueves y viernes. Esto \u00faltimo no nos afectar\u00e1.<\/p>\n<p data-pm-slice=\"1 1 []\">El frente pasar\u00e1 muy r\u00e1pido y, a tan pocas horas, no est\u00e1 claro qu\u00e9 zonas de los avisos naranjas en la provincia malague\u00f1a recoger\u00e1n m\u00e1s litros. Daos cuenta de que viene acompa\u00f1ado de tormentas; comento esto por si en alg\u00fan portal no cae lo previsto.<\/p>\n<p data-pm-slice=\"1 1 []\"><strong>Sigue habiendo mucha incertidumbre con modelos, incluso el modelo europeo que ayer por la ma\u00f1ana s\u00ed daba, hoy ha rebajado. Ya veremos en pr\u00f3ximas actuaciones los avisos<\/strong><\/p>\n<p data-pm-slice=\"1 1 []\">\n<p data-pm-slice=\"1 1 []\">Donde m\u00e1s coinciden a estas horas los modelos es por la provincia de C\u00e1diz y el Estrecho. En estas zonas s\u00ed pueden tener fuertes tormentas.<\/p>\n<p data-pm-slice=\"1 1 []\">Os paso estos modelos de la Aemet actualizados.<\/p>\n<h3 data-pm-slice=\"1 1 []\"><span style=\"color: #ff0000;\"><strong>Comparativa entre la precipitaci\u00f3n prevista para hoy por los modelos IFS-CTRL Y Harmonie-Arome<\/strong><\/span><\/h3>\n<p>&nbsp;<\/p>\n<p><a href=\"https:\/\/static-blogs.diariosur.es\/wp-content\/uploads\/sites\/12\/2025\/11\/miercoles.jpg\"><img loading=\"lazy\" class=\"aligncenter size-full wp-image-47141\" src=\"https:\/\/static-blogs.diariosur.es\/wp-content\/uploads\/sites\/12\/2025\/11\/miercoles.jpg\" alt=\"\" width=\"1000\" height=\"707\" srcset=\"https:\/\/static-blogs.diariosur.es\/wp-content\/uploads\/sites\/12\/2025\/11\/miercoles.jpg 1000w, https:\/\/static-blogs.diariosur.es\/wp-content\/uploads\/sites\/12\/2025\/11\/miercoles-566x400.jpg 566w, https:\/\/static-blogs.diariosur.es\/wp-content\/uploads\/sites\/12\/2025\/11\/miercoles-577x408.jpg 577w, https:\/\/static-blogs.diariosur.es\/wp-content\/uploads\/sites\/12\/2025\/11\/miercoles-768x543.jpg 768w\" sizes=\"(max-width: 1000px) 100vw, 1000px\" \/><\/a><\/p>\n<p>&nbsp;<\/p>\n<p><a href=\"https:\/\/static-blogs.diariosur.es\/wp-content\/uploads\/sites\/12\/2025\/11\/miercoles-1.png\"><img loading=\"lazy\" class=\"aligncenter size-full wp-image-47142\" src=\"https:\/\/static-blogs.diariosur.es\/wp-content\/uploads\/sites\/12\/2025\/11\/miercoles-1.png\" alt=\"\" width=\"910\" height=\"650\" srcset=\"https:\/\/static-blogs.diariosur.es\/wp-content\/uploads\/sites\/12\/2025\/11\/miercoles-1.png 910w, https:\/\/static-blogs.diariosur.es\/wp-content\/uploads\/sites\/12\/2025\/11\/miercoles-1-560x400.png 560w, https:\/\/static-blogs.diariosur.es\/wp-content\/uploads\/sites\/12\/2025\/11\/miercoles-1-571x408.png 571w, https:\/\/static-blogs.diariosur.es\/wp-content\/uploads\/sites\/12\/2025\/11\/miercoles-1-768x549.png 768w\" sizes=\"(max-width: 910px) 100vw, 910px\" \/><\/a><\/p>\n<h3><strong>Descargas el\u00e9ctricas<\/strong><\/h3>\n<p><a href=\"https:\/\/static-blogs.diariosur.es\/wp-content\/uploads\/sites\/12\/2025\/11\/miercoles-3.png\"><img loading=\"lazy\" class=\"aligncenter size-full wp-image-47143\" src=\"https:\/\/static-blogs.diariosur.es\/wp-content\/uploads\/sites\/12\/2025\/11\/miercoles-3.png\" alt=\"\" width=\"768\" height=\"576\" srcset=\"https:\/\/static-blogs.diariosur.es\/wp-content\/uploads\/sites\/12\/2025\/11\/miercoles-3.png 768w, https:\/\/static-blogs.diariosur.es\/wp-content\/uploads\/sites\/12\/2025\/11\/miercoles-3-533x400.png 533w, https:\/\/static-blogs.diariosur.es\/wp-content\/uploads\/sites\/12\/2025\/11\/miercoles-3-544x408.png 544w\" sizes=\"(max-width: 768px) 100vw, 768px\" \/><\/a><\/p>\n<p>&nbsp;<\/p>\n<p data-pm-slice=\"1 1 []\">Ma\u00f1ana veremos los acumulados m\u00e1s importantes que se hayan registrado en nuestra provincia.<\/p>\n<p>&nbsp;<\/p>\n<p>&nbsp;<\/p>\n","protected":false},"excerpt":{"rendered":"<p>Buenos d\u00edas, amigos de la meteo. La temperatura m\u00ednima se ha registrado en la estaci\u00f3n de la Aemet del aeropuerto con 17,3 \u00baC, los cielos est\u00e1n nubosos y el viento sopla flojo de direcci\u00f3n variable. \u00daltima hora del frente que afectar\u00e1 esta noche a la provincia de M\u00e1laga. Primero, aclararos por qu\u00e9 se reactiva la [&hellip;]<\/p>\n","protected":false},"author":16,"featured_media":47144,"comment_status":"open","ping_status":"open","sticky":false,"template":"","format":"standard","meta":[],"categories":[2],"tags":[100,151,358,426,587,676,800],"_links":{"self":[{"href":"https:\/\/blogs.diariosur.es\/tormentas-y-rayos\/wp-json\/wp\/v2\/posts\/47137"}],"collection":[{"href":"https:\/\/blogs.diariosur.es\/tormentas-y-rayos\/wp-json\/wp\/v2\/posts"}],"about":[{"href":"https:\/\/blogs.diariosur.es\/tormentas-y-rayos\/wp-json\/wp\/v2\/types\/post"}],"author":[{"embeddable":true,"href":"https:\/\/blogs.diariosur.es\/tormentas-y-rayos\/wp-json\/wp\/v2\/users\/16"}],"replies":[{"embeddable":true,"href":"https:\/\/blogs.diariosur.es\/tormentas-y-rayos\/wp-json\/wp\/v2\/comments?post=47137"}],"version-history":[{"count":6,"href":"https:\/\/blogs.diariosur.es\/tormentas-y-rayos\/wp-json\/wp\/v2\/posts\/47137\/revisions"}],"predecessor-version":[{"id":47147,"href":"https:\/\/blogs.diariosur.es\/tormentas-y-rayos\/wp-json\/wp\/v2\/posts\/47137\/revisions\/47147"}],"wp:featuredmedia":[{"embeddable":true,"href":"https:\/\/blogs.diariosur.es\/tormentas-y-rayos\/wp-json\/wp\/v2\/media\/47144"}],"wp:attachment":[{"href":"https:\/\/blogs.diariosur.es\/tormentas-y-rayos\/wp-json\/wp\/v2\/media?parent=47137"}],"wp:term":[{"taxonomy":"category","embeddable":true,"href":"https:\/\/blogs.diariosur.es\/tormentas-y-rayos\/wp-json\/wp\/v2\/categories?post=47137"},{"taxonomy":"post_tag","embeddable":true,"href":"https:\/\/blogs.diariosur.es\/tormentas-y-rayos\/wp-json\/wp\/v2\/tags?post=47137"}],"curies":[{"name":"wp","href":"https:\/\/api.w.org\/{rel}","templated":true}]}}