{"id":47152,"date":"2025-11-06T07:46:20","date_gmt":"2025-11-06T06:46:20","guid":{"rendered":"https:\/\/blogs.diariosur.es\/tormentas-y-rayos\/?p=47152"},"modified":"2025-11-06T07:59:43","modified_gmt":"2025-11-06T06:59:43","slug":"acumulados-de-ayer-miercoles-en-la-provincia-malaguena","status":"publish","type":"post","link":"https:\/\/blogs.diariosur.es\/tormentas-y-rayos\/2025\/11\/06\/acumulados-de-ayer-miercoles-en-la-provincia-malaguena\/","title":{"rendered":"Acumulados de ayer mi\u00e9rcoles en la provincia malague\u00f1a"},"content":{"rendered":"<p><a href=\"https:\/\/static-blogs.diariosur.es\/wp-content\/uploads\/sites\/12\/2025\/10\/444912498_10228884468795449_97962860407814916_n.jpg\"><img loading=\"lazy\" class=\"aligncenter size-thumbnail wp-image-46969\" src=\"https:\/\/static-blogs.diariosur.es\/wp-content\/uploads\/sites\/12\/2025\/10\/444912498_10228884468795449_97962860407814916_n-150x150.jpg\" alt=\"\" width=\"150\" height=\"150\" \/><\/a><\/p>\n<p data-pm-slice=\"1 1 []\">Buenos d\u00edas, amigos de la meteo. Cuando son las siete de la ma\u00f1ana en M\u00e1laga capital, la estaci\u00f3n de la Aemet del aeropuerto registra 15,5 \u00b0C, el cielo est\u00e1 poco nuboso y el viento sopla de poniente y terral de oto\u00f1o de moderado a fuerte. La sensaci\u00f3n t\u00e9rmica de fr\u00edo es mayor debido al viento.<\/p>\n<h3 data-pm-slice=\"1 1 []\"><span style=\"color: #0000ff;\"><strong>Acumulados de ayer mi\u00e9rcoles en la provincia malague\u00f1a<\/strong><\/span><\/h3>\n<p data-pm-slice=\"1 1 []\">Al final, el frente no se reactiv\u00f3 tanto al llegar a Andaluc\u00eda; destacar Valsequillo en C\u00f3rdoba con 31,2 mm, El Bosque en C\u00e1diz con 25,6 mm, Las Cabezas de San Juan en Sevilla con 17 mm y Mor\u00f3n de la Frontera con 16 mm. Todas estas precipitaciones se debieron a tormentas; en pocos kil\u00f3metros solo ca\u00edan 2 y 3 mm. Cuando entran masas de aire c\u00e1lidas y subtropicales, a los modelos se les atraganta.<\/p>\n<p data-pm-slice=\"1 1 []\">Os pongo el video que hice ayer por la noche en Avda. Ortega y Gasset. Mi estaci\u00f3n en poco tiempo acumul\u00f3 7 mm.<\/p>\n<p><iframe loading=\"lazy\" title=\"Chaparr\u00f3n en Ortega y Gasset hoy 5 de noviembre en M\u00e1laga capital \" width=\"500\" height=\"281\" src=\"https:\/\/www.youtube.com\/embed\/YJmscgzexGw?feature=oembed\" frameborder=\"0\" allow=\"accelerometer; autoplay; clipboard-write; encrypted-media; gyroscope; picture-in-picture; web-share\" referrerpolicy=\"strict-origin-when-cross-origin\" allowfullscreen><\/iframe><\/p>\n<p>Fuente: Aemet, Meteoclimatic, Wunderground y Red Hidrosur.<\/p>\n<p>Alpande\u00edre <strong>28,8 mm<\/strong><\/p>\n<p>Ronda Instituto <strong>16,4 mm<\/strong><\/p>\n<p>Manilva 4,6 mm<\/p>\n<p>M\u00e1laga aeropuerto\u00a07,7 mm<\/p>\n<p>Estepona 4,2 mm<\/p>\n<p>Banahav\u00eds\u00a03 mm<\/p>\n<p>Marbella 1,8 mm<\/p>\n<p>Torremolinos 6,6 mm<\/p>\n<p>El Colmenar las Buitreras <strong>23,2 mm<\/strong><\/p>\n<p>Sierra Mijas <strong>12,4 mm<\/strong><\/p>\n<p>Los Reales\u00a05,5 mm<\/p>\n<p>Algatoc\u00edn <strong>12 mm<\/strong><\/p>\n<p>Arriate <strong>12,5 mm<\/strong><\/p>\n<p>Macizo de L\u00edbar Benaoj\u00e1n <strong>12,6 mm<\/strong><\/p>\n<p>Jimera de L\u00edbar <strong>21,6 mm<\/strong><\/p>\n<p>Majada de las Lomas <strong>16,6 mm<\/strong><\/p>\n<p>R\u00edo Genal Jubrique <strong>11,6<\/strong><\/p>\n<p>R\u00edo Guadiaro Majaceite: <strong>15,9 mm<\/strong><\/p>\n<p>Cuevas del Becerro\u00a07,1 mm<\/p>\n<p>Pujerra 1,8 mm<\/p>\n<p>Ca\u00f1ete La Real <strong>12,2 mm<\/strong><\/p>\n<p>Embalse Conde del Guadalhorce 2,2 mm<\/p>\n<p>Azud de Paredones 2,1 mm<\/p>\n<p>Casarabonela 4,4 mm<\/p>\n<p>R\u00edo Tur\u00f3n Ardales 5,1 mm<\/p>\n<p>Sierra Mijas <strong>12,4 mm<\/strong><\/p>\n<p>Embalse Guadalmansa 6,6 mm<\/p>\n<p>Embalse Guadalmina 4,2 mm<\/p>\n<p>R\u00edo Grande 1,9 mm<\/p>\n<p>R\u00edo Benamargosa 1,3 mm<\/p>\n<p>Yunquera 9,6 mm<\/p>\n<p>El Torcal 3,7 mm<\/p>\n<p>Alhaur\u00edn de la Torre 6 mm<\/p>\n<p>Mijas Pueblo 9,8 mm<\/p>\n<p>Ist\u00e1n 5,2 mm<\/p>\n<p>Alameda 3 mm<\/p>\n<p>Laguna Fuente 2,6 mm<\/p>\n<p>\u00c1lora CEIP 6,7 mm<\/p>\n<p>Mijas Pueblo 9,8 mm<\/p>\n<p>Nerja Las Palmeras 1,1 mm<\/p>\n<p>Villanueva del Trabuco 1,3 mm<\/p>\n<p>Campillos 9,1 mm<\/p>\n<p>&nbsp;<\/p>\n<p>&nbsp;<\/p>\n<p>&nbsp;<\/p>\n<p>&nbsp;<\/p>\n","protected":false},"excerpt":{"rendered":"<p>Buenos d\u00edas, amigos de la meteo. Cuando son las siete de la ma\u00f1ana en M\u00e1laga capital, la estaci\u00f3n de la Aemet del aeropuerto registra 15,5 \u00b0C, el cielo est\u00e1 poco nuboso y el viento sopla de poniente y terral de oto\u00f1o de moderado a fuerte. La sensaci\u00f3n t\u00e9rmica de fr\u00edo es mayor debido al viento. [&hellip;]<\/p>\n","protected":false},"author":16,"featured_media":47158,"comment_status":"open","ping_status":"open","sticky":false,"template":"","format":"standard","meta":[],"categories":[2],"tags":[45,587,650],"_links":{"self":[{"href":"https:\/\/blogs.diariosur.es\/tormentas-y-rayos\/wp-json\/wp\/v2\/posts\/47152"}],"collection":[{"href":"https:\/\/blogs.diariosur.es\/tormentas-y-rayos\/wp-json\/wp\/v2\/posts"}],"about":[{"href":"https:\/\/blogs.diariosur.es\/tormentas-y-rayos\/wp-json\/wp\/v2\/types\/post"}],"author":[{"embeddable":true,"href":"https:\/\/blogs.diariosur.es\/tormentas-y-rayos\/wp-json\/wp\/v2\/users\/16"}],"replies":[{"embeddable":true,"href":"https:\/\/blogs.diariosur.es\/tormentas-y-rayos\/wp-json\/wp\/v2\/comments?post=47152"}],"version-history":[{"count":10,"href":"https:\/\/blogs.diariosur.es\/tormentas-y-rayos\/wp-json\/wp\/v2\/posts\/47152\/revisions"}],"predecessor-version":[{"id":47163,"href":"https:\/\/blogs.diariosur.es\/tormentas-y-rayos\/wp-json\/wp\/v2\/posts\/47152\/revisions\/47163"}],"wp:featuredmedia":[{"embeddable":true,"href":"https:\/\/blogs.diariosur.es\/tormentas-y-rayos\/wp-json\/wp\/v2\/media\/47158"}],"wp:attachment":[{"href":"https:\/\/blogs.diariosur.es\/tormentas-y-rayos\/wp-json\/wp\/v2\/media?parent=47152"}],"wp:term":[{"taxonomy":"category","embeddable":true,"href":"https:\/\/blogs.diariosur.es\/tormentas-y-rayos\/wp-json\/wp\/v2\/categories?post=47152"},{"taxonomy":"post_tag","embeddable":true,"href":"https:\/\/blogs.diariosur.es\/tormentas-y-rayos\/wp-json\/wp\/v2\/tags?post=47152"}],"curies":[{"name":"wp","href":"https:\/\/api.w.org\/{rel}","templated":true}]}}