{"id":47165,"date":"2025-11-06T11:52:57","date_gmt":"2025-11-06T10:52:57","guid":{"rendered":"https:\/\/blogs.diariosur.es\/tormentas-y-rayos\/?p=47165"},"modified":"2025-11-06T11:52:57","modified_gmt":"2025-11-06T10:52:57","slug":"hasta-cuando-las-rachas-fuertes-de-poniente-y-terral-de-otono-en-la-costa-malaguena","status":"publish","type":"post","link":"https:\/\/blogs.diariosur.es\/tormentas-y-rayos\/2025\/11\/06\/hasta-cuando-las-rachas-fuertes-de-poniente-y-terral-de-otono-en-la-costa-malaguena\/","title":{"rendered":"\u00bfHasta cuando las rachas fuertes de poniente y terral de oto\u00f1o en la costa malague\u00f1a?"},"content":{"rendered":"<p data-pm-slice=\"1 1 []\"><a href=\"https:\/\/static-blogs.diariosur.es\/wp-content\/uploads\/sites\/12\/2025\/10\/444912498_10228884468795449_97962860407814916_n.jpg\"><img loading=\"lazy\" class=\"aligncenter size-thumbnail wp-image-46969\" src=\"https:\/\/static-blogs.diariosur.es\/wp-content\/uploads\/sites\/12\/2025\/10\/444912498_10228884468795449_97962860407814916_n-150x150.jpg\" alt=\"\" width=\"150\" height=\"150\" \/><\/a><\/p>\n<p data-pm-slice=\"1 1 []\">Hola de nuevo, amigos de la meteo. Las rachas de moderadas a fuertes seguir\u00e1n con nosotros hasta el s\u00e1bado; a primeras horas de la ma\u00f1ana del domingo, el viento ir\u00e1 amainando.<\/p>\n<p>El s\u00e1bado de madrugada se espera que un frente en frontoslisis cruce la provincia malague\u00f1a; solo dejar\u00e1 alguna precipitaci\u00f3n d\u00e9bil y espor\u00e1dica en el interior m\u00e1s occidental de la provincia; a primera hora de la ma\u00f1ana del s\u00e1bado baja la probabilidad en esa zona. Las rachas m\u00e1s fuertes de viento se registrar\u00e1n en la costa malague\u00f1a y zonas altas de la provincia una vez pase el frente.<\/p>\n<p>Las temperaturas m\u00ednimas estar\u00e1n dentro de la media en la mayor parte de la provincia; las m\u00e1ximas, un poco por encima, sobre todo en zonas donde el poniente entre de tierra.<\/p>\n<p>A vuestras preguntas sobre la probabilidad de lluvias para mediados de la semana que viene, lo iremos viendo a partir del lunes.<\/p>\n","protected":false},"excerpt":{"rendered":"<p>Hola de nuevo, amigos de la meteo. Las rachas de moderadas a fuertes seguir\u00e1n con nosotros hasta el s\u00e1bado; a primeras horas de la ma\u00f1ana del domingo, el viento ir\u00e1 amainando. El s\u00e1bado de madrugada se espera que un frente en frontoslisis cruce la provincia malague\u00f1a; solo dejar\u00e1 alguna precipitaci\u00f3n d\u00e9bil y espor\u00e1dica en el [&hellip;]<\/p>\n","protected":false},"author":16,"featured_media":47166,"comment_status":"open","ping_status":"open","sticky":false,"template":"","format":"standard","meta":[],"categories":[2],"tags":[100,358,587,800],"_links":{"self":[{"href":"https:\/\/blogs.diariosur.es\/tormentas-y-rayos\/wp-json\/wp\/v2\/posts\/47165"}],"collection":[{"href":"https:\/\/blogs.diariosur.es\/tormentas-y-rayos\/wp-json\/wp\/v2\/posts"}],"about":[{"href":"https:\/\/blogs.diariosur.es\/tormentas-y-rayos\/wp-json\/wp\/v2\/types\/post"}],"author":[{"embeddable":true,"href":"https:\/\/blogs.diariosur.es\/tormentas-y-rayos\/wp-json\/wp\/v2\/users\/16"}],"replies":[{"embeddable":true,"href":"https:\/\/blogs.diariosur.es\/tormentas-y-rayos\/wp-json\/wp\/v2\/comments?post=47165"}],"version-history":[{"count":1,"href":"https:\/\/blogs.diariosur.es\/tormentas-y-rayos\/wp-json\/wp\/v2\/posts\/47165\/revisions"}],"predecessor-version":[{"id":47167,"href":"https:\/\/blogs.diariosur.es\/tormentas-y-rayos\/wp-json\/wp\/v2\/posts\/47165\/revisions\/47167"}],"wp:featuredmedia":[{"embeddable":true,"href":"https:\/\/blogs.diariosur.es\/tormentas-y-rayos\/wp-json\/wp\/v2\/media\/47166"}],"wp:attachment":[{"href":"https:\/\/blogs.diariosur.es\/tormentas-y-rayos\/wp-json\/wp\/v2\/media?parent=47165"}],"wp:term":[{"taxonomy":"category","embeddable":true,"href":"https:\/\/blogs.diariosur.es\/tormentas-y-rayos\/wp-json\/wp\/v2\/categories?post=47165"},{"taxonomy":"post_tag","embeddable":true,"href":"https:\/\/blogs.diariosur.es\/tormentas-y-rayos\/wp-json\/wp\/v2\/tags?post=47165"}],"curies":[{"name":"wp","href":"https:\/\/api.w.org\/{rel}","templated":true}]}}