{"id":47168,"date":"2025-11-07T08:30:16","date_gmt":"2025-11-07T07:30:16","guid":{"rendered":"https:\/\/blogs.diariosur.es\/tormentas-y-rayos\/?p=47168"},"modified":"2025-11-07T08:30:29","modified_gmt":"2025-11-07T07:30:29","slug":"malaga-capital-y-su-provincia-registra-la-noche-mas-fresca-desde-que-comenzo-el-otono","status":"publish","type":"post","link":"https:\/\/blogs.diariosur.es\/tormentas-y-rayos\/2025\/11\/07\/malaga-capital-y-su-provincia-registra-la-noche-mas-fresca-desde-que-comenzo-el-otono\/","title":{"rendered":"M\u00e1laga capital y su provincia registra la noche m\u00e1s fresca desde que comenz\u00f3 el oto\u00f1o"},"content":{"rendered":"<p data-pm-slice=\"1 1 []\"><a href=\"https:\/\/static-blogs.diariosur.es\/wp-content\/uploads\/sites\/12\/2025\/10\/444912498_10228884468795449_97962860407814916_n.jpg\"><img loading=\"lazy\" class=\"aligncenter size-thumbnail wp-image-46969\" src=\"https:\/\/static-blogs.diariosur.es\/wp-content\/uploads\/sites\/12\/2025\/10\/444912498_10228884468795449_97962860407814916_n-150x150.jpg\" alt=\"\" width=\"150\" height=\"150\" \/><\/a><\/p>\n<p data-pm-slice=\"1 1 []\">Buenos d\u00edas, amigos de la meteo. Hoy por fin me he cerrado la ventana y me he echado la s\u00e1bana; mi cuarto, que hace una semana estaba a 26 \u00baC, ayer por la noche marcaba 21,8 \u00baC. Cuando llegue a 18 \u00baC, me echar\u00e9 la colcha; en invierno, el interior de la casa puede llegar a los 15 \u00baC; apenas le da el sol. El cielo despejado y curiosamente el viento flojo han contribuido a que bajen las temperaturas m\u00ednimas. Al no tener apenas viento, la sensaci\u00f3n t\u00e9rmica es de menos fr\u00edo.<\/p>\n<p data-pm-slice=\"1 1 []\">En el resto de Andaluc\u00eda tambi\u00e9n ha sido la m\u00e1s fr\u00eda.<\/p>\n<p data-pm-slice=\"1 1 []\">Os paso algunas temperaturas m\u00ednimas que se han dado en la provincia malague\u00f1a.<\/p>\n<p data-pm-slice=\"1 1 []\">Fuentes Aemet, Meteoclimatic y Wunderground<\/p>\n<p data-pm-slice=\"1 1 []\">M\u00e1laga Aeropuerto 12,3 \u00baC<\/p>\n<p data-pm-slice=\"1 1 []\">Antequera 5,7 \u00baC<\/p>\n<p data-pm-slice=\"1 1 []\">Ronda 7,5 \u00baC<\/p>\n<p data-pm-slice=\"1 1 []\">Gauc\u00edn 7,8 \u00baC<\/p>\n<p data-pm-slice=\"1 1 []\">Alpandeire 9,1 \u00baC<\/p>\n<p data-pm-slice=\"1 1 []\">Cortes de la Frontera 8,7 \u00baC<\/p>\n<p data-pm-slice=\"1 1 []\">Benahav\u00eds 10,7 \u00baC<\/p>\n<p data-pm-slice=\"1 1 []\">Marbella 13,9 \u00baC<\/p>\n<p data-pm-slice=\"1 1 []\">Nerja 14,2 \u00baC<\/p>\n<p data-pm-slice=\"1 1 []\">\u00c1lora 11,9 \u00baC<\/p>\n<p data-pm-slice=\"1 1 []\">Algarrobo 11,8 \u00baC<\/p>\n<p data-pm-slice=\"1 1 []\">El Juanar 3,8 \u00baC<\/p>\n<p data-pm-slice=\"1 1 []\">Archidona Vega 2,6 \u00baC<\/p>\n<p data-pm-slice=\"1 1 []\">Alameda 6,4 \u00baC<\/p>\n<p data-pm-slice=\"1 1 []\">Campillos 7,3 \u00baC<\/p>\n<p data-pm-slice=\"1 1 []\">El Burgo 7,2 \u00baC<\/p>\n<p data-pm-slice=\"1 1 []\">Villanueva del Trabuco 4,6 \u00baC<\/p>\n<p data-pm-slice=\"1 1 []\">Villanueva del Rosario 4 \u00baC<\/p>\n<p data-pm-slice=\"1 1 []\">Villanueva de Algaidas 6,8 \u00baC<\/p>\n<p data-pm-slice=\"1 1 []\">Cuevas Bajas 5,8 \u00baC<\/p>\n<p data-pm-slice=\"1 1 []\">Casabermeja Arroyo Coche 6,9 \u00baC<\/p>\n<p data-pm-slice=\"1 1 []\">Villanueva de la Concepci\u00f3n 9,7 \u00baC<\/p>\n<p data-pm-slice=\"1 1 []\">Humilladeo 5,8 \u00baC<\/p>\n<p data-pm-slice=\"1 1 []\">Co\u00edn 10 \u00baC<\/p>\n<p data-pm-slice=\"1 1 []\">Jubrique 9,6 \u00baC<\/p>\n<p data-pm-slice=\"1 1 []\">Os dejo con estas fotos de archivo de tal d\u00eda como hoy de 2019<\/p>\n<p data-pm-slice=\"1 1 []\">\n<p data-pm-slice=\"1 1 []\"><a href=\"https:\/\/static-blogs.diariosur.es\/wp-content\/uploads\/sites\/12\/2025\/11\/74327375_10217911183590177_6991161461632401408_n-e1762500385440.jpg\"><img loading=\"lazy\" class=\"aligncenter size-full wp-image-47172\" src=\"https:\/\/static-blogs.diariosur.es\/wp-content\/uploads\/sites\/12\/2025\/11\/74327375_10217911183590177_6991161461632401408_n-e1762500385440.jpg\" alt=\"\" width=\"1100\" height=\"734\" \/><\/a><\/p>\n<p data-pm-slice=\"1 1 []\"><a href=\"https:\/\/static-blogs.diariosur.es\/wp-content\/uploads\/sites\/12\/2025\/11\/72371335_10217911184630203_4487408313629147136_n-e1762500468819.jpg\"><img loading=\"lazy\" class=\"aligncenter size-full wp-image-47173\" src=\"https:\/\/static-blogs.diariosur.es\/wp-content\/uploads\/sites\/12\/2025\/11\/72371335_10217911184630203_4487408313629147136_n-e1762500468819.jpg\" alt=\"\" width=\"1100\" height=\"734\" \/><\/a><\/p>\n","protected":false},"excerpt":{"rendered":"<p>Buenos d\u00edas, amigos de la meteo. Hoy por fin me he cerrado la ventana y me he echado la s\u00e1bana; mi cuarto, que hace una semana estaba a 26 \u00baC, ayer por la noche marcaba 21,8 \u00baC. Cuando llegue a 18 \u00baC, me echar\u00e9 la colcha; en invierno, el interior de la casa puede llegar [&hellip;]<\/p>\n","protected":false},"author":16,"featured_media":47172,"comment_status":"open","ping_status":"open","sticky":false,"template":"","format":"standard","meta":[],"categories":[2],"tags":[100,358,432,587,800],"_links":{"self":[{"href":"https:\/\/blogs.diariosur.es\/tormentas-y-rayos\/wp-json\/wp\/v2\/posts\/47168"}],"collection":[{"href":"https:\/\/blogs.diariosur.es\/tormentas-y-rayos\/wp-json\/wp\/v2\/posts"}],"about":[{"href":"https:\/\/blogs.diariosur.es\/tormentas-y-rayos\/wp-json\/wp\/v2\/types\/post"}],"author":[{"embeddable":true,"href":"https:\/\/blogs.diariosur.es\/tormentas-y-rayos\/wp-json\/wp\/v2\/users\/16"}],"replies":[{"embeddable":true,"href":"https:\/\/blogs.diariosur.es\/tormentas-y-rayos\/wp-json\/wp\/v2\/comments?post=47168"}],"version-history":[{"count":6,"href":"https:\/\/blogs.diariosur.es\/tormentas-y-rayos\/wp-json\/wp\/v2\/posts\/47168\/revisions"}],"predecessor-version":[{"id":47176,"href":"https:\/\/blogs.diariosur.es\/tormentas-y-rayos\/wp-json\/wp\/v2\/posts\/47168\/revisions\/47176"}],"wp:featuredmedia":[{"embeddable":true,"href":"https:\/\/blogs.diariosur.es\/tormentas-y-rayos\/wp-json\/wp\/v2\/media\/47172"}],"wp:attachment":[{"href":"https:\/\/blogs.diariosur.es\/tormentas-y-rayos\/wp-json\/wp\/v2\/media?parent=47168"}],"wp:term":[{"taxonomy":"category","embeddable":true,"href":"https:\/\/blogs.diariosur.es\/tormentas-y-rayos\/wp-json\/wp\/v2\/categories?post=47168"},{"taxonomy":"post_tag","embeddable":true,"href":"https:\/\/blogs.diariosur.es\/tormentas-y-rayos\/wp-json\/wp\/v2\/tags?post=47168"}],"curies":[{"name":"wp","href":"https:\/\/api.w.org\/{rel}","templated":true}]}}