{"id":47181,"date":"2025-11-14T07:27:25","date_gmt":"2025-11-14T06:27:25","guid":{"rendered":"https:\/\/blogs.diariosur.es\/tormentas-y-rayos\/?p=47181"},"modified":"2025-11-15T10:19:33","modified_gmt":"2025-11-15T09:19:33","slug":"14-de-noviembre-de-1989-en-malaga-videos-y-fotos-aviso-por-lluvias-y-tormentas-manana-sabado-en-la-provincia-de-malaga","status":"publish","type":"post","link":"https:\/\/blogs.diariosur.es\/tormentas-y-rayos\/2025\/11\/14\/14-de-noviembre-de-1989-en-malaga-videos-y-fotos-aviso-por-lluvias-y-tormentas-manana-sabado-en-la-provincia-de-malaga\/","title":{"rendered":"14 de noviembre de 1989 en M\u00e1laga, videos y fotos. Aviso por lluvias y tormentas ma\u00f1ana s\u00e1bado en la provincia de M\u00e1laga"},"content":{"rendered":"<p><a href=\"https:\/\/static-blogs.diariosur.es\/wp-content\/uploads\/sites\/12\/2023\/10\/243418660_10223324765526342_8448445083528661051_n.jpg\"><img loading=\"lazy\" class=\"aligncenter size-thumbnail wp-image-38644\" src=\"https:\/\/static-blogs.diariosur.es\/wp-content\/uploads\/sites\/12\/2023\/10\/243418660_10223324765526342_8448445083528661051_n-150x150.jpg\" alt=\"\" width=\"150\" height=\"150\" \/><\/a><\/p>\n<p data-pm-slice=\"1 1 []\">Buenos d\u00edas, amigos de la meteo. Aunque el lunes os pondr\u00e9 los acumulados que ha dejado la borrasca Claudia, os doy algunos datos desde ayer y hasta ahora a las seis de la ma\u00f1ana. En muchos puntos del interior occidental y su costa llevan acumulados entre los 25 mm y 40 mm; destaca Ronda con 44 mm, R\u00edo Grande 32,8 mm, El Juanar 70 mm, Embalse de la Concepci\u00f3n 25 mm. En la zona interior de la Axarqu\u00eda malague\u00f1a hay registros entre los 20 mm y 30 mm; destaca Colmenar con 34 mm. El lunes lo veremos todo.<\/p>\n<p data-pm-slice=\"1 1 []\">La Aemet activa el aviso amarillo por lluvias y tormentas ma\u00f1ana s\u00e1bado en Sol, Guadalhorce, comarca de Ronda y Axarqu\u00eda. <strong>El aviso comienza a las 00:00 y termina a las ocho de la ma\u00f1ana.<\/strong><\/p>\n<p data-pm-slice=\"1 1 []\">Precipitaci\u00f3n acumulada en una hora: 20 mm.<\/p>\n<p data-pm-slice=\"1 1 []\">Precipitaci\u00f3n acumulada en 12 horas: 60 mm.<\/p>\n<p data-pm-slice=\"1 1 []\"><a href=\"https:\/\/static-blogs.diariosur.es\/wp-content\/uploads\/sites\/12\/2025\/11\/z-2.jpg\"><img loading=\"lazy\" class=\"aligncenter size-full wp-image-47566\" src=\"https:\/\/static-blogs.diariosur.es\/wp-content\/uploads\/sites\/12\/2025\/11\/z-2.jpg\" alt=\"\" width=\"1037\" height=\"811\" srcset=\"https:\/\/static-blogs.diariosur.es\/wp-content\/uploads\/sites\/12\/2025\/11\/z-2.jpg 1037w, https:\/\/static-blogs.diariosur.es\/wp-content\/uploads\/sites\/12\/2025\/11\/z-2-511x400.jpg 511w, https:\/\/static-blogs.diariosur.es\/wp-content\/uploads\/sites\/12\/2025\/11\/z-2-522x408.jpg 522w, https:\/\/static-blogs.diariosur.es\/wp-content\/uploads\/sites\/12\/2025\/11\/z-2-768x601.jpg 768w\" sizes=\"(max-width: 1037px) 100vw, 1037px\" \/><\/a><\/p>\n<h3 data-pm-slice=\"1 1 []\"><span style=\"color: #0000ff;\">Inundaci\u00f3n noviembre de 1989 en M\u00e1laga, videos y fotos<\/span><\/h3>\n<p>Como todos los a\u00f1os en esta fecha y para mis nuevos seguidores, os escribo sobre lo que pas\u00f3 ese d\u00eda y el porqu\u00e9 se dio esta tormenta. Es muy largo el post, pero merece la pena leerlo. Muchas fotos, mapas y v\u00eddeos.<\/p>\n<p>Hoy se cumplen 36 a\u00f1os de<strong>\u00a0<\/strong>una\u00a0de las mayores riadas que ha sufrido la capital malague\u00f1a en lo que va de su historia. Tambi\u00e9n destacar que en noviembre de 1989 se registr\u00f3 en todo el mes <strong>497<\/strong> <strong>l\/m2<\/strong>, valor extremo desde que el aeropuerto tiene registros; la media anual en M\u00e1laga es de <strong>534 l\/m2<\/strong>.<\/p>\n<p><strong>Ese d\u00eda, M\u00e1laga Capital registr\u00f3 m\u00e1s de 140 l\/m2 en poco tiempo, pero en muchos pueblos del Valle del Guadalhorce se acumularon m\u00e1s de 250 l\/m2; destaca la estaci\u00f3n de Pizarra con 309 l\/m2. Estas cantidades de lluvia hicieron que el r\u00edo Guadalhorce se desbordara y arroyos de la zona oeste de la capital.\u00a0<\/strong><\/p>\n<p>Curiosamente, hay otros valores extremos en noviembre, pero de no caer nada de precipitaci\u00f3n en todo el mes. A\u00f1o 1943 tres l\/m2, a\u00f1o 1948 cero l\/m2, a\u00f1o 1950 cero l\/m2, a\u00f1o 1976 ocho l\/m2, a\u00f1o 1979 nueve l\/m2, a\u00f1o 1981 dos d\u00e9cimas de\u00a0l\/m2 y a\u00f1o 2023 cero l\/m2.<\/p>\n<p>Destacar tambi\u00e9n los <strong>313 l\/m2<\/strong>\u00a0que cayeron en 12 horas el 27 de septiembre de 1957; de momento, este registro es el m\u00e1ximo en la capital desde que se tienen registros.<\/p>\n<p>Como todos sab\u00e9is, en el a\u00f1o 1907 hubo otra inundaci\u00f3n (la r\u00eda) que dej\u00f3 21 muertos. Esta se produjo un 24 de septiembre, pero la que desgraciadamente dej\u00f3 un mayor n\u00famero de fallecidos en nuestra ciudad se produjo el 23 de septiembre de <strong>1628<\/strong> con\u00a0m\u00e1s de <strong>600 muertos. <\/strong>Ya\u00a0en esas fechas hab\u00eda danas, como las que actualmente se producen.<\/p>\n<p>Intentar\u00e9, por un lado, contar mi historia del 14 de noviembre y c\u00f3mo viv\u00ed esos momentos; al mismo tiempo explicar\u00e9 el porqu\u00e9 de esta tromba de agua y granizo. Lo\u00a0\u00fanico\u00a0que conservo de ese\u00a0d\u00eda\u00a0es un\u00a0v\u00eddeo\u00a0que grabamos algunos compa\u00f1eros de El Corte Ingl\u00e9s, pero la cinta est\u00e1 en muy mal estado. Tambi\u00e9n ten\u00eda fotos en papel, pero por m\u00e1s que he buscado, no las encuentro. Comenzamos&#8230;<\/p>\n<p>El domingo 12 de noviembre de 1989, una vaguada de origen polar\u00a0mar\u00edtimo se acercaba al oeste de Galicia. Las primeras lluvias afectaron a esa comunidad.<\/p>\n<p>Os paso el mapa a 500 hpa, fuente Meteociel.<\/p>\n<p><a href=\"https:\/\/static-blogs.diariosur.es\/wp-content\/uploads\/sites\/12\/2020\/11\/z-2.jpg\"><img loading=\"lazy\" class=\"aligncenter size-full wp-image-28652\" src=\"https:\/\/static-blogs.diariosur.es\/wp-content\/uploads\/sites\/12\/2020\/11\/z-2.jpg\" alt=\"\" width=\"771\" height=\"514\" srcset=\"https:\/\/static-blogs.diariosur.es\/wp-content\/uploads\/sites\/12\/2020\/11\/z-2.jpg 771w, https:\/\/static-blogs.diariosur.es\/wp-content\/uploads\/sites\/12\/2020\/11\/z-2-600x400.jpg 600w, https:\/\/static-blogs.diariosur.es\/wp-content\/uploads\/sites\/12\/2020\/11\/z-2-768x512.jpg 768w\" sizes=\"(max-width: 771px) 100vw, 771px\" \/><\/a><\/p>\n<p data-pm-slice=\"1 1 []\">El lunes 13 de noviembre libraba en mi curro,\u00a0as\u00ed\u00a0que\u00a0cog\u00ed\u00a0la moto y me fui para ver el amanecer. Tuvimos un candilazo muy bonito y recuerdo que la mar de fondo ya era protagonista; el viento de levante soplaba fuerte. La foto que hice fue con una c\u00e1mara de carrete; en aquel tiempo no hab\u00eda digitales.<\/p>\n<p>Este lunes se form\u00f3 una depresi\u00f3n aislada fr\u00eda en altura al oeste del Cabo de San Vicente; su temperatura a 5500 metros de altura era de 24 grados bajo cero. Esta BFA llevaba asociado un frente que afectaba a las provincias de\u00a0Sevilla, Huelva y C\u00e1diz, dejando cantidades entre\u00a0los 18 y 25 litros.<\/p>\n<p>Os pongo el mapa a 500 hPa del modelo europeo, fuente Meteociel.<\/p>\n<p>&nbsp;<\/p>\n<p>&nbsp;<\/p>\n<p><a href=\"https:\/\/static-blogs.diariosur.es\/wp-content\/uploads\/sites\/12\/2020\/11\/z1.jpg\"><img loading=\"lazy\" class=\"aligncenter size-full wp-image-28653\" src=\"https:\/\/static-blogs.diariosur.es\/wp-content\/uploads\/sites\/12\/2020\/11\/z1.jpg\" alt=\"\" width=\"773\" height=\"511\" srcset=\"https:\/\/static-blogs.diariosur.es\/wp-content\/uploads\/sites\/12\/2020\/11\/z1.jpg 773w, https:\/\/static-blogs.diariosur.es\/wp-content\/uploads\/sites\/12\/2020\/11\/z1-605x400.jpg 605w, https:\/\/static-blogs.diariosur.es\/wp-content\/uploads\/sites\/12\/2020\/11\/z1-768x508.jpg 768w\" sizes=\"(max-width: 773px) 100vw, 773px\" \/><\/a><\/p>\n<p>&nbsp;<\/p>\n<p><span style=\"font-size: medium;\">El martes d\u00eda 14, la BFA (depresi\u00f3n aislada fr\u00eda en niveles altos) se\u00a0situ\u00f3 cerca del Golfo de C\u00e1diz.\u00a0<\/span><\/p>\n<p>&nbsp;<\/p>\n<p><a href=\"https:\/\/static-blogs.diariosur.es\/wp-content\/uploads\/sites\/12\/2020\/11\/z2.jpg\"><img loading=\"lazy\" class=\"aligncenter size-full wp-image-28654\" src=\"https:\/\/static-blogs.diariosur.es\/wp-content\/uploads\/sites\/12\/2020\/11\/z2.jpg\" alt=\"\" width=\"772\" height=\"515\" srcset=\"https:\/\/static-blogs.diariosur.es\/wp-content\/uploads\/sites\/12\/2020\/11\/z2.jpg 772w, https:\/\/static-blogs.diariosur.es\/wp-content\/uploads\/sites\/12\/2020\/11\/z2-600x400.jpg 600w, https:\/\/static-blogs.diariosur.es\/wp-content\/uploads\/sites\/12\/2020\/11\/z2-768x512.jpg 768w\" sizes=\"(max-width: 772px) 100vw, 772px\" \/><\/a><\/p>\n<p>&nbsp;<\/p>\n<p>Os paso unas capturas de mapas en superficie del libro riesgo clim\u00e1ticos en la pen\u00ednsula ib\u00e9rica de Jorge Olcina.<\/p>\n<p>&nbsp;<\/p>\n<p><a href=\"https:\/\/static-blogs.diariosur.es\/wp-content\/uploads\/sites\/12\/2022\/11\/313904911_10225580984530407_5481216799725479217_n-e1668359924448.jpg\"><img loading=\"lazy\" class=\"aligncenter size-full wp-image-35016\" src=\"https:\/\/static-blogs.diariosur.es\/wp-content\/uploads\/sites\/12\/2022\/11\/313904911_10225580984530407_5481216799725479217_n-e1668359942241.jpg\" alt=\"\" width=\"800\" height=\"1067\" \/><\/a><\/p>\n<p>&nbsp;<\/p>\n<p data-pm-slice=\"1 1 []\">Recuerdo que esa madrugada del 14 de noviembre no\u00a0dorm\u00ed\u00a0nada; las persianas sonaban a cada momento a consecuencia de las rachas fuertes de levante.\u00a0 Cada media hora me asomaba a la terraza para ver si\u00a0llov\u00eda, pero no cay\u00f3 ni una gota.<\/p>\n<p>Sobre las ocho de la ma\u00f1ana\u00a0cog\u00ed\u00a0el vespino y tir\u00e9 para el paseo\u00a0mar\u00edtimo de la Malagueta con traje y corbata, jijiji, antes de entrar al curro. El fuerte viento de levante en la zona del restaurante Antonio Mart\u00edn soplaba con rachas muy fuertes; casi me tir\u00f3 de la moto. Este coche que pod\u00e9is observar en la foto lo vi personalmente en el paseo\u00a0mar\u00edtimo; el conductor perdi\u00f3 el control por una racha de viento.<\/p>\n<p>&nbsp;<\/p>\n<p>Fuente: Diario Sur<\/p>\n<p>&nbsp;<\/p>\n<p style=\"text-align: center;\"><span style=\"font-size: medium;\"><a href=\"https:\/\/blogs.diariosur.es\/tormentas-y-rayos\/2014\/11\/14\/prevision-del-tiempo-25-aniversario-de-las-inundaciones-de-malaga-14-de-noviembre-del-1989\/captura-510\/\" rel=\"attachment wp-att-10233\"><img loading=\"lazy\" class=\"aligncenter\" title=\"Captura\" src=\"\/tormentas-y-rayos\/wp-content\/uploads\/sites\/12\/2014\/11\/Captura20.jpg\" alt=\"\" width=\"326\" height=\"352\" \/><\/a><\/span><\/p>\n<p>&nbsp;<\/p>\n<p><span style=\"font-size: medium;\">Cuando llegu\u00e9 a los Ba\u00f1os del Carmen las olas eran una pasada, la boya del puerto midi\u00f3 una de 6,7 metros. Me di la vuelta y tir\u00e9 para el Corte Ingl\u00e9s.\u00a0<\/span><\/p>\n<p>&nbsp;<\/p>\n<p>&nbsp;<\/p>\n<p style=\"text-align: center;\"><span style=\"font-size: medium;\"><a href=\"https:\/\/blogs.diariosur.es\/tormentas-y-rayos\/2014\/11\/14\/prevision-del-tiempo-25-aniversario-de-las-inundaciones-de-malaga-14-de-noviembre-del-1989\/banos\/\" rel=\"attachment wp-att-10244\"><img loading=\"lazy\" class=\"aligncenter\" title=\"ba\u00f1os\" src=\"\/tormentas-y-rayos\/wp-content\/uploads\/sites\/12\/2014\/11\/ba\u00f1os.jpg\" alt=\"\" width=\"641\" height=\"600\" \/><\/a><\/span><\/p>\n<p>&nbsp;<\/p>\n<p data-pm-slice=\"1 1 []\">En el camino, me llam\u00f3 la atenci\u00f3n el cielo verdoso (tormentas severas) que se ve\u00eda hacia el oeste de M\u00e1laga (Valle del Guadalhorce); curiosamente, al llegar de nuevo a la zona de Antonio Mart\u00edn, el viento de levante dejaba de soplar. Ni gota de aire.<\/p>\n<p>Una vez dentro del Corte Ingl\u00e9s, sal\u00ed\u00a0a la\u00a0calle sobre las diez y cuarto para ver si\u00a0segu\u00eda\u00a0ese color verde y cu\u00e1l fue mi sorpresa que el color verde iba a m\u00e1s y se ve\u00eda m\u00e1s cerca. Por libros que\u00a0hab\u00eda le\u00eddo, ese color verde significaba tormentas severas.<\/p>\n<p>Lo primero que hice fue buscar una cabina de tel\u00e9fono para llamar a mi exmujer sobre las once menos cuarto. Le ped\u00ed que recogiera inmediatamente a nuestras hijas Estefan\u00eda y Lidia del colegio, cosa que los profes no entendieron en un principio; m\u00e1s tarde s\u00ed&#8230;<\/p>\n<p>Seguidamente, habl\u00e9 con mis compa\u00f1eros de El Corte Ingl\u00e9s coment\u00e1ndoles que quitaran las motos y coches de la salida de personal (Calle Hilera) y Llano de la Esperanza porque estaba convencido de que algo grave suceder\u00eda. Algunos me hicieron caso y se llevaron los coches y motos a una zona m\u00e1s elevada (donde est\u00e1 la Iglesia de la Virgen de la\u00a0Expiraci\u00f3n). Los que no me hicieron caso se encontraron sus coches bajo el agua y las motos fueron arrastradas, como pod\u00e9is ver en la foto de portada.<\/p>\n<p>Nuevamente baj\u00e9 a la salida de personal sobre\u00a0las once, me asom\u00e9 a la calle Hilera y me qued\u00e9 sorprendido&#8230; mis ojos no daban\u00a0cr\u00e9dito\u00a0a la oscuridad. Amigos de la meteo, se hizo totalmente de noche y el alumbrado se encendi\u00f3 nuevamente.\u00a0 Pocos minutos\u00a0despu\u00e9s,\u00a0los goterones eran los protagonistas.<\/p>\n<p>Las nubes de levante que se\u00a0hab\u00edan\u00a0acumulado en el Valle del Guadalhorce durante toda la madrugada y el aire fr\u00edo en altura formaron una tormenta est\u00e1tica que se mov\u00eda lentamente desde\u00a0el Valle del Guadalhorce hacia la zona oeste de la capital malague\u00f1a. A\u00fan no est\u00e1 muy claro si esta tormenta fue un SCM (sistema convectivo de mesoescala).<\/p>\n<p>Os paso unas im\u00e1genes del sat\u00e9lite Meteosat.<\/p>\n<p>&nbsp;<\/p>\n<p><a href=\"https:\/\/static-blogs.diariosur.es\/wp-content\/uploads\/sites\/12\/2022\/11\/z.jpg\"><img loading=\"lazy\" class=\"aligncenter size-full wp-image-35015\" src=\"https:\/\/static-blogs.diariosur.es\/wp-content\/uploads\/sites\/12\/2022\/11\/z.jpg\" alt=\"\" width=\"960\" height=\"540\" srcset=\"https:\/\/static-blogs.diariosur.es\/wp-content\/uploads\/sites\/12\/2022\/11\/z.jpg 960w, https:\/\/static-blogs.diariosur.es\/wp-content\/uploads\/sites\/12\/2022\/11\/z-640x360.jpg 640w, https:\/\/static-blogs.diariosur.es\/wp-content\/uploads\/sites\/12\/2022\/11\/z-768x432.jpg 768w\" sizes=\"(max-width: 960px) 100vw, 960px\" \/><\/a><\/p>\n<p>&nbsp;<\/p>\n<p data-pm-slice=\"1 1 []\">La tormenta lentamente lleg\u00f3 a la capital; la lluvia por momentos era torrencial. De pronto, la lluvia dio paso al granizo. Recuerdo que la granizada cay\u00f3 durante m\u00e1s de media hora sin parar.<\/p>\n<p>Un cliente muy asustado nos comunic\u00f3 que la Calle Hilera era un\u00a0r\u00edo. Baj\u00e9 hasta la planta\u00a0s\u00f3tano\u00a0y me asom\u00e9 por la puerta de personal&#8230; S\u00ed, amigos, era un verdadero\u00a0r\u00edo\u00a0arrastrando contenedores y coches. Un compa\u00f1ero de\u00a0mantenimiento, Bernardo Moreno, y varios compa\u00f1eros\u00a0m\u00e1s, logramos lanzar una cuerda a una se\u00f1ora que se\u00a0hab\u00eda\u00a0agarrado a una se\u00f1al de tr\u00e1fico; gracias a Dios no le pas\u00f3 nada, logramos meterla en la puerta de personal y fue atendida por el servicio m\u00e9dico. Esta imagen es Calle Hilera; a la derecha est\u00e1 la puerta de personal de El Corte Ingl\u00e9s.<\/p>\n<p>&nbsp;<\/p>\n<p>&nbsp;<\/p>\n<p style=\"text-align: center;\"><span style=\"font-size: medium;\"><a href=\"https:\/\/blogs.diariosur.es\/tormentas-y-rayos\/2014\/11\/14\/prevision-del-tiempo-25-aniversario-de-las-inundaciones-de-malaga-14-de-noviembre-del-1989\/cortein\/\" rel=\"attachment wp-att-10234\"><img loading=\"lazy\" class=\"aligncenter\" title=\"CORTEIN\" src=\"\/tormentas-y-rayos\/wp-content\/uploads\/sites\/12\/2014\/11\/CORTEIN.jpg\" alt=\"\" width=\"568\" height=\"465\" \/><\/a><\/span><\/p>\n<p>&nbsp;<\/p>\n<p><span style=\"font-size: medium;\">En el Pol\u00edgono La Azucarera, tambi\u00e9n se vivieron momentos\u00a0dram\u00e1ticos como pueden ver en esta imagen.\u00a0<\/span><\/p>\n<p>&nbsp;<\/p>\n<p style=\"text-align: center;\"><span style=\"font-size: medium;\">\u00a0\u00a0<a href=\"https:\/\/blogs.diariosur.es\/tormentas-y-rayos\/2014\/11\/14\/prevision-del-tiempo-25-aniversario-de-las-inundaciones-de-malaga-14-de-noviembre-del-1989\/1799165_10203960278186261_8041296111744797579_o\/\" rel=\"attachment wp-att-10235\"><img loading=\"lazy\" class=\"aligncenter\" title=\"1799165_10203960278186261_8041296111744797579_o\" src=\"\/tormentas-y-rayos\/wp-content\/uploads\/sites\/12\/2014\/11\/1799165_10203960278186261_8041296111744797579_o.jpg\" alt=\"\" width=\"589\" height=\"400\" \/><\/a><\/span><\/p>\n<p>&nbsp;<\/p>\n<p>&nbsp;<\/p>\n<p data-pm-slice=\"1 1 []\">Sobre las dos de la tarde, que ya no llov\u00eda, me acerqu\u00e9 para ver el r\u00edo Guadalmedina a la altura del Corte Ingl\u00e9s; daba miedo verlo por la cantidad de agua que\u00a0tra\u00eda. El ruido era impresionante. Toda el agua que elev\u00f3 el caudal se deb\u00eda a los<strong> arroyos<\/strong> que desembocan en su cauce. Pueden observarlo en esta foto de Carlos Criado.<\/p>\n<p>&nbsp;<\/p>\n<p><a href=\"https:\/\/static-blogs.diariosur.es\/wp-content\/uploads\/sites\/12\/2020\/11\/carlos-criado-3.jpg\"><img loading=\"lazy\" class=\"aligncenter size-full wp-image-28650\" src=\"https:\/\/static-blogs.diariosur.es\/wp-content\/uploads\/sites\/12\/2020\/11\/carlos-criado-3.jpg\" alt=\"\" width=\"720\" height=\"465\" srcset=\"https:\/\/static-blogs.diariosur.es\/wp-content\/uploads\/sites\/12\/2020\/11\/carlos-criado-3.jpg 720w, https:\/\/static-blogs.diariosur.es\/wp-content\/uploads\/sites\/12\/2020\/11\/carlos-criado-3-619x400.jpg 619w\" sizes=\"(max-width: 720px) 100vw, 720px\" \/><\/a><\/p>\n<p><span style=\"font-size: medium;\">\u00a0<\/span><\/p>\n<p><span style=\"font-size: medium;\">Me di una vuelta por el barrio y el granizo acumulado por el agua en algunos puntos llegaba al metro. Impresionante&#8230;<\/span><\/p>\n<p>&nbsp;<\/p>\n<p><span style=\"font-size: medium;\">Os paso varias fotos del Diario Sur.\u00a0<\/span><\/p>\n<p>&nbsp;<\/p>\n<p><a href=\"https:\/\/static-blogs.diariosur.es\/wp-content\/uploads\/sites\/12\/2022\/11\/Captura-de-pantalla-2022-11-13-094225.png\"><img loading=\"lazy\" class=\"aligncenter size-full wp-image-35009\" src=\"https:\/\/static-blogs.diariosur.es\/wp-content\/uploads\/sites\/12\/2022\/11\/Captura-de-pantalla-2022-11-13-094225.png\" alt=\"\" width=\"549\" height=\"716\" srcset=\"https:\/\/static-blogs.diariosur.es\/wp-content\/uploads\/sites\/12\/2022\/11\/Captura-de-pantalla-2022-11-13-094225.png 549w, https:\/\/static-blogs.diariosur.es\/wp-content\/uploads\/sites\/12\/2022\/11\/Captura-de-pantalla-2022-11-13-094225-307x400.png 307w\" sizes=\"(max-width: 549px) 100vw, 549px\" \/><\/a><\/p>\n<p>&nbsp;<\/p>\n<p style=\"text-align: center;\"><span style=\"font-size: medium;\"><a href=\"https:\/\/blogs.diariosur.es\/tormentas-y-rayos\/2014\/11\/14\/prevision-del-tiempo-25-aniversario-de-las-inundaciones-de-malaga-14-de-noviembre-del-1989\/10700547_10203960274266163_1891258448764709356_o\/\" rel=\"attachment wp-att-10236\"><img loading=\"lazy\" class=\"aligncenter\" title=\"10700547_10203960274266163_1891258448764709356_o\" src=\"\/tormentas-y-rayos\/wp-content\/uploads\/sites\/12\/2014\/11\/10700547_10203960274266163_1891258448764709356_o.jpg\" alt=\"\" width=\"600\" height=\"398\" \/><\/a><\/span><\/p>\n<p>&nbsp;<\/p>\n<p style=\"text-align: center;\"><span style=\"font-size: medium;\"><a href=\"https:\/\/blogs.diariosur.es\/tormentas-y-rayos\/2014\/11\/14\/prevision-del-tiempo-25-aniversario-de-las-inundaciones-de-malaga-14-de-noviembre-del-1989\/corte-ingles\/\" rel=\"attachment wp-att-10237\"><img loading=\"lazy\" class=\"aligncenter\" title=\"CORTE INGLES\" src=\"\/tormentas-y-rayos\/wp-content\/uploads\/sites\/12\/2014\/11\/CORTE-INGLES.jpg\" alt=\"\" width=\"586\" height=\"480\" \/><\/a><\/span><\/p>\n<p>&nbsp;<\/p>\n<p style=\"text-align: center;\"><span style=\"font-size: medium;\"><a href=\"https:\/\/blogs.diariosur.es\/tormentas-y-rayos\/2014\/11\/14\/prevision-del-tiempo-25-aniversario-de-las-inundaciones-de-malaga-14-de-noviembre-del-1989\/diario-sur\/\" rel=\"attachment wp-att-10238\"><img loading=\"lazy\" class=\"aligncenter\" title=\"DIARIO SUR\" src=\"\/tormentas-y-rayos\/wp-content\/uploads\/sites\/12\/2014\/11\/DIARIO-SUR.jpg\" alt=\"\" width=\"583\" height=\"400\" \/><\/a><\/span><\/p>\n<p>&nbsp;<\/p>\n<p><a href=\"https:\/\/static-blogs.diariosur.es\/wp-content\/uploads\/sites\/12\/2020\/11\/z-3.jpg\"><img loading=\"lazy\" class=\"aligncenter size-full wp-image-28659\" src=\"https:\/\/static-blogs.diariosur.es\/wp-content\/uploads\/sites\/12\/2020\/11\/z-3-e1605337041850.jpg\" alt=\"\" width=\"1200\" height=\"810\" \/><\/a><\/p>\n<p>&nbsp;<\/p>\n<p><a href=\"https:\/\/static-blogs.diariosur.es\/wp-content\/uploads\/sites\/12\/2020\/11\/z1-1-e1605337123732.jpg\"><img loading=\"lazy\" class=\"aligncenter size-full wp-image-28660\" src=\"https:\/\/static-blogs.diariosur.es\/wp-content\/uploads\/sites\/12\/2020\/11\/z1-1-e1605337123732.jpg\" alt=\"\" width=\"1200\" height=\"797\" \/><\/a><\/p>\n<p>&nbsp;<\/p>\n<p>&nbsp;<\/p>\n<p style=\"text-align: center;\"><span style=\"font-size: medium;\"><a href=\"https:\/\/blogs.diariosur.es\/tormentas-y-rayos\/2014\/11\/14\/prevision-del-tiempo-25-aniversario-de-las-inundaciones-de-malaga-14-de-noviembre-del-1989\/10623952_10203960273426142_4176353194681136450_o\/\" rel=\"attachment wp-att-10242\"><img loading=\"lazy\" class=\"aligncenter\" title=\"10623952_10203960273426142_4176353194681136450_o\" src=\"\/tormentas-y-rayos\/wp-content\/uploads\/sites\/12\/2014\/11\/10623952_10203960273426142_4176353194681136450_o.jpg\" alt=\"\" width=\"585\" height=\"400\" \/><\/a><\/span><\/p>\n<p>&nbsp;<\/p>\n<p style=\"text-align: center;\"><span style=\"font-size: medium;\"><a href=\"https:\/\/blogs.diariosur.es\/tormentas-y-rayos\/2014\/11\/14\/prevision-del-tiempo-25-aniversario-de-las-inundaciones-de-malaga-14-de-noviembre-del-1989\/10708503_10203960274066158_470735340407988083_o\/\" rel=\"attachment wp-att-10243\"><img loading=\"lazy\" class=\"aligncenter\" title=\"10708503_10203960274066158_470735340407988083_o\" src=\"\/tormentas-y-rayos\/wp-content\/uploads\/sites\/12\/2014\/11\/10708503_10203960274066158_470735340407988083_o.jpg\" alt=\"\" width=\"589\" height=\"400\" \/><\/a><\/span><\/p>\n<p>&nbsp;<\/p>\n<p data-pm-slice=\"1 1 []\">Fotos Mercedes Torres<\/p>\n<p data-pm-slice=\"1 1 []\">\n<p data-pm-slice=\"1 1 []\"><a href=\"https:\/\/static-blogs.diariosur.es\/wp-content\/uploads\/sites\/12\/2025\/11\/a.jpg\"><img loading=\"lazy\" class=\"aligncenter size-full wp-image-47581\" src=\"https:\/\/static-blogs.diariosur.es\/wp-content\/uploads\/sites\/12\/2025\/11\/a.jpg\" alt=\"\" width=\"720\" height=\"960\" srcset=\"https:\/\/static-blogs.diariosur.es\/wp-content\/uploads\/sites\/12\/2025\/11\/a.jpg 720w, https:\/\/static-blogs.diariosur.es\/wp-content\/uploads\/sites\/12\/2025\/11\/a-300x400.jpg 300w, https:\/\/static-blogs.diariosur.es\/wp-content\/uploads\/sites\/12\/2025\/11\/a-306x408.jpg 306w\" sizes=\"(max-width: 720px) 100vw, 720px\" \/><\/a><\/p>\n<p data-pm-slice=\"1 1 []\">\n<p data-pm-slice=\"1 1 []\"><a href=\"https:\/\/static-blogs.diariosur.es\/wp-content\/uploads\/sites\/12\/2025\/11\/a1.jpg\"><img loading=\"lazy\" class=\"aligncenter size-full wp-image-47582\" src=\"https:\/\/static-blogs.diariosur.es\/wp-content\/uploads\/sites\/12\/2025\/11\/a1.jpg\" alt=\"\" width=\"960\" height=\"835\" srcset=\"https:\/\/static-blogs.diariosur.es\/wp-content\/uploads\/sites\/12\/2025\/11\/a1.jpg 960w, https:\/\/static-blogs.diariosur.es\/wp-content\/uploads\/sites\/12\/2025\/11\/a1-460x400.jpg 460w, https:\/\/static-blogs.diariosur.es\/wp-content\/uploads\/sites\/12\/2025\/11\/a1-469x408.jpg 469w, https:\/\/static-blogs.diariosur.es\/wp-content\/uploads\/sites\/12\/2025\/11\/a1-768x668.jpg 768w\" sizes=\"(max-width: 960px) 100vw, 960px\" \/><\/a><\/p>\n<p data-pm-slice=\"1 1 []\">\n<p data-pm-slice=\"1 1 []\">Un dato curioso fue que en la zona del Palo apenas llovi\u00f3, pero el <strong>domingo d\u00eda 19<\/strong> una fuerte tromba de agua cay\u00f3 en esta barriada malague\u00f1a y nacimiento del Arroyo G\u00e1lica. Las enormes piedras que arrastraba el Arroyo G\u00e1lica entraron en el\u00a0Colegio Jorge Guill\u00e9n; menos mal que ese d\u00eda no hab\u00eda clases. Se form\u00f3 una tormenta est\u00e1tica en esa zona. Os paso el mapa a 500 hPa de ese domingo. El 19 de noviembre de 1989, el aeropuerto registr\u00f3 81 mm, pero en la zona antes mencionada cayeron m\u00e1s de 120.<\/p>\n<p>&nbsp;<\/p>\n<p>&nbsp;<\/p>\n<p>&nbsp;<\/p>\n<p><a href=\"https:\/\/static-blogs.diariosur.es\/wp-content\/uploads\/sites\/12\/2022\/11\/colegio.png\"><img loading=\"lazy\" class=\"aligncenter size-full wp-image-35028\" src=\"https:\/\/static-blogs.diariosur.es\/wp-content\/uploads\/sites\/12\/2022\/11\/colegio.png\" alt=\"\" width=\"768\" height=\"512\" srcset=\"https:\/\/static-blogs.diariosur.es\/wp-content\/uploads\/sites\/12\/2022\/11\/colegio.png 768w, https:\/\/static-blogs.diariosur.es\/wp-content\/uploads\/sites\/12\/2022\/11\/colegio-600x400.png 600w\" sizes=\"(max-width: 768px) 100vw, 768px\" \/><\/a><\/p>\n<p>&nbsp;<\/p>\n<p>&nbsp;<\/p>\n<p data-pm-slice=\"1 1 []\">Os paso algunas fotos del colegio y lo que comentan en su p\u00e1gina.<\/p>\n<p>Uno de los momentos en la historia del colegio que marc\u00f3 un hito (no positivo realmente) fueron las inundaciones de 1989. Ese d\u00eda las instalaciones de preescolar (hoy llamamos infantil) fueron arrasadas\u00a0e igualmente\u00a0todo el gimnasio. Las fotos que ponemos son una leve muestra.<\/p>\n<p>&nbsp;<\/p>\n<p>&nbsp;<\/p>\n<p>&nbsp;<\/p>\n<p><a href=\"https:\/\/static-blogs.diariosur.es\/wp-content\/uploads\/sites\/12\/2022\/11\/c.jpg\"><img loading=\"lazy\" class=\"aligncenter size-full wp-image-35026\" src=\"https:\/\/static-blogs.diariosur.es\/wp-content\/uploads\/sites\/12\/2022\/11\/c.jpg\" alt=\"\" width=\"850\" height=\"1170\" srcset=\"https:\/\/static-blogs.diariosur.es\/wp-content\/uploads\/sites\/12\/2022\/11\/c.jpg 850w, https:\/\/static-blogs.diariosur.es\/wp-content\/uploads\/sites\/12\/2022\/11\/c-291x400.jpg 291w, https:\/\/static-blogs.diariosur.es\/wp-content\/uploads\/sites\/12\/2022\/11\/c-768x1057.jpg 768w\" sizes=\"(max-width: 850px) 100vw, 850px\" \/><\/a><\/p>\n<p>&nbsp;<\/p>\n<p><span style=\"font-size: medium;\"><strong>Os paso m\u00e1s fotos del 14 de noviembre<\/strong> .<\/span><\/p>\n<p><span style=\"font-size: medium;\">FOTOS PEPE PONCE.<\/span><\/p>\n<p>&nbsp;<\/p>\n<p><span style=\"font-size: medium;\"><a href=\"https:\/\/blogs.diariosur.es\/tormentas-y-rayos\/2015\/11\/14\/malaga-14-de-noviembre-del-1989-inundaciones-hoy-se-cumplen-26-anos-volveria-a-pasar-lo-mismo\/pepe-2\/\" rel=\"attachment wp-att-14155\"><img loading=\"lazy\" class=\"aligncenter size-medium wp-image-14155\" title=\"pepe 2\" src=\"\/tormentas-y-rayos\/wp-content\/uploads\/sites\/12\/2015\/11\/pepe-2.jpg\" alt=\"\" width=\"600\" height=\"360\" srcset=\"https:\/\/static-blogs.diariosur.es\/wp-content\/uploads\/sites\/12\/2015\/11\/pepe-2.jpg 720w, https:\/\/static-blogs.diariosur.es\/wp-content\/uploads\/sites\/12\/2015\/11\/pepe-2-640x385.jpg 640w\" sizes=\"(max-width: 600px) 100vw, 600px\" \/><\/a><\/span><\/p>\n<p>&nbsp;<\/p>\n<p>&nbsp;<\/p>\n<p><span style=\"font-size: medium;\"><a href=\"https:\/\/blogs.diariosur.es\/tormentas-y-rayos\/2015\/11\/14\/malaga-14-de-noviembre-del-1989-inundaciones-hoy-se-cumplen-26-anos-volveria-a-pasar-lo-mismo\/pepe-ponce\/\" rel=\"attachment wp-att-14156\"><img loading=\"lazy\" class=\"aligncenter size-medium wp-image-14156\" title=\"pepe ponce\" src=\"\/tormentas-y-rayos\/wp-content\/uploads\/sites\/12\/2015\/11\/pepe-ponce.jpg\" alt=\"\" width=\"600\" height=\"371\" srcset=\"https:\/\/static-blogs.diariosur.es\/wp-content\/uploads\/sites\/12\/2015\/11\/pepe-ponce.jpg 720w, https:\/\/static-blogs.diariosur.es\/wp-content\/uploads\/sites\/12\/2015\/11\/pepe-ponce-640x396.jpg 640w\" sizes=\"(max-width: 600px) 100vw, 600px\" \/><\/a><\/span><\/p>\n<p>&nbsp;<\/p>\n<p><span style=\"font-size: medium;\"><a href=\"https:\/\/blogs.diariosur.es\/tormentas-y-rayos\/2015\/11\/14\/malaga-14-de-noviembre-del-1989-inundaciones-hoy-se-cumplen-26-anos-volveria-a-pasar-lo-mismo\/pepe1\/\" rel=\"attachment wp-att-14157\"><img loading=\"lazy\" class=\"aligncenter size-medium wp-image-14157\" title=\"pepe1\" src=\"\/tormentas-y-rayos\/wp-content\/uploads\/sites\/12\/2015\/11\/pepe1.jpg\" alt=\"\" width=\"600\" height=\"362\" srcset=\"https:\/\/static-blogs.diariosur.es\/wp-content\/uploads\/sites\/12\/2015\/11\/pepe1.jpg 720w, https:\/\/static-blogs.diariosur.es\/wp-content\/uploads\/sites\/12\/2015\/11\/pepe1-640x387.jpg 640w\" sizes=\"(max-width: 600px) 100vw, 600px\" \/><\/a><\/span><\/p>\n<p>&nbsp;<\/p>\n<p><span style=\"font-size: medium;\"><a href=\"https:\/\/blogs.diariosur.es\/tormentas-y-rayos\/2015\/11\/14\/malaga-14-de-noviembre-del-1989-inundaciones-hoy-se-cumplen-26-anos-volveria-a-pasar-lo-mismo\/pepe3\/\" rel=\"attachment wp-att-14158\"><img loading=\"lazy\" class=\"aligncenter size-medium wp-image-14158\" title=\"pepe3\" src=\"\/tormentas-y-rayos\/wp-content\/uploads\/sites\/12\/2015\/11\/pepe3.jpg\" alt=\"\" width=\"600\" height=\"364\" srcset=\"https:\/\/static-blogs.diariosur.es\/wp-content\/uploads\/sites\/12\/2015\/11\/pepe3.jpg 720w, https:\/\/static-blogs.diariosur.es\/wp-content\/uploads\/sites\/12\/2015\/11\/pepe3-640x388.jpg 640w\" sizes=\"(max-width: 600px) 100vw, 600px\" \/><\/a><\/span><\/p>\n<p>&nbsp;<\/p>\n<p><span style=\"font-size: medium;\">FOTOS ARCINIEGA.<\/span><\/p>\n<p>&nbsp;<\/p>\n<p><span style=\"font-size: medium;\"><a href=\"https:\/\/blogs.diariosur.es\/tormentas-y-rayos\/2015\/11\/14\/malaga-14-de-noviembre-del-1989-inundaciones-hoy-se-cumplen-26-anos-volveria-a-pasar-lo-mismo\/arciniega-3\/\" rel=\"attachment wp-att-14159\"><img loading=\"lazy\" class=\"aligncenter size-medium wp-image-14159\" title=\"arciniega 3\" src=\"\/tormentas-y-rayos\/wp-content\/uploads\/sites\/12\/2015\/11\/arciniega-3.jpg\" alt=\"\" width=\"600\" height=\"380\" srcset=\"https:\/\/static-blogs.diariosur.es\/wp-content\/uploads\/sites\/12\/2015\/11\/arciniega-3.jpg 720w, https:\/\/static-blogs.diariosur.es\/wp-content\/uploads\/sites\/12\/2015\/11\/arciniega-3-630x400.jpg 630w\" sizes=\"(max-width: 600px) 100vw, 600px\" \/><\/a><\/span><\/p>\n<p>&nbsp;<\/p>\n<p><span style=\"font-size: medium;\"><a href=\"https:\/\/blogs.diariosur.es\/tormentas-y-rayos\/2015\/11\/14\/malaga-14-de-noviembre-del-1989-inundaciones-hoy-se-cumplen-26-anos-volveria-a-pasar-lo-mismo\/arciniega\/\" rel=\"attachment wp-att-14160\"><img loading=\"lazy\" class=\"aligncenter size-medium wp-image-14160\" title=\"arciniega\" src=\"\/tormentas-y-rayos\/wp-content\/uploads\/sites\/12\/2015\/11\/arciniega.jpg\" alt=\"\" width=\"600\" height=\"400\" srcset=\"https:\/\/static-blogs.diariosur.es\/wp-content\/uploads\/sites\/12\/2015\/11\/arciniega.jpg 720w, https:\/\/static-blogs.diariosur.es\/wp-content\/uploads\/sites\/12\/2015\/11\/arciniega-600x400.jpg 600w\" sizes=\"(max-width: 600px) 100vw, 600px\" \/><\/a><\/span><\/p>\n<p>&nbsp;<\/p>\n<p><span style=\"font-size: medium;\"><a href=\"https:\/\/blogs.diariosur.es\/tormentas-y-rayos\/2015\/11\/14\/malaga-14-de-noviembre-del-1989-inundaciones-hoy-se-cumplen-26-anos-volveria-a-pasar-lo-mismo\/arciniega1\/\" rel=\"attachment wp-att-14161\"><img loading=\"lazy\" class=\"aligncenter size-medium wp-image-14161\" title=\"arciniega1\" src=\"\/tormentas-y-rayos\/wp-content\/uploads\/sites\/12\/2015\/11\/arciniega1.jpg\" alt=\"\" width=\"600\" height=\"400\" srcset=\"https:\/\/static-blogs.diariosur.es\/wp-content\/uploads\/sites\/12\/2015\/11\/arciniega1.jpg 720w, https:\/\/static-blogs.diariosur.es\/wp-content\/uploads\/sites\/12\/2015\/11\/arciniega1-600x400.jpg 600w\" sizes=\"(max-width: 600px) 100vw, 600px\" \/><\/a><\/span><\/p>\n<p>&nbsp;<\/p>\n<p><span style=\"font-size: medium;\"><a href=\"https:\/\/blogs.diariosur.es\/tormentas-y-rayos\/2015\/11\/14\/malaga-14-de-noviembre-del-1989-inundaciones-hoy-se-cumplen-26-anos-volveria-a-pasar-lo-mismo\/arciniega2\/\" rel=\"attachment wp-att-14162\"><img loading=\"lazy\" class=\"aligncenter size-medium wp-image-14162\" title=\"arciniega2\" src=\"\/tormentas-y-rayos\/wp-content\/uploads\/sites\/12\/2015\/11\/arciniega2.jpg\" alt=\"\" width=\"600\" height=\"390\" srcset=\"https:\/\/static-blogs.diariosur.es\/wp-content\/uploads\/sites\/12\/2015\/11\/arciniega2.jpg 720w, https:\/\/static-blogs.diariosur.es\/wp-content\/uploads\/sites\/12\/2015\/11\/arciniega2-615x400.jpg 615w\" sizes=\"(max-width: 600px) 100vw, 600px\" \/><\/a><\/span><\/p>\n<p>&nbsp;<\/p>\n<p><span style=\"font-size: medium;\">FOTOS CARLOS CRIADO.<\/span><\/p>\n<p>&nbsp;<\/p>\n<p><span style=\"font-size: medium;\"><a href=\"https:\/\/blogs.diariosur.es\/tormentas-y-rayos\/2015\/11\/14\/malaga-14-de-noviembre-del-1989-inundaciones-hoy-se-cumplen-26-anos-volveria-a-pasar-lo-mismo\/carlos-criado-3\/\" rel=\"attachment wp-att-14163\"><img loading=\"lazy\" class=\"aligncenter size-medium wp-image-14163\" title=\"carlos criado 3\" src=\"\/tormentas-y-rayos\/wp-content\/uploads\/sites\/12\/2015\/11\/carlos-criado-3.jpg\" alt=\"\" width=\"600\" height=\"387\" srcset=\"https:\/\/static-blogs.diariosur.es\/wp-content\/uploads\/sites\/12\/2015\/11\/carlos-criado-3.jpg 720w, https:\/\/static-blogs.diariosur.es\/wp-content\/uploads\/sites\/12\/2015\/11\/carlos-criado-3-619x400.jpg 619w\" sizes=\"(max-width: 600px) 100vw, 600px\" \/><\/a><\/span><\/p>\n<p>&nbsp;<\/p>\n<p><span style=\"font-size: medium;\"><a href=\"https:\/\/blogs.diariosur.es\/tormentas-y-rayos\/2015\/11\/14\/malaga-14-de-noviembre-del-1989-inundaciones-hoy-se-cumplen-26-anos-volveria-a-pasar-lo-mismo\/carlos-criado\/\" rel=\"attachment wp-att-14164\"><img loading=\"lazy\" class=\"aligncenter size-medium wp-image-14164\" title=\"carlos criado\" src=\"\/tormentas-y-rayos\/wp-content\/uploads\/sites\/12\/2015\/11\/carlos-criado.jpg\" alt=\"\" width=\"579\" height=\"400\" srcset=\"https:\/\/static-blogs.diariosur.es\/wp-content\/uploads\/sites\/12\/2015\/11\/carlos-criado.jpg 720w, https:\/\/static-blogs.diariosur.es\/wp-content\/uploads\/sites\/12\/2015\/11\/carlos-criado-579x400.jpg 579w\" sizes=\"(max-width: 579px) 100vw, 579px\" \/><\/a><\/span><\/p>\n<p>&nbsp;<\/p>\n<p><span style=\"font-size: medium;\"><a href=\"https:\/\/blogs.diariosur.es\/tormentas-y-rayos\/2015\/11\/14\/malaga-14-de-noviembre-del-1989-inundaciones-hoy-se-cumplen-26-anos-volveria-a-pasar-lo-mismo\/carlos-criado1\/\" rel=\"attachment wp-att-14165\"><img loading=\"lazy\" class=\"aligncenter size-medium wp-image-14165\" title=\"carlos criado1\" src=\"\/tormentas-y-rayos\/wp-content\/uploads\/sites\/12\/2015\/11\/carlos-criado1.jpg\" alt=\"\" width=\"600\" height=\"383\" srcset=\"https:\/\/static-blogs.diariosur.es\/wp-content\/uploads\/sites\/12\/2015\/11\/carlos-criado1.jpg 720w, https:\/\/static-blogs.diariosur.es\/wp-content\/uploads\/sites\/12\/2015\/11\/carlos-criado1-626x400.jpg 626w\" sizes=\"(max-width: 600px) 100vw, 600px\" \/><\/a><\/span><\/p>\n<p>&nbsp;<\/p>\n<p>&nbsp;<\/p>\n<p><span style=\"font-size: medium;\">Os paso tambi\u00e9n varios\u00a0v\u00eddeos<\/span><\/p>\n<p>&nbsp;<\/p>\n<p><span style=\"font-size: medium;\"><iframe loading=\"lazy\" src=\"https:\/\/www.youtube.com\/embed\/WWqRKXdUbI0\" width=\"640\" height=\"480\" frameborder=\"0\" data-mce-fragment=\"1\"><\/iframe><\/span><\/p>\n<p><span style=\"font-size: medium;\"><iframe loading=\"lazy\" src=\"https:\/\/www.youtube.com\/embed\/Nfk58okoi5c\" width=\"640\" height=\"480\" frameborder=\"0\" data-mce-fragment=\"1\"><\/iframe><\/span><\/p>\n<p><span style=\"font-size: medium;\"><iframe loading=\"lazy\" src=\"https:\/\/www.youtube.com\/embed\/hSkgV088pFo\" width=\"640\" height=\"480\" frameborder=\"0\" data-mce-fragment=\"1\"><\/iframe><\/span><\/p>\n<p><iframe loading=\"lazy\" src=\"https:\/\/www.youtube.com\/embed\/xJWBbbOYtuo\" width=\"560\" height=\"315\" frameborder=\"0\" allowfullscreen=\"allowfullscreen\" data-mce-fragment=\"1\"><\/iframe><\/p>\n<h3 data-pm-slice=\"1 1 []\"><\/h3>\n<h3 data-pm-slice=\"1 1 []\">\u00bfEstar\u00eda M\u00e1laga preparada para otra inundaci\u00f3n como la de 1989?<\/h3>\n<p>Aunque han pasado 35 a\u00f1os de esta tragedia, mi pregunta es: \u00bfvolver\u00e1 a suceder lo mismo? Y sab\u00e9is cu\u00e1l es mi respuesta&#8230; Estoy convencido de que s\u00ed. Son ciclos. M\u00e1laga no est\u00e1 preparada para una tromba de agua en poco tiempo.<\/p>\n<p>En el 2012 y concretamente un 17 de noviembre ya tuvimos un aviso.\u00a0 Algunos os sonar\u00e1; ese d\u00eda publiqu\u00e9 en mi blog con el siguiente titular: <a class=\"qbe-widget\" href=\"https:\/\/blogs.diariosur.es\/tormentas-y-rayos\/2012\/11\/18\/malaga-se-inunda-de-nuevo-23-anos-despues-se-repite-la-historia-del-89-impresionantes-fotos-de-los-tornados-calles-inundadas-arroyos-desbordados-etc\/\" target=\"_blank\" rel=\"noopener noreferrer\">M\u00c1LAGA SE INUNDA DE NUEVO<\/a>.\u00a0Pinchar\u00a0en el enlace si te apetece recordarlo.<\/p>\n<p><span style=\"font-size: medium;\">Algunos os sonar\u00e1, ese d\u00eda publiqu\u00e9 en mi blog con el siguiente titular: <a href=\"https:\/\/blogs.diariosur.es\/tormentas-y-rayos\/2012\/11\/18\/malaga-se-inunda-de-nuevo-23-anos-despues-se-repite-la-historia-del-89-impresionantes-fotos-de-los-tornados-calles-inundadas-arroyos-desbordados-etc\/\">\u00a0M\u00c1LAGA SE INUNDA DE NUEVO<\/a>\u00a0Pinchar\u00a0en el enlace si te apetece recordarlo.<\/span><\/p>\n<p>&nbsp;<\/p>\n<p><strong>Foto Antonio Portillo, a\u00f1o 2012.<\/strong><\/p>\n<p>&nbsp;<\/p>\n<p>&nbsp;<\/p>\n<p>&nbsp;<\/p>\n<p><span style=\"font-size: medium;\"><a href=\"https:\/\/blogs.diariosur.es\/tormentas-y-rayos\/2015\/11\/14\/malaga-14-de-noviembre-del-1989-inundaciones-hoy-se-cumplen-26-anos-volveria-a-pasar-lo-mismo\/132028_3478797307884_2099602347_o1\/\" rel=\"attachment wp-att-14166\"><img loading=\"lazy\" class=\"aligncenter size-medium wp-image-14166\" title=\"132028_3478797307884_2099602347_o1\" src=\"\/tormentas-y-rayos\/wp-content\/uploads\/sites\/12\/2015\/11\/132028_3478797307884_2099602347_o1.jpg\" alt=\"\" width=\"600\" height=\"400\" srcset=\"https:\/\/static-blogs.diariosur.es\/wp-content\/uploads\/sites\/12\/2015\/11\/132028_3478797307884_2099602347_o1.jpg 680w, https:\/\/static-blogs.diariosur.es\/wp-content\/uploads\/sites\/12\/2015\/11\/132028_3478797307884_2099602347_o1-599x400.jpg 599w\" sizes=\"(max-width: 600px) 100vw, 600px\" \/><\/a><\/span><\/p>\n<p>&nbsp;<\/p>\n<p><a href=\"https:\/\/static-blogs.diariosur.es\/wp-content\/uploads\/sites\/12\/2019\/11\/Arroyo-Aceitero1.jpg\"><img loading=\"lazy\" class=\"aligncenter size-full wp-image-25898\" src=\"https:\/\/static-blogs.diariosur.es\/wp-content\/uploads\/sites\/12\/2019\/11\/Arroyo-Aceitero1.jpg\" alt=\"\" width=\"580\" height=\"870\" srcset=\"https:\/\/static-blogs.diariosur.es\/wp-content\/uploads\/sites\/12\/2019\/11\/Arroyo-Aceitero1.jpg 580w, https:\/\/static-blogs.diariosur.es\/wp-content\/uploads\/sites\/12\/2019\/11\/Arroyo-Aceitero1-267x400.jpg 267w\" sizes=\"(max-width: 580px) 100vw, 580px\" \/><\/a><\/p>\n<p>&nbsp;<\/p>\n<p><strong><span style=\"font-size: medium;\">Foto Isabel M\u00e9ndez. A\u00f1o 2012.<\/span><\/strong><\/p>\n<p><span style=\"font-size: medium;\"><a href=\"https:\/\/blogs.diariosur.es\/tormentas-y-rayos\/2015\/11\/14\/malaga-14-de-noviembre-del-1989-inundaciones-hoy-se-cumplen-26-anos-volveria-a-pasar-lo-mismo\/isabel-mendez-2\/\" rel=\"attachment wp-att-14167\"><img loading=\"lazy\" class=\"aligncenter size-medium wp-image-14167\" title=\"isabel mendez\" src=\"\/tormentas-y-rayos\/wp-content\/uploads\/sites\/12\/2015\/11\/isabel-mendez.jpg\" alt=\"\" width=\"600\" height=\"337\" srcset=\"https:\/\/static-blogs.diariosur.es\/wp-content\/uploads\/sites\/12\/2015\/11\/isabel-mendez.jpg 680w, https:\/\/static-blogs.diariosur.es\/wp-content\/uploads\/sites\/12\/2015\/11\/isabel-mendez-640x360.jpg 640w\" sizes=\"(max-width: 600px) 100vw, 600px\" \/><\/a><\/span><\/p>\n<p>&nbsp;<\/p>\n<p><span style=\"font-size: medium;\"><strong>La historia se repite el 19 de febrero del 2017<\/strong>. <\/span><\/p>\n<p>Este mes M\u00e1laga se vio afectada en su zona centro y este de la capital, se acumularon 140 litros en dos horas. Sin embargo, en la zona oeste de la capital apenas cay\u00f3 nada,\u00a0ese d\u00eda entramos en aviso rojo. Una dana trajo estas fuertes lluvias en poco tiempo.<\/p>\n<p>Mapa a 500 hpa del modelo europeo<\/p>\n<p><a href=\"https:\/\/static-blogs.diariosur.es\/wp-content\/uploads\/sites\/12\/2024\/11\/z.png\"><img loading=\"lazy\" class=\"aligncenter size-full wp-image-42481\" src=\"https:\/\/static-blogs.diariosur.es\/wp-content\/uploads\/sites\/12\/2024\/11\/z.png\" alt=\"\" width=\"768\" height=\"512\" srcset=\"https:\/\/static-blogs.diariosur.es\/wp-content\/uploads\/sites\/12\/2024\/11\/z.png 768w, https:\/\/static-blogs.diariosur.es\/wp-content\/uploads\/sites\/12\/2024\/11\/z-600x400.png 600w\" sizes=\"(max-width: 768px) 100vw, 768px\" \/><\/a><\/p>\n<p>Os paso un v\u00eddeo donde se reproducen im\u00e1genes en el barrio Cerrado de Calder\u00f3n.<\/p>\n<p>&nbsp;<\/p>\n<p><iframe loading=\"lazy\" src=\"https:\/\/www.youtube.com\/embed\/XDl0zxCtobY\" width=\"560\" height=\"315\" frameborder=\"0\" allowfullscreen=\"allowfullscreen\" data-mce-fragment=\"1\"><\/iframe><\/p>\n<p>&nbsp;<\/p>\n<p data-pm-slice=\"1 1 []\">En octubre de 2018 se registraron fuertes precipitaciones en\u00a0<strong>Campillos, Teba, Bobadilla, Carratraca, Ardales, Casarabonela, Sierra Yeguas, Estepona y Ronda;\u00a0<\/strong>en algunos puntos se superaron los<strong> 380 litros<\/strong>. M\u00e1laga Capital se libr\u00f3 de esta situaci\u00f3n porque la dana al final se posicion\u00f3 unos kil\u00f3metros m\u00e1s al sur.<\/p>\n<p>Pero fijaros en este dato que os pongo: el\u00a0<strong>4\u00a0de octubre de 1969<\/strong>\u00a0se producen graves inundaciones en la provincia de M\u00e1laga, caen 410 l\/m2 en Sierra Yeguas, 304 l\/m2 en Teba y 210 l\/m2 en Campillos; la historia se repiti\u00f3 y en la misma zona.<\/p>\n<p>Y la m\u00e1s reciente, la del a\u00f1o 2020 en Campanillas en el mes de enero, con el desbordamiento del r\u00edo Campanillas y arroyos en esa zona. En poco tiempo cayeron m\u00e1s de 150 litros.<\/p>\n<p>Os paso unas fotos hechas por m\u00ed.<\/p>\n<p>&nbsp;<\/p>\n<p><a href=\"https:\/\/static-blogs.diariosur.es\/wp-content\/uploads\/sites\/12\/2022\/11\/Captura-de-pantalla-2024-11-09-114117-e1731152240652.jpg\"><img loading=\"lazy\" class=\"aligncenter size-full wp-image-42453\" src=\"https:\/\/static-blogs.diariosur.es\/wp-content\/uploads\/sites\/12\/2022\/11\/Captura-de-pantalla-2024-11-09-114117-e1731152240652.jpg\" alt=\"\" width=\"900\" height=\"606\" \/><\/a><\/p>\n<p>&nbsp;<\/p>\n<p>&nbsp;<\/p>\n<p><a href=\"https:\/\/static-blogs.diariosur.es\/wp-content\/uploads\/sites\/12\/2022\/11\/Captura-de-pantalla-2024-11-09-124045-e1731152527968.jpg\"><img loading=\"lazy\" class=\"aligncenter size-full wp-image-42455\" src=\"https:\/\/static-blogs.diariosur.es\/wp-content\/uploads\/sites\/12\/2022\/11\/Captura-de-pantalla-2024-11-09-124045-e1731152527968.jpg\" alt=\"\" width=\"900\" height=\"614\" \/><\/a><\/p>\n<p>&nbsp;<\/p>\n<p><strong>Las tormentas est\u00e1ticas suelen darse en nuestra provincia y se alimentan del viento h\u00famedo de levante.\u00a0<\/strong><\/p>\n<p>El d\u00eda que se d\u00e9 una tormenta est\u00e1tica en las cuencas de los arroyos de M\u00e1laga capital, ser\u00e1 un caos total.<\/p>\n<h3><span style=\"color: #0000ff;\">M\u00e1laga Capital tiene 90 arroyos<\/span><\/h3>\n<p><strong>Cuenca del Guadalhorce (38).<\/strong>\u00a0Bienquerido, El Retiro, Ca\u00f1ada de la Calera, Ca\u00f1ada de Ceuta, Mons\u00e1lvez, San Juli\u00e1n, R\u00edo Guadalhorce, Cotilla, Maqueda, De Canto, De Rojas, Lira, Rebanadilla, U\u00f1as de Gato, Colmenarejo, Las Yeguas, Jurado, R\u00edo, Campanillas, Boticario, Buenavista, Arias, Merino, Espa\u00f1a, Jimena, Salas, Las Morillas, Culebra, La Salud, El Tomillar, La Palma, Rold\u00e1n, Atabal, Atabalero, Lillo, P\u00edo, Teatinos, Las Ca\u00f1as y Dos Hermanas.<\/p>\n<p><strong>Cuenca del Guadalmedina (24).<\/strong>\u00a0Carlinda, El Cuarto, Tejares, Los \u00c1ngeles, La Burra, La Palmilla, La Palma, Bodor\u00edn, La Virreina, Medell\u00edn, Los Pescadores, R\u00edo Guadalmedina, Hondo, Don Ventura, Pastelero, Sastre, Huerta Nueva, La Huerta, Cambrones, Quintana, Aceitero, Cementerio, Seminario, Barcenillas<\/p>\n<p><strong>Cuenca Este (28).<\/strong>\u00a0Ca\u00f1ada de los Ingleses, La Man\u00eda, Tasara, Toquero, Quirosa, Mayorazgo, La Caleta, Carnicero, Granadinos, Del Caf\u00e9, Morlaco, Cerrado de Calder\u00f3n, Varadero, Los Pilones, El Polvor\u00edn, Jaboneros, Lagarillo, San Ant\u00f3n, El Palo, Witemberg, El Barco, G\u00e1lica, El Candado, Jarazm\u00edn, Villazo, Pocaria, Ol\u00edas, Total\u00e1n.<\/p>\n<p>Espero que os haya gustado el post de hoy, aunque haya sido muy largo.<\/p>\n<p>Os dejo m\u00e1s fotos del Diario Sur.<\/p>\n<p>&nbsp;<\/p>\n<p><a href=\"https:\/\/static-blogs.diariosur.es\/wp-content\/uploads\/sites\/12\/2020\/11\/z5-e1605337594397.jpg\"><img loading=\"lazy\" class=\"aligncenter size-full wp-image-28661\" src=\"https:\/\/static-blogs.diariosur.es\/wp-content\/uploads\/sites\/12\/2020\/11\/z5-e1605337594397.jpg\" alt=\"\" width=\"1200\" height=\"814\" \/><\/a><\/p>\n<p>&nbsp;<\/p>\n<p><a href=\"https:\/\/static-blogs.diariosur.es\/wp-content\/uploads\/sites\/12\/2020\/11\/z7-e1605337664836.jpg\"><img loading=\"lazy\" class=\"aligncenter size-full wp-image-28663\" src=\"https:\/\/static-blogs.diariosur.es\/wp-content\/uploads\/sites\/12\/2020\/11\/z7-e1605337664836.jpg\" alt=\"\" width=\"1200\" height=\"749\" \/><\/a><\/p>\n<p>&nbsp;<\/p>\n<p><a href=\"https:\/\/static-blogs.diariosur.es\/wp-content\/uploads\/sites\/12\/2020\/11\/z8-e1605337696440.jpg\"><img loading=\"lazy\" class=\"aligncenter size-full wp-image-28664\" src=\"https:\/\/static-blogs.diariosur.es\/wp-content\/uploads\/sites\/12\/2020\/11\/z8-e1605337696440.jpg\" alt=\"\" width=\"1200\" height=\"787\" \/><\/a><\/p>\n<p>&nbsp;<\/p>\n<p><a href=\"https:\/\/static-blogs.diariosur.es\/wp-content\/uploads\/sites\/12\/2020\/11\/z9-e1605337758719.jpg\"><img loading=\"lazy\" class=\"aligncenter size-full wp-image-28665\" src=\"https:\/\/static-blogs.diariosur.es\/wp-content\/uploads\/sites\/12\/2020\/11\/z9-e1605337758719.jpg\" alt=\"\" width=\"1200\" height=\"821\" \/><\/a><\/p>\n<p>&nbsp;<\/p>\n<p><a href=\"https:\/\/static-blogs.diariosur.es\/wp-content\/uploads\/sites\/12\/2020\/11\/z10-e1605337793627.jpg\"><img loading=\"lazy\" class=\"aligncenter size-full wp-image-28666\" src=\"https:\/\/static-blogs.diariosur.es\/wp-content\/uploads\/sites\/12\/2020\/11\/z10-e1605337793627.jpg\" alt=\"\" width=\"1200\" height=\"814\" \/><\/a><\/p>\n<p>&nbsp;<\/p>\n<p><a href=\"https:\/\/static-blogs.diariosur.es\/wp-content\/uploads\/sites\/12\/2020\/11\/z11-e1605337823154.jpg\"><img loading=\"lazy\" class=\"aligncenter size-full wp-image-28667\" src=\"https:\/\/static-blogs.diariosur.es\/wp-content\/uploads\/sites\/12\/2020\/11\/z11-e1605337823154.jpg\" alt=\"\" width=\"1200\" height=\"814\" \/><\/a><\/p>\n<p>&nbsp;<\/p>\n<p>Fuente Ayuntamiento de M\u00e1laga<\/p>\n<p>&nbsp;<\/p>\n<p><a href=\"https:\/\/static-blogs.diariosur.es\/wp-content\/uploads\/sites\/12\/2022\/11\/a.jpg\"><img loading=\"lazy\" class=\"aligncenter size-full wp-image-35011\" src=\"https:\/\/static-blogs.diariosur.es\/wp-content\/uploads\/sites\/12\/2022\/11\/a.jpg\" alt=\"\" width=\"667\" height=\"375\" srcset=\"https:\/\/static-blogs.diariosur.es\/wp-content\/uploads\/sites\/12\/2022\/11\/a.jpg 667w, https:\/\/static-blogs.diariosur.es\/wp-content\/uploads\/sites\/12\/2022\/11\/a-640x360.jpg 640w\" sizes=\"(max-width: 667px) 100vw, 667px\" \/><\/a><\/p>\n<p>&nbsp;<\/p>\n<p><a href=\"https:\/\/static-blogs.diariosur.es\/wp-content\/uploads\/sites\/12\/2022\/11\/a1.jpg\"><img loading=\"lazy\" class=\"aligncenter size-full wp-image-35012\" src=\"https:\/\/static-blogs.diariosur.es\/wp-content\/uploads\/sites\/12\/2022\/11\/a1.jpg\" alt=\"\" width=\"667\" height=\"375\" srcset=\"https:\/\/static-blogs.diariosur.es\/wp-content\/uploads\/sites\/12\/2022\/11\/a1.jpg 667w, https:\/\/static-blogs.diariosur.es\/wp-content\/uploads\/sites\/12\/2022\/11\/a1-640x360.jpg 640w\" sizes=\"(max-width: 667px) 100vw, 667px\" \/><\/a><\/p>\n<p>&nbsp;<\/p>\n<p><a href=\"https:\/\/static-blogs.diariosur.es\/wp-content\/uploads\/sites\/12\/2022\/11\/ayuntamiento-malaga.jpg\"><img loading=\"lazy\" class=\"aligncenter size-full wp-image-35013\" src=\"https:\/\/static-blogs.diariosur.es\/wp-content\/uploads\/sites\/12\/2022\/11\/ayuntamiento-malaga.jpg\" alt=\"\" width=\"667\" height=\"375\" srcset=\"https:\/\/static-blogs.diariosur.es\/wp-content\/uploads\/sites\/12\/2022\/11\/ayuntamiento-malaga.jpg 667w, https:\/\/static-blogs.diariosur.es\/wp-content\/uploads\/sites\/12\/2022\/11\/ayuntamiento-malaga-640x360.jpg 640w\" sizes=\"(max-width: 667px) 100vw, 667px\" \/><\/a><\/p>\n","protected":false},"excerpt":{"rendered":"<p>Buenos d\u00edas, amigos de la meteo. Aunque el lunes os pondr\u00e9 los acumulados que ha dejado la borrasca Claudia, os doy algunos datos desde ayer y hasta ahora a las seis de la ma\u00f1ana. En muchos puntos del interior occidental y su costa llevan acumulados entre los 25 mm y 40 mm; destaca Ronda con [&hellip;]<\/p>\n","protected":false},"author":16,"featured_media":47189,"comment_status":"open","ping_status":"open","sticky":false,"template":"","format":"standard","meta":[],"categories":[2],"tags":[10,514,587],"_links":{"self":[{"href":"https:\/\/blogs.diariosur.es\/tormentas-y-rayos\/wp-json\/wp\/v2\/posts\/47181"}],"collection":[{"href":"https:\/\/blogs.diariosur.es\/tormentas-y-rayos\/wp-json\/wp\/v2\/posts"}],"about":[{"href":"https:\/\/blogs.diariosur.es\/tormentas-y-rayos\/wp-json\/wp\/v2\/types\/post"}],"author":[{"embeddable":true,"href":"https:\/\/blogs.diariosur.es\/tormentas-y-rayos\/wp-json\/wp\/v2\/users\/16"}],"replies":[{"embeddable":true,"href":"https:\/\/blogs.diariosur.es\/tormentas-y-rayos\/wp-json\/wp\/v2\/comments?post=47181"}],"version-history":[{"count":6,"href":"https:\/\/blogs.diariosur.es\/tormentas-y-rayos\/wp-json\/wp\/v2\/posts\/47181\/revisions"}],"predecessor-version":[{"id":47585,"href":"https:\/\/blogs.diariosur.es\/tormentas-y-rayos\/wp-json\/wp\/v2\/posts\/47181\/revisions\/47585"}],"wp:featuredmedia":[{"embeddable":true,"href":"https:\/\/blogs.diariosur.es\/tormentas-y-rayos\/wp-json\/wp\/v2\/media\/47189"}],"wp:attachment":[{"href":"https:\/\/blogs.diariosur.es\/tormentas-y-rayos\/wp-json\/wp\/v2\/media?parent=47181"}],"wp:term":[{"taxonomy":"category","embeddable":true,"href":"https:\/\/blogs.diariosur.es\/tormentas-y-rayos\/wp-json\/wp\/v2\/categories?post=47181"},{"taxonomy":"post_tag","embeddable":true,"href":"https:\/\/blogs.diariosur.es\/tormentas-y-rayos\/wp-json\/wp\/v2\/tags?post=47181"}],"curies":[{"name":"wp","href":"https:\/\/api.w.org\/{rel}","templated":true}]}}