{"id":47193,"date":"2025-11-13T11:54:37","date_gmt":"2025-11-13T10:54:37","guid":{"rendered":"https:\/\/blogs.diariosur.es\/tormentas-y-rayos\/?p=47193"},"modified":"2025-11-13T11:54:37","modified_gmt":"2025-11-13T10:54:37","slug":"aviso-rojo-13-de-noviembre-de-2024-en-la-provincia-de-malaga-efemeride","status":"publish","type":"post","link":"https:\/\/blogs.diariosur.es\/tormentas-y-rayos\/2025\/11\/13\/aviso-rojo-13-de-noviembre-de-2024-en-la-provincia-de-malaga-efemeride\/","title":{"rendered":"Aviso rojo 13 de noviembre de 2024 en la provincia de M\u00e1laga, efem\u00e9ride"},"content":{"rendered":"<p><a href=\"https:\/\/static-blogs.diariosur.es\/wp-content\/uploads\/sites\/12\/2024\/05\/444912498_10228884468795449_97962860407814916_n.jpg\"><img loading=\"lazy\" class=\"aligncenter size-thumbnail wp-image-40751\" src=\"https:\/\/static-blogs.diariosur.es\/wp-content\/uploads\/sites\/12\/2024\/05\/444912498_10228884468795449_97962860407814916_n-150x150.jpg\" alt=\"\" width=\"150\" height=\"150\" \/><\/a><\/p>\n<p>&nbsp;<\/p>\n<p data-pm-slice=\"1 1 []\">Hola, amigos de la meteo. Perdonar, pero me ha sido imposible actualizar el blog hasta ahora. En estos momentos llueve en la zona m\u00e1s occidental de M\u00e1laga; estas precipitaciones se ir\u00e1n trasladando de oeste a este. Esta noche con los modelos actualizados veremos los acumulados hasta el domingo.<\/p>\n<p data-pm-slice=\"1 1 []\">Hoy vamos a recordar el aviso rojo que tal d\u00eda como hoy se dio en la provincia de M\u00e1laga, que, por cierto, los malague\u00f1os nos portamos muy bien.<\/p>\n<p data-pm-slice=\"1 1 []\">Os dejo con el post del a\u00f1o pasado de tal d\u00eda como hoy.<\/p>\n<p data-pm-slice=\"1 1 []\">\n<p data-pm-slice=\"1 1 []\"><a href=\"https:\/\/static-blogs.diariosur.es\/wp-content\/uploads\/sites\/12\/2025\/11\/aa.jpg\"><img loading=\"lazy\" class=\"aligncenter size-full wp-image-47557\" src=\"https:\/\/static-blogs.diariosur.es\/wp-content\/uploads\/sites\/12\/2025\/11\/aa.jpg\" alt=\"\" width=\"856\" height=\"700\" srcset=\"https:\/\/static-blogs.diariosur.es\/wp-content\/uploads\/sites\/12\/2025\/11\/aa.jpg 856w, https:\/\/static-blogs.diariosur.es\/wp-content\/uploads\/sites\/12\/2025\/11\/aa-489x400.jpg 489w, https:\/\/static-blogs.diariosur.es\/wp-content\/uploads\/sites\/12\/2025\/11\/aa-499x408.jpg 499w, https:\/\/static-blogs.diariosur.es\/wp-content\/uploads\/sites\/12\/2025\/11\/aa-768x628.jpg 768w\" sizes=\"(max-width: 856px) 100vw, 856px\" \/><\/a><\/p>\n<p data-pm-slice=\"1 1 []\">\n<p data-pm-slice=\"1 1 []\">Buenos d\u00edas, amigos de la meteo. Durante esta pasada madrugada se han registrado tormentas fuertes acompa\u00f1adas de granizo en zonas de Marbella, Oj\u00e9n y Co\u00edn; en poco tiempo han descargado bastantes litros. Estos chubascos han llegado tambi\u00e9n a la zona de los embalses de Guadalhorce; ayer no cay\u00f3 mucho en estas zonas. Dentro de unos d\u00edas veremos lo que han recuperado; la buena noticia es que el Embalse de la Vi\u00f1uela ha recuperado en 16 horas ocho hect\u00f3metros c\u00fabicos.<\/p>\n<p>Os paso la mano, jijijijiji, de mi amigo Salvador Guzm\u00e1n para que ve\u00e1is los granizos que han ca\u00eddo hace un par de horas en Co\u00edn hoy jueves.<\/p>\n<p>&nbsp;<\/p>\n<p>&nbsp;<\/p>\n<p><a href=\"https:\/\/static-blogs.diariosur.es\/wp-content\/uploads\/sites\/12\/2024\/11\/466467956_10230770668429261_7916748836902634793_n-1.jpg\"><img loading=\"lazy\" class=\"aligncenter size-full wp-image-42554\" src=\"https:\/\/static-blogs.diariosur.es\/wp-content\/uploads\/sites\/12\/2024\/11\/466467956_10230770668429261_7916748836902634793_n-1.jpg\" alt=\"\" width=\"600\" height=\"822\" srcset=\"https:\/\/static-blogs.diariosur.es\/wp-content\/uploads\/sites\/12\/2024\/11\/466467956_10230770668429261_7916748836902634793_n-1.jpg 600w, https:\/\/static-blogs.diariosur.es\/wp-content\/uploads\/sites\/12\/2024\/11\/466467956_10230770668429261_7916748836902634793_n-1-292x400.jpg 292w\" sizes=\"(max-width: 600px) 100vw, 600px\" \/><\/a><\/p>\n<p>&nbsp;<\/p>\n<p>&nbsp;<\/p>\n<p data-pm-slice=\"1 1 []\">La historia se repite en M\u00e1laga capital; nuevamente se inundan las zonas habituales y eso que menos mal no cayeron m\u00e1s de 200 mm como preve\u00edan algunos modelos. Destacar el Centro Meteorol\u00f3gico de Teatinos, que <span style=\"color: #ff0000;\"><strong>en una hora acumul\u00f3 80 mm;<\/strong><\/span> el total entre ayer y esta pasada madrugada ha sido de 152 mm, en la Estaci\u00f3n del Puerto de la Aemet 136 mm y Aeropuerto, curiosamente, 73; es lo que tienen las tormentas.<\/p>\n<p>Como siempre he comentado en el blog, el distrito de M\u00e1laga capital tiene 90 arroyos.<\/p>\n<p>El primer video es de mi amigo Antonio Jes\u00fas Jim\u00e9nez Jim\u00e9nez. Uni\u00f3n de los r\u00edos Fuengirola y Oj\u00e9n.<\/p>\n<p>&nbsp;<\/p>\n<p><iframe loading=\"lazy\" title=\"YouTube video player\" src=\"https:\/\/www.youtube.com\/embed\/G99REGVdZu0?si=I3t5l3ojXdHXZiAH\" width=\"560\" height=\"315\" frameborder=\"0\" allowfullscreen=\"allowfullscreen\" data-mce-fragment=\"1\"><\/iframe>;<\/p>\n<p>El segundo video de mi amigo Manuel Olmedo<\/p>\n<p><iframe loading=\"lazy\" title=\"YouTube video player\" src=\"https:\/\/www.youtube.com\/embed\/StjI9d1qbeI?si=2R4MBSmBziO8RWO7\" width=\"560\" height=\"315\" frameborder=\"0\" allowfullscreen=\"allowfullscreen\" data-mce-fragment=\"1\"><\/iframe><\/p>\n<p>&nbsp;<\/p>\n<p>Los dem\u00e1s videos son todos hechos por mi en mi barrio.<\/p>\n<p>&nbsp;<\/p>\n<p><iframe loading=\"lazy\" title=\"YouTube video player\" src=\"https:\/\/www.youtube.com\/embed\/V9YxutD0pts?si=DcGY_SoCMr8HH9KE\" width=\"560\" height=\"315\" frameborder=\"0\" allowfullscreen=\"allowfullscreen\" data-mce-fragment=\"1\"><\/iframe><\/p>\n<p><iframe loading=\"lazy\" title=\"YouTube video player\" src=\"https:\/\/www.youtube.com\/embed\/E56J1iGFi5s?si=iU-Wc4LS_jRUuHap\" width=\"560\" height=\"315\" frameborder=\"0\" allowfullscreen=\"allowfullscreen\" data-mce-fragment=\"1\"><\/iframe><\/p>\n<p><iframe loading=\"lazy\" title=\"YouTube video player\" src=\"https:\/\/www.youtube.com\/embed\/HItbhI_XtF8?si=QrZqYsnXhb23irv5\" width=\"560\" height=\"315\" frameborder=\"0\" allowfullscreen=\"allowfullscreen\" data-mce-fragment=\"1\"><\/iframe><\/p>\n<p><iframe loading=\"lazy\" title=\"YouTube video player\" src=\"https:\/\/www.youtube.com\/embed\/pPCTTH8NrCM?si=sEIXWI5DnXEkPo4Y\" width=\"560\" height=\"315\" frameborder=\"0\" allowfullscreen=\"allowfullscreen\" data-mce-fragment=\"1\"><\/iframe><\/p>\n<p><iframe loading=\"lazy\" title=\"YouTube video player\" src=\"https:\/\/www.youtube.com\/embed\/q772n8gHQ0g?si=lcWFjO4uoe7ZZIKO\" width=\"560\" height=\"315\" frameborder=\"0\" allowfullscreen=\"allowfullscreen\" data-mce-fragment=\"1\"><\/iframe><\/p>\n<p>&nbsp;<\/p>\n<p data-pm-slice=\"1 1 []\">La probabilidad de precipitaciones baja en la capital, pero no en la zona m\u00e1s occidental del interior. La dana puede traer polvo en suspensi\u00f3n.<\/p>\n<p>Os paso algunos acumulados entre ayer y esta pasada madrugada. Todos los pueblos no puedo ponerlos; tengo vida.<\/p>\n<p><strong>Fuentes: Red Hidrosur, Aemet, Meteoclimatic y Wunderground.<\/strong><\/p>\n<p>Benamocarra 112,2 mm<\/p>\n<p>El Borge 134,6 mm<\/p>\n<p>Almachar\u00a0109 mm<\/p>\n<p>Torre del Mar Club N\u00e1utico 130 mm<\/p>\n<p>Periana 147 mm<\/p>\n<p>Alcauc\u00edn\u00a090 mm<\/p>\n<p>El Morche 126 mm<\/p>\n<p>Completa 150 mm.<\/p>\n<p>Villanueva del Rosario\u00a095 mm<\/p>\n<p>Casabermeja 88<\/p>\n<p>Mijas Pueblo\u00a052 mm<\/p>\n<p>Alhaur\u00edn de la Torre 104 mm<\/p>\n<p>Alhaur\u00edn el Grande\u00a0109<\/p>\n<p>Frigiliana\u00a085 mm<\/p>\n<p>Nerja Las Palmeras\u00a0123<\/p>\n<p>Rinc\u00f3n de la Victoria: 69 mm<\/p>\n<p>Sierra Mijas 65<\/p>\n<p>Ojen 145 mm<\/p>\n<p>C\u00e1rtama 80 mm<\/p>\n<p>Campanillas\u00a0108 mm<\/p>\n<p>Embalse Casasola 93 mm<\/p>\n<p>Embalse Guadalhorce 42 mm<\/p>\n<p>Embase Guadalteba\u00a041 mm<\/p>\n<p>R\u00edo Guadalteba, aforo Teba: 46 mm.<\/p>\n<p>Embalse de la Concepci\u00f3n 64<\/p>\n<p>Embalse de la Vi\u00f1uela 86 mm<\/p>\n<p>Embalse del Limonero 91<\/p>\n<p>Depuradora del Atabal 126<\/p>\n<p>Santo Pitar\u00a0145<\/p>\n<p>Coin\u00a0134 mm<\/p>\n<p>R\u00edo Guadalhorce C\u00e1rtama\u00a077<\/p>\n<p>Alfarnatejo\u00a0153 mm<\/p>\n<p>R\u00edo Benamargosa 143 mm<\/p>\n<p>M\u00e1laga Centro Meteorol\u00f3gico: 152 mm<\/p>\n<p>Aeropuerto 73 mm<\/p>\n<p>Puerto M\u00e1laga 136 mm<\/p>\n<p>Algarrobo 80 mm<\/p>\n<p>Almayate\u00a070 mm<\/p>\n<p>Ronda\u00a048 mm<\/p>\n<p>Torrox 76 mm<\/p>\n<p>Depuradora de Marbella 86 mm<\/p>\n<p>Marbella 101 mm<\/p>\n<p>El Burgo 60 mm<\/p>\n<p>&nbsp;<\/p>\n","protected":false},"excerpt":{"rendered":"<p>&nbsp; Hola, amigos de la meteo. Perdonar, pero me ha sido imposible actualizar el blog hasta ahora. En estos momentos llueve en la zona m\u00e1s occidental de M\u00e1laga; estas precipitaciones se ir\u00e1n trasladando de oeste a este. Esta noche con los modelos actualizados veremos los acumulados hasta el domingo. Hoy vamos a recordar el aviso [&hellip;]<\/p>\n","protected":false},"author":16,"featured_media":47558,"comment_status":"open","ping_status":"open","sticky":false,"template":"","format":"standard","meta":[],"categories":[2],"tags":[151,587,872],"_links":{"self":[{"href":"https:\/\/blogs.diariosur.es\/tormentas-y-rayos\/wp-json\/wp\/v2\/posts\/47193"}],"collection":[{"href":"https:\/\/blogs.diariosur.es\/tormentas-y-rayos\/wp-json\/wp\/v2\/posts"}],"about":[{"href":"https:\/\/blogs.diariosur.es\/tormentas-y-rayos\/wp-json\/wp\/v2\/types\/post"}],"author":[{"embeddable":true,"href":"https:\/\/blogs.diariosur.es\/tormentas-y-rayos\/wp-json\/wp\/v2\/users\/16"}],"replies":[{"embeddable":true,"href":"https:\/\/blogs.diariosur.es\/tormentas-y-rayos\/wp-json\/wp\/v2\/comments?post=47193"}],"version-history":[{"count":3,"href":"https:\/\/blogs.diariosur.es\/tormentas-y-rayos\/wp-json\/wp\/v2\/posts\/47193\/revisions"}],"predecessor-version":[{"id":47559,"href":"https:\/\/blogs.diariosur.es\/tormentas-y-rayos\/wp-json\/wp\/v2\/posts\/47193\/revisions\/47559"}],"wp:featuredmedia":[{"embeddable":true,"href":"https:\/\/blogs.diariosur.es\/tormentas-y-rayos\/wp-json\/wp\/v2\/media\/47558"}],"wp:attachment":[{"href":"https:\/\/blogs.diariosur.es\/tormentas-y-rayos\/wp-json\/wp\/v2\/media?parent=47193"}],"wp:term":[{"taxonomy":"category","embeddable":true,"href":"https:\/\/blogs.diariosur.es\/tormentas-y-rayos\/wp-json\/wp\/v2\/categories?post=47193"},{"taxonomy":"post_tag","embeddable":true,"href":"https:\/\/blogs.diariosur.es\/tormentas-y-rayos\/wp-json\/wp\/v2\/tags?post=47193"}],"curies":[{"name":"wp","href":"https:\/\/api.w.org\/{rel}","templated":true}]}}