{"id":4730,"date":"2013-01-22T09:37:15","date_gmt":"2013-01-22T08:37:15","guid":{"rendered":"http:\/\/blogs.diariosur.es\/tormentas-y-rayos\/?p=4730"},"modified":"2013-01-22T09:37:15","modified_gmt":"2013-01-22T08:37:15","slug":"alerta-amarilla-por-nevadas-en-antequera-fotos-de-paris-nevada-por-jose-blanco","status":"publish","type":"post","link":"https:\/\/blogs.diariosur.es\/tormentas-y-rayos\/2013\/01\/22\/alerta-amarilla-por-nevadas-en-antequera-fotos-de-paris-nevada-por-jose-blanco\/","title":{"rendered":"Alerta amarilla por nevadas en Antequera. Fotos de Par\u00eds nevada por Jose Blanco."},"content":{"rendered":"<p><strong>Buenos dias amigos de la meteo. No pensaba abrir un nuevo post hasta ma\u00f1ana, pero se adelantan los chubascos previstos para hoy y\u00a0tambi\u00e9n\u00a0la masa polar\u00a0mar\u00edtima\u00a0. La aemet activa la alerta amarilla por nieve en la Comarca de Antequera.\u00a0<\/strong><\/p>\n<p><a href=\"https:\/\/blogs.diariosur.es\/tormentas-y-rayos\/2013\/01\/22\/alerta-amarilla-por-nevadas-en-antequera-fotos-de-paris-nevada-por-jose-blanco\/antequera-2\/\" rel=\"attachment wp-att-4734\"><img loading=\"lazy\" class=\"aligncenter size-full wp-image-4734\" title=\"antequera\" src=\"\/tormentas-y-rayos\/wp-content\/uploads\/sites\/12\/2013\/01\/antequera.jpg\" alt=\"\" width=\"594\" height=\"427\" srcset=\"https:\/\/static-blogs.diariosur.es\/wp-content\/uploads\/sites\/12\/2013\/01\/antequera.jpg 594w, https:\/\/static-blogs.diariosur.es\/wp-content\/uploads\/sites\/12\/2013\/01\/antequera-556x400.jpg 556w\" sizes=\"(max-width: 594px) 100vw, 594px\" \/><\/a><\/p>\n<p><a href=\"https:\/\/blogs.diariosur.es\/tormentas-y-rayos\/2013\/01\/22\/alerta-amarilla-por-nevadas-en-antequera-fotos-de-paris-nevada-por-jose-blanco\/nevadas\/\" rel=\"attachment wp-att-4735\"><img loading=\"lazy\" class=\"aligncenter size-full wp-image-4735\" title=\"nevadas\" src=\"\/tormentas-y-rayos\/wp-content\/uploads\/sites\/12\/2013\/01\/nevadas.jpg\" alt=\"\" width=\"538\" height=\"218\" \/><\/a><\/p>\n<p>&nbsp;<\/p>\n<p><strong>Ayer os abr\u00eda este<a href=\"https:\/\/blogs.diariosur.es\/tormentas-y-rayos\/2013\/01\/21\/la-nieve-el-frio-el-viento-y-la-lluvia-protagonistas-en-andalucia-alerta-amarilla-por-nieve-en-jaen-granada-y-almeria-roja-en-galicia-por-olas\/\"> post explicando la situaci\u00f3n que tendr\u00edamos los primeros d\u00edas de la semana. <\/a><\/strong><\/p>\n<p><strong>Los chubascos que se esperaban para la noche de hoy, pueden adelantarse y llegar a nuestra provincia por la tarde. En esta imagen del satelite eumetsat y en el radar de lluvias de la Aemet, se ven los chubascos que ya afectan a muchos puntos de la\u00a0pen\u00ednsula. Siendo de nieve en estos momentos en Burgos.\u00a0<\/strong><\/p>\n<p><a href=\"https:\/\/blogs.diariosur.es\/tormentas-y-rayos\/2013\/01\/22\/alerta-amarilla-por-nevadas-en-antequera-fotos-de-paris-nevada-por-jose-blanco\/s-2\/\" rel=\"attachment wp-att-4731\"><img loading=\"lazy\" class=\"aligncenter size-medium wp-image-4731\" title=\"s\" src=\"\/tormentas-y-rayos\/wp-content\/uploads\/sites\/12\/2013\/01\/s.jpg\" alt=\"\" width=\"573\" height=\"400\" srcset=\"https:\/\/static-blogs.diariosur.es\/wp-content\/uploads\/sites\/12\/2013\/01\/s.jpg 745w, https:\/\/static-blogs.diariosur.es\/wp-content\/uploads\/sites\/12\/2013\/01\/s-573x400.jpg 573w\" sizes=\"(max-width: 573px) 100vw, 573px\" \/><\/a><\/p>\n<p>&nbsp;<\/p>\n<p><a href=\"https:\/\/blogs.diariosur.es\/tormentas-y-rayos\/2013\/01\/22\/alerta-amarilla-por-nevadas-en-antequera-fotos-de-paris-nevada-por-jose-blanco\/radar-19\/\" rel=\"attachment wp-att-4732\"><img loading=\"lazy\" class=\"aligncenter size-full wp-image-4732\" title=\"radar\" src=\"\/tormentas-y-rayos\/wp-content\/uploads\/sites\/12\/2013\/01\/radar1.jpg\" alt=\"\" width=\"606\" height=\"544\" srcset=\"https:\/\/static-blogs.diariosur.es\/wp-content\/uploads\/sites\/12\/2013\/01\/radar1.jpg 606w, https:\/\/static-blogs.diariosur.es\/wp-content\/uploads\/sites\/12\/2013\/01\/radar1-446x400.jpg 446w\" sizes=\"(max-width: 606px) 100vw, 606px\" \/><\/a><\/p>\n<p><strong>Ayer os comentaba que una masa de aire frio mar\u00edtimo\u00a0 polar, traer\u00eda consigo una bajada de temperaturas y nieve en muchos puntos de la\u00a0pen\u00ednsula\u00a0 Aqu\u00ed en esta imagen de masas de aire la pod\u00e9is ver perfectamente. El color mas violeta es la masa de aire polar mar\u00edtimo. Fuente aemet y eumetsat.<\/strong><\/p>\n<p>&nbsp;<\/p>\n<p><a href=\"https:\/\/blogs.diariosur.es\/tormentas-y-rayos\/2013\/01\/22\/alerta-amarilla-por-nevadas-en-antequera-fotos-de-paris-nevada-por-jose-blanco\/masas-de-aire\/\" rel=\"attachment wp-att-4733\"><img loading=\"lazy\" class=\"aligncenter size-full wp-image-4733\" title=\"masas de aire\" src=\"\/tormentas-y-rayos\/wp-content\/uploads\/sites\/12\/2013\/01\/masas-de-aire.jpg\" alt=\"\" width=\"576\" height=\"527\" srcset=\"https:\/\/static-blogs.diariosur.es\/wp-content\/uploads\/sites\/12\/2013\/01\/masas-de-aire.jpg 576w, https:\/\/static-blogs.diariosur.es\/wp-content\/uploads\/sites\/12\/2013\/01\/masas-de-aire-437x400.jpg 437w\" sizes=\"(max-width: 576px) 100vw, 576px\" \/><\/a><\/p>\n<p>&nbsp;<\/p>\n<p><strong>Poco mas que contar sobre esta situaci\u00f3n, abrigaros a partir de esta tarde noche y sobre todo ma\u00f1ana\u00a0mi\u00e9rcoles\u00a0.<\/strong><\/p>\n<p><strong>Hoy hemos\u00a0amanecido\u00a0con una\u00a0m\u00ednima\u00a0de 7 grados, los cielos estaban poco nubosos. Pero he sido valiente y he tirado para la playa par ver el amanecer.\u00a0All\u00ed\u00a0me he encontrado con tres valientes mas, \u00a0Paqui Carnero, Pedro Toro y Antonio Portillo. Os paso un par de fotos.<\/strong><\/p>\n<p><a href=\"https:\/\/blogs.diariosur.es\/tormentas-y-rayos\/2013\/01\/22\/alerta-amarilla-por-nevadas-en-antequera-fotos-de-paris-nevada-por-jose-blanco\/olympus-digital-camera-1049\/\" rel=\"attachment wp-att-4736\"><img loading=\"lazy\" class=\"aligncenter size-full wp-image-4736\" title=\"OLYMPUS DIGITAL CAMERA\" src=\"\/tormentas-y-rayos\/wp-content\/uploads\/sites\/12\/2013\/01\/015.jpg\" alt=\"\" width=\"670\" height=\"503\" srcset=\"https:\/\/static-blogs.diariosur.es\/wp-content\/uploads\/sites\/12\/2013\/01\/015.jpg 670w, https:\/\/static-blogs.diariosur.es\/wp-content\/uploads\/sites\/12\/2013\/01\/015-533x400.jpg 533w\" sizes=\"(max-width: 670px) 100vw, 670px\" \/><\/a><\/p>\n<p>&nbsp;<\/p>\n<p><a href=\"https:\/\/blogs.diariosur.es\/tormentas-y-rayos\/2013\/01\/22\/alerta-amarilla-por-nevadas-en-antequera-fotos-de-paris-nevada-por-jose-blanco\/olympus-digital-camera-1050\/\" rel=\"attachment wp-att-4737\"><img loading=\"lazy\" class=\"aligncenter size-full wp-image-4737\" title=\"OLYMPUS DIGITAL CAMERA\" src=\"\/tormentas-y-rayos\/wp-content\/uploads\/sites\/12\/2013\/01\/008.jpg\" alt=\"\" width=\"670\" height=\"503\" srcset=\"https:\/\/static-blogs.diariosur.es\/wp-content\/uploads\/sites\/12\/2013\/01\/008.jpg 670w, https:\/\/static-blogs.diariosur.es\/wp-content\/uploads\/sites\/12\/2013\/01\/008-533x400.jpg 533w\" sizes=\"(max-width: 670px) 100vw, 670px\" \/><\/a><\/p>\n<p>&nbsp;<\/p>\n<p><a href=\"https:\/\/blogs.diariosur.es\/tormentas-y-rayos\/2013\/01\/22\/alerta-amarilla-por-nevadas-en-antequera-fotos-de-paris-nevada-por-jose-blanco\/olympus-digital-camera-1051\/\" rel=\"attachment wp-att-4738\"><img loading=\"lazy\" class=\"aligncenter size-full wp-image-4738\" title=\"OLYMPUS DIGITAL CAMERA\" src=\"\/tormentas-y-rayos\/wp-content\/uploads\/sites\/12\/2013\/01\/025.jpg\" alt=\"\" width=\"670\" height=\"503\" srcset=\"https:\/\/static-blogs.diariosur.es\/wp-content\/uploads\/sites\/12\/2013\/01\/025.jpg 670w, https:\/\/static-blogs.diariosur.es\/wp-content\/uploads\/sites\/12\/2013\/01\/025-533x400.jpg 533w\" sizes=\"(max-width: 670px) 100vw, 670px\" \/><\/a><\/p>\n<p><strong>Como todos\u00a0sab\u00e9is, una ola de fr\u00edo ha estado afectando a casi toda Europa. En\u00a0Par\u00eds\u00a0este Enero ya ha tenido varias nevadas, mi amigo Jose Blanco y su mujer Monica ,han podido disfrutar el pasado fin de semana en Paris ,de una bellas estampas de nieve . Jose y Monica quieren compartir con todos nosotros estas bellas\u00a0im\u00e1genes.\u00a0<\/strong><\/p>\n<p><a href=\"https:\/\/blogs.diariosur.es\/tormentas-y-rayos\/2013\/01\/22\/alerta-amarilla-por-nevadas-en-antequera-fotos-de-paris-nevada-por-jose-blanco\/_dsc0417_1\/\" rel=\"attachment wp-att-4739\"><img loading=\"lazy\" class=\"aligncenter size-full wp-image-4739\" title=\"_DSC0417_1\" src=\"\/tormentas-y-rayos\/wp-content\/uploads\/sites\/12\/2013\/01\/DSC0417_1.jpg\" alt=\"\" width=\"670\" height=\"445\" srcset=\"https:\/\/static-blogs.diariosur.es\/wp-content\/uploads\/sites\/12\/2013\/01\/DSC0417_1.jpg 670w, https:\/\/static-blogs.diariosur.es\/wp-content\/uploads\/sites\/12\/2013\/01\/DSC0417_1-602x400.jpg 602w\" sizes=\"(max-width: 670px) 100vw, 670px\" \/><\/a><\/p>\n<p><a href=\"https:\/\/blogs.diariosur.es\/tormentas-y-rayos\/2013\/01\/22\/alerta-amarilla-por-nevadas-en-antequera-fotos-de-paris-nevada-por-jose-blanco\/_dsc0450_1\/\" rel=\"attachment wp-att-4740\"><img loading=\"lazy\" class=\"aligncenter size-full wp-image-4740\" title=\"_DSC0450_1\" src=\"\/tormentas-y-rayos\/wp-content\/uploads\/sites\/12\/2013\/01\/DSC0450_1.jpg\" alt=\"\" width=\"670\" height=\"445\" srcset=\"https:\/\/static-blogs.diariosur.es\/wp-content\/uploads\/sites\/12\/2013\/01\/DSC0450_1.jpg 670w, https:\/\/static-blogs.diariosur.es\/wp-content\/uploads\/sites\/12\/2013\/01\/DSC0450_1-602x400.jpg 602w\" sizes=\"(max-width: 670px) 100vw, 670px\" \/><\/a><\/p>\n<p>&nbsp;<\/p>\n<p><a href=\"https:\/\/blogs.diariosur.es\/tormentas-y-rayos\/2013\/01\/22\/alerta-amarilla-por-nevadas-en-antequera-fotos-de-paris-nevada-por-jose-blanco\/_dsc0459_1\/\" rel=\"attachment wp-att-4741\"><img loading=\"lazy\" class=\"aligncenter size-full wp-image-4741\" title=\"_DSC0459_1\" src=\"\/tormentas-y-rayos\/wp-content\/uploads\/sites\/12\/2013\/01\/DSC0459_1.jpg\" alt=\"\" width=\"670\" height=\"445\" srcset=\"https:\/\/static-blogs.diariosur.es\/wp-content\/uploads\/sites\/12\/2013\/01\/DSC0459_1.jpg 670w, https:\/\/static-blogs.diariosur.es\/wp-content\/uploads\/sites\/12\/2013\/01\/DSC0459_1-602x400.jpg 602w\" sizes=\"(max-width: 670px) 100vw, 670px\" \/><\/a><\/p>\n<p><strong>Os dejo con una foto de Fernando Berrocal, los cumulus humilis fueron ayer los protagonistas. Un abrazo a todos.<\/strong><\/p>\n<p><a href=\"https:\/\/blogs.diariosur.es\/tormentas-y-rayos\/2013\/01\/22\/alerta-amarilla-por-nevadas-en-antequera-fotos-de-paris-nevada-por-jose-blanco\/2013-01-21_18-17-15_325_1\/\" rel=\"attachment wp-att-4742\"><img loading=\"lazy\" class=\"aligncenter size-full wp-image-4742\" title=\"2013-01-21_18-17-15_325_1\" src=\"\/tormentas-y-rayos\/wp-content\/uploads\/sites\/12\/2013\/01\/2013-01-21_18-17-15_325_1.jpg\" alt=\"\" width=\"670\" height=\"378\" srcset=\"https:\/\/static-blogs.diariosur.es\/wp-content\/uploads\/sites\/12\/2013\/01\/2013-01-21_18-17-15_325_1.jpg 670w, https:\/\/static-blogs.diariosur.es\/wp-content\/uploads\/sites\/12\/2013\/01\/2013-01-21_18-17-15_325_1-640x361.jpg 640w\" sizes=\"(max-width: 670px) 100vw, 670px\" \/><\/a><\/p>\n","protected":false},"excerpt":{"rendered":"<p>Buenos dias amigos de la meteo. No pensaba abrir un nuevo post hasta ma\u00f1ana, pero se adelantan los chubascos previstos para hoy y\u00a0tambi\u00e9n\u00a0la masa polar\u00a0mar\u00edtima\u00a0. La aemet activa la alerta amarilla por nieve en la Comarca de Antequera.\u00a0 &nbsp; Ayer os abr\u00eda este post explicando la situaci\u00f3n que tendr\u00edamos los primeros d\u00edas de la semana. [&hellip;]<\/p>\n","protected":false},"author":16,"featured_media":4743,"comment_status":"open","ping_status":"closed","sticky":false,"template":"","format":"standard","meta":[],"categories":[2],"tags":[63,91,112,690,755],"_links":{"self":[{"href":"https:\/\/blogs.diariosur.es\/tormentas-y-rayos\/wp-json\/wp\/v2\/posts\/4730"}],"collection":[{"href":"https:\/\/blogs.diariosur.es\/tormentas-y-rayos\/wp-json\/wp\/v2\/posts"}],"about":[{"href":"https:\/\/blogs.diariosur.es\/tormentas-y-rayos\/wp-json\/wp\/v2\/types\/post"}],"author":[{"embeddable":true,"href":"https:\/\/blogs.diariosur.es\/tormentas-y-rayos\/wp-json\/wp\/v2\/users\/16"}],"replies":[{"embeddable":true,"href":"https:\/\/blogs.diariosur.es\/tormentas-y-rayos\/wp-json\/wp\/v2\/comments?post=4730"}],"version-history":[{"count":0,"href":"https:\/\/blogs.diariosur.es\/tormentas-y-rayos\/wp-json\/wp\/v2\/posts\/4730\/revisions"}],"wp:featuredmedia":[{"embeddable":true,"href":"https:\/\/blogs.diariosur.es\/tormentas-y-rayos\/wp-json\/wp\/v2\/media\/4743"}],"wp:attachment":[{"href":"https:\/\/blogs.diariosur.es\/tormentas-y-rayos\/wp-json\/wp\/v2\/media?parent=4730"}],"wp:term":[{"taxonomy":"category","embeddable":true,"href":"https:\/\/blogs.diariosur.es\/tormentas-y-rayos\/wp-json\/wp\/v2\/categories?post=4730"},{"taxonomy":"post_tag","embeddable":true,"href":"https:\/\/blogs.diariosur.es\/tormentas-y-rayos\/wp-json\/wp\/v2\/tags?post=4730"}],"curies":[{"name":"wp","href":"https:\/\/api.w.org\/{rel}","templated":true}]}}