{"id":47377,"date":"2025-11-17T08:04:42","date_gmt":"2025-11-17T07:04:42","guid":{"rendered":"https:\/\/blogs.diariosur.es\/tormentas-y-rayos\/?p=47377"},"modified":"2025-11-17T11:34:21","modified_gmt":"2025-11-17T10:34:21","slug":"antes-las-sequias-eran-tambien-por-los-aviones-o-por-los-brujos-y-brujas","status":"publish","type":"post","link":"https:\/\/blogs.diariosur.es\/tormentas-y-rayos\/2025\/11\/17\/antes-las-sequias-eran-tambien-por-los-aviones-o-por-los-brujos-y-brujas\/","title":{"rendered":"\u00bfAntes las sequ\u00edas eran tambi\u00e9n por los aviones, o por los brujos y brujas?"},"content":{"rendered":"<blockquote><p><a href=\"https:\/\/static-blogs.diariosur.es\/wp-content\/uploads\/sites\/12\/2023\/09\/375323357_10227521084351690_5428862938073510864_n.jpg\"><img loading=\"lazy\" class=\"aligncenter size-thumbnail wp-image-38274\" src=\"https:\/\/static-blogs.diariosur.es\/wp-content\/uploads\/sites\/12\/2023\/09\/375323357_10227521084351690_5428862938073510864_n-150x150.jpg\" alt=\"\" width=\"150\" height=\"150\" \/><\/a><\/p><\/blockquote>\n<p data-pm-slice=\"1 1 []\">Antes de hablaros de las sequ\u00edas, os comento que esta pasada madrugada han ca\u00eddo chubascos en la provincia malague\u00f1a e incluso en la capital. Hoy nuevamente hay probabilidad de chubascos; nuestra amiga Claudia est\u00e1 dando sus \u00faltimos coletazos. Para los que ayer no vieron el post, os pongo nuevamente los acumulados desde el jueves al s\u00e1bado en la provincia. A estos hay que sumarles de ayer domingo y esta pasada madrugada algunos litrillos.<\/p>\n<p data-pm-slice=\"1 1 []\"><a href=\"https:\/\/blogs.diariosur.es\/tormentas-y-rayos\/2025\/11\/16\/acumulados-de-precipitacion-en-la-provincia-de-malaga-hasta-el-sabado\/\"><span style=\"color: #0000ff;\"><strong>Acumulados precipitaci\u00f3n en la provincia malague\u00f1a.<\/strong><\/span><\/a><\/p>\n<p>&nbsp;<\/p>\n<h3><span style=\"color: #ff0000;\"><strong>\u00bfAntes las sequ\u00edas eran tambi\u00e9n por los aviones, o por los brujos y brujas?<\/strong><\/span><\/h3>\n<p data-pm-slice=\"1 1 []\">Esta foto la hice el martes 11 de noviembre; el cielo de M\u00e1laga y toda Andaluc\u00eda estaba con estelas de aviones; el d\u00eda 13 de madrugada empezaba a llover. Vi por redes montones de comentarios que dec\u00edan que estaban echando un producto para que no lloviera. Estos comentarios, incluso donde hago la compra y me tomo una ca\u00f1a, eran la comidilla del d\u00eda.<\/p>\n<p data-pm-slice=\"1 1 []\">Os pongo nuevamente, despu\u00e9s de la foto, el post donde<strong> hace unos a\u00f1os<\/strong> hablaba de las sequ\u00edas.<\/p>\n<p>&nbsp;<\/p>\n<p><a href=\"https:\/\/static-blogs.diariosur.es\/wp-content\/uploads\/sites\/12\/2025\/11\/583436390_10235277738263190_4028285322521101809_n-e1763361782860.jpg\"><img loading=\"lazy\" class=\"aligncenter size-full wp-image-47601\" src=\"https:\/\/static-blogs.diariosur.es\/wp-content\/uploads\/sites\/12\/2025\/11\/583436390_10235277738263190_4028285322521101809_n-e1763361782860.jpg\" alt=\"\" width=\"1000\" height=\"750\" \/><\/a><\/p>\n<p>&nbsp;<\/p>\n<p data-pm-slice=\"1 1 []\">Buenos d\u00edas, amigos de la meteo. Los aviones o avionetas solo pasan por M\u00e1laga; la tienen tomada con nosotros. Menos mal que de vez en cuando se quedan sin gasolina y llueve en todos los portales. Lo que s\u00ed est\u00e1 claro es que por Galicia, Asturias, Cantabria y Pa\u00eds Vasco no pasan. Iros haciendo a la idea de que con el cambio clim\u00e1tico las sequ\u00edas ser\u00e1n m\u00e1s duraderas; tambi\u00e9n se dar\u00e1n lluvias m\u00e1s torrenciales que solo hacen da\u00f1o. Esperemos que este oto\u00f1o e invierno lleguen los \u00e1bregos a toda Andaluc\u00eda y nos den un respiro; si no es as\u00ed, lo pasaremos muy mal el a\u00f1o que viene.<\/p>\n<p>&nbsp;<\/p>\n<h3><span style=\"color: #0000ff;\"><strong>Nuestras sequ\u00edas de siempre.<\/strong><\/span><\/h3>\n<div dir=\"auto\">\n<div class=\"cxmmr5t8 oygrvhab hcukyx3x c1et5uql o9v6fnle ii04i59q\">\n<div dir=\"auto\">\n<div class=\"cxmmr5t8 oygrvhab hcukyx3x c1et5uql o9v6fnle ii04i59q\">\n<div dir=\"auto\">\n<div dir=\"auto\">\n<div class=\"cxmmr5t8 oygrvhab hcukyx3x c1et5uql o9v6fnle ii04i59q\">\n<div dir=\"auto\">\n<p>Os voy a pasar datos de sequ\u00edas que hemos tenido.<\/p>\n<p>&nbsp;<\/p>\n<p>&nbsp;<\/p>\n<p>Independiente de Granada. Grabriel Pozo Felguera. Ministerio de Agricultura. Jose Antonio Maldonado, Mar G\u00f3mez.<\/p>\n<p>&nbsp;<\/p>\n<p style=\"text-align: justify; line-height: 150%; background: white; margin: 0cm 0cm 7.5pt 0cm;\"><span style=\"font-size: 13.0pt; line-height: 150%; font-family: 'Helvetica',sans-serif; color: #333333;\">Si dejamos lejos la \u00faltima glaciaci\u00f3n y nos situamos en las proximidades de la Era Cristiana, nos encontramos con\u00a0la\u00a0<a style=\"box-sizing: border-box; -webkit-tap-highlight-color: transparent;\" href=\"https:\/\/www.tiempo.com\/noticias\/actualidad\/espana-sequia-2019-cambio-climatico.html\" target=\"_blank\" rel=\"noopener external nofollow\"><span style=\"color: #337ab7;\">sequ\u00eda<\/span><\/a>\u00a0que en el a\u00f1o 476 AC asol\u00f3 el sudeste\u00a0peninsular y la que en el 427 AC afect\u00f3 de manera importante a toda la regi\u00f3n mediterr\u00e1nea. Pero la noticia meteorol\u00f3gica m\u00e1s sensacional de estos siglos es sin duda\u00a0la llamada\u00a0\u00abGran Seca\u00bb, que dur\u00f3 26 a\u00f1os, del 224 al 198 AC, de la que dan cuenta Diodoro\u00a0S\u00edculo y otros historiadores,\u00a0a\u00f1adiendo que produjo la ruina general de Hispania.<\/span><\/p>\n<p style=\"text-align: start; line-height: 150%; background: white; box-sizing: border-box; overflow-wrap: break-word; font-variant-ligatures: normal; font-variant-caps: normal; orphans: 2; widows: 2; -webkit-text-stroke-width: 0px; text-decoration-thickness: initial; text-decoration-style: initial; text-decoration-color: initial; word-spacing: 0px; margin: 0cm 0cm 7.5pt 0cm;\"><span style=\"font-size: 13.0pt; line-height: 150%; font-family: 'Helvetica',sans-serif; color: #333333;\">El a\u00f1o que hasta se secaron los olivos:\u00a0 En la<strong style=\"box-sizing: border-box;\"><span style=\"font-family: 'Helvetica',sans-serif;\">\u00a0\u00e9poca goda<\/span><\/strong>\u00a0se registr\u00f3 un periodo clim\u00e1tico suave. Cuentan las cr\u00f3nicas g\u00f3ticas que hacia mitad del reinado de Sisenando (631-6) desaparecieron las nubes sobre la mayor parte de la pen\u00ednsula ib\u00e9rica. Comenzaba un largo periodo sin apenas lluvias que atrajo hambrunas y crisis social. La situaci\u00f3n empeor\u00f3 durante todo el reinado de Chintila (636-9), de manera que mor\u00edan los animales y los \u00e1rboles.\u00a0\u00a0<strong style=\"box-sizing: border-box;\"><span style=\"font-family: 'Helvetica',sans-serif;\">En 641<\/span><\/strong>, ya con Tulga como rey de los godos, la sequ\u00eda era tan alarmante, tras siete a\u00f1os pr\u00e1cticamente sin llover, que muri\u00f3 la mayor parte de los olivos de la antigua provincia B\u00e9tica romana. Es decir, desaparecieron por sequ\u00eda hasta los olivos que alimentaron al imperio romano durante casi siete siglos (el 70% de las \u00e1nforas olearias del monte Testaccio llevan sellos b\u00e9ticos). El olivar deb\u00eda poblar Andaluc\u00eda en superficie muy similar a la actual.<\/span><\/p>\n<p style=\"text-align: start; line-height: 150%; background: white; box-sizing: border-box; overflow-wrap: break-word; font-variant-ligatures: normal; font-variant-caps: normal; orphans: 2; widows: 2; -webkit-text-stroke-width: 0px; text-decoration-thickness: initial; text-decoration-style: initial; text-decoration-color: initial; word-spacing: 0px; margin: 0cm 0cm 7.5pt 0cm;\"><span style=\"font-size: 13.0pt; line-height: 150%; font-family: 'Helvetica',sans-serif; color: #333333;\">En el a\u00f1o 1504, seg\u00fan cita de Lin\u00e9s (1990, 2001), fue quiz\u00e1s el peor, \u201cprodigiosamente infausto para Castilla\u201d y \u201cm\u00e1s horrible en la parte baja de Andaluc\u00eda\u201d.<\/span><\/p>\n<p style=\"text-align: start; line-height: 150%; background: white; box-sizing: border-box; overflow-wrap: break-word; font-variant-ligatures: normal; font-variant-caps: normal; orphans: 2; widows: 2; -webkit-text-stroke-width: 0px; text-decoration-thickness: initial; text-decoration-style: initial; text-decoration-color: initial; word-spacing: 0px; margin: 0cm 0cm 7.5pt 0cm;\"><span style=\"font-size: 13.0pt; line-height: 150%; font-family: 'Helvetica',sans-serif; color: #333333;\">En 1606, cuenta D\u00edaz de Escovar (1899) y Estrada (1970): muertes en\u00a0<strong style=\"box-sizing: border-box;\"><span style=\"font-family: 'Helvetica',sans-serif;\">M\u00e1laga<\/span><\/strong>\u00a0por hambre en abril de aquel a\u00f1o derivada de sequ\u00eda de 1605.<\/span><\/p>\n<p style=\"text-align: start; line-height: 150%; background: white; box-sizing: border-box; overflow-wrap: break-word; font-variant-ligatures: normal; font-variant-caps: normal; orphans: 2; widows: 2; -webkit-text-stroke-width: 0px; text-decoration-thickness: initial; text-decoration-style: initial; text-decoration-color: initial; word-spacing: 0px; margin: 0cm 0cm 7.5pt 0cm;\"><span style=\"font-size: 13.0pt; line-height: 150%; font-family: 'Helvetica',sans-serif; color: #333333;\">Hubo una serie de sequ\u00edas dentro de un per\u00edodo seco general entre 1901 y 1920; estas sequ\u00edas destacables ocurrieron en los a\u00f1os 1905, 1907, 1913 y 1918, seg\u00fan el autor Font Tullot (1988).<\/span><\/p>\n<p style=\"text-align: start; line-height: 150%; background: white; box-sizing: border-box; overflow-wrap: break-word; font-variant-ligatures: normal; font-variant-caps: normal; orphans: 2; widows: 2; -webkit-text-stroke-width: 0px; text-decoration-thickness: initial; text-decoration-style: initial; text-decoration-color: initial; word-spacing: 0px; margin: 0cm 0cm 7.5pt 0cm;\"><span style=\"font-size: 13.0pt; line-height: 150%; font-family: 'Helvetica',sans-serif; color: #333333;\">En el estudio de rachas de sequ\u00edas de las series largas de precipitaci\u00f3n registrada, se detecta una intensa racha seca durante los a\u00f1os hidrol\u00f3gicos 1935-40 en el sureste, pero no hay evidencias de que afectara al resto peninsular, con la salvedad del NW en 1937. Esa falta de evidencia pudiera deberse a la falta de registros a causa de la guerra civil. En el estudio de rachas de sequ\u00edas de las series de precipitaci\u00f3n reconstruida en cada zona SIEH, se detecta una sequ\u00eda en el SE peninsular que engloba esos a\u00f1os.<\/span><\/p>\n<p style=\"text-align: start; line-height: 150%; background: white; box-sizing: border-box; overflow-wrap: break-word; font-variant-ligatures: normal; font-variant-caps: normal; orphans: 2; widows: 2; -webkit-text-stroke-width: 0px; text-decoration-thickness: initial; text-decoration-style: initial; text-decoration-color: initial; word-spacing: 0px; margin: 0cm 0cm 7.5pt 0cm;\"><span style=\"font-size: 13.0pt; line-height: 150%; font-family: 'Helvetica',sans-serif; color: #333333;\">Otras sequ\u00edas m\u00e1s recientes: 1942-46; 1948-51; 1953-55; 1956-59; 1964-65; 1966-68; 1970-71; 1973-76; 1980-86. La del 73\/76 y 80\/86 fueron sever\u00edsimas; hubo cortes de agua en M\u00e1laga.<\/span><\/p>\n<p style=\"text-align: start; line-height: 150%; background: white; box-sizing: border-box; overflow-wrap: break-word; font-variant-ligatures: normal; font-variant-caps: normal; orphans: 2; widows: 2; -webkit-text-stroke-width: 0px; text-decoration-thickness: initial; text-decoration-style: initial; text-decoration-color: initial; word-spacing: 0px; margin: 0cm 0cm 7.5pt 0cm;\"><span style=\"font-size: 13.0pt; line-height: 150%; font-family: 'Helvetica',sans-serif; color: #333333;\">En estos \u00faltimos 27 a\u00f1os tambi\u00e9n se han dado sequ\u00edas como las de 1995\/99, 2005 al 2009, 2013 al 2016.<\/span><\/p>\n<p><strong>Mar G\u00f3mez comentaba esto en Meteored: Las peores sequ\u00edas vividas en Espa\u00f1a<\/strong><\/p>\n<p><strong>La primera gran sequ\u00eda (1749-1753)\u00a0<\/strong><\/p>\n<p>&nbsp;<\/p>\n<p>Esta\u00a0<strong>primera gran sequ\u00eda del siglo XIX<\/strong>\u00a0lleg\u00f3 a secar el r\u00edo Tormes seg\u00fan los escritos y documentos que existen. Afect\u00f3 a la\u00a0<strong>mitad septentriona<\/strong>l, que es, por lo general, la m\u00e1s h\u00fameda. A la vez que se secaron r\u00edos en el norte, en el 1752 se produjeron riadas en el Guadalquivir, algo que muestra el gran contraste que existi\u00f3.<\/p>\n<p><strong>La sequ\u00eda de\u00a01944-1946\u00a0<\/strong><\/p>\n<p>&nbsp;<\/p>\n<p>Esta fue\u00a0<strong>una de las peores sequ\u00edas que se recuerdan en nuestro pa\u00eds,<\/strong>\u00a0ya que r\u00edos como el Ebro perdieron casi su caudal y el r\u00edo Manzanares, en Madrid, desapareci\u00f3 por completo con importantes cortes de agua en la capital.<\/p>\n<p>Seg\u00fan la Agencia Estatal de Meteorolog\u00eda,\u00a0<strong>el porcentaje de precipitaci\u00f3n de ese momento fue el m\u00e1s bajo que se ha registrado entre el a\u00f1o 1940 y 2003.<\/strong><\/p>\n<p><strong>La sequ\u00eda de\u00a01979-1983<\/strong><\/p>\n<p>&nbsp;<\/p>\n<p>El J\u00facar\u00a0es uno de los ejemplos de la sequ\u00eda de aquel momento. Los embalses de la cuenca descendieron\u00a0hasta retener tan solo\u00a0116 hm3\u00a0de agua.\u00a0 Ciudades como Sevilla tuvieron que cortar el agua unas 10 horas al d\u00eda.<\/p>\n<p><strong>Sequ\u00eda de\u00a01991-1995<\/strong><\/p>\n<p>&nbsp;<\/p>\n<p>Durante estos a\u00f1os, en especial los tres primeros,\u00a0<strong>los recursos h\u00eddricos estaban al 28% de su capacidad habitual y en 1995 se redujeron al 15%.\u00a0 <\/strong>Esto provoc\u00f3 graves restricciones y cortes de agua, como ocurri\u00f3 en Madrid o el Pa\u00eds Vasco.<\/p>\n<p><strong>Os paso a Crist\u00f3bal Gambero, que habla de las sequ\u00edas en Mijas Pueblo.\u00a0<\/strong><\/p>\n<p>&nbsp;<\/p>\n<p data-pm-slice=\"1 1 []\">MIJAS: DATOS PROPIOS Y OFICIALES. CRIST\u00d3BAL GAMBERO.<\/p>\n<p>Los primeros datos oficiales de lluvias que tenemos de nuestro municipio datan de la d\u00e9cada de los 50 del siglo pasado y son de Mijas Pueblo.<\/p>\n<p>Ver\u00e9is\u2026 en muchas zonas de nuestro pa\u00eds exist\u00eda la figura del \u201ccolaborador\u201d, que era la persona encargada de recoger datos de lluvia, temperatura, humedad, etc. Estos datos los anotaba en peque\u00f1as plantillas y posteriormente los mandaba al Servicio Central Meteorol\u00f3gico, llamado as\u00ed en aquella \u00e9poca, que posteriormente, en 1978, se llam\u00f3 Instituto Nacional de Meteorolog\u00eda (I.N.M.), hoy denominado Agencia Estatal de Meteorolog\u00eda (AEMET). En el caso de Mijas, el encargado de recoger estos datos y mandarlos era el Sr. Mart\u00edn Arias, m\u00e1s conocido como Mart\u00edn el Guardamontes; que cualquier d\u00eda dedicaremos un cap\u00edtulo aparte a esta persona.<\/p>\n<p>En esos primeros a\u00f1os de los \u201950 nos damos cuenta de que tambi\u00e9n sufrimos a\u00f1os relativamente secos, como en 1951 con 500 litros.<\/p>\n<p>En la d\u00e9cada de los \u201960 hubo a\u00f1os como el de 1966 con tan solo 425 litros. Estas dos d\u00e9cadas antes mencionadas son las que siempre recuerdan las personas mayores de nuestro pueblo como lluviosas, eso dicho de&#8230; \u00a1\u00a1\u00a1Antes llov\u00eda m\u00e1s!!!, pero como veis\u2026 tambi\u00e9n hubo periodos secos.<\/p>\n<p>En el periodo de los a\u00f1os 70, hubo tambi\u00e9n un a\u00f1o de pocas lluvias, como fue 1975, con tan solo 436 litros.<\/p>\n<p>En los a\u00f1os 80 tambi\u00e9n sufrimos la sequ\u00eda, concretamente el a\u00f1o 1983 con tan solo 422 litros.<\/p>\n<p>Pero quiz\u00e1s fue la d\u00e9cada de los a\u00f1os 90 cuando sufrimos dos de los periodos m\u00e1s secos que se conocen y que est\u00e1n registrados. El a\u00f1o 1999 solo se registr\u00f3 362 litros y 1995 fue el a\u00f1o m\u00e1s seco que se conoce hasta la fecha, con tan solo 286 litros. Si lo record\u00e1is los que ya ten\u00e9is una cierta edad, hubo restricciones de agua en pr\u00e1cticamente toda la Costa del Sol; los campos de golf yo los recuerdo amarillos por la falta de agua y se perdieron bastantes \u00e1rboles.<\/p>\n<p>En esta d\u00e9cada de los \u201990, curiosamente, tambi\u00e9n se dieron periodos de abundante precipitaci\u00f3n, como en 1989-1990, que se registraron m\u00e1s de 1700 litros, o 1996 y 1997, con m\u00e1s de 1100 litros, cada uno.<\/p>\n<p>Ya m\u00e1s reciente, en la d\u00e9cada de los 2000, de nuevo se produjeron a\u00f1os secos como en 2014 con tan solo 343 litros (2.\u00ba peor registro despu\u00e9s del a\u00f1o 1995); este ha sido el \u00faltimo y rese\u00f1able a\u00f1o seco que hemos tenido hasta la fecha.<\/p>\n<p>Decir por \u00faltimo\u2026 y para que teng\u00e1is una visi\u00f3n de lo que es sequ\u00eda o no\u2026 que la media que necesita Mijas Pueblo en un a\u00f1o normal de lluvias son unos 700 litros.<\/p>\n<\/div>\n<\/div>\n<p>&nbsp;<\/p>\n<div class=\"cxmmr5t8 oygrvhab hcukyx3x c1et5uql o9v6fnle ii04i59q\">\n<div dir=\"auto\"><a href=\"https:\/\/static-blogs.diariosur.es\/wp-content\/uploads\/sites\/12\/2025\/07\/232430118_10223018208742614_3933191996785520979_n.jpg\"><img loading=\"lazy\" class=\"aligncenter size-full wp-image-45415\" src=\"https:\/\/static-blogs.diariosur.es\/wp-content\/uploads\/sites\/12\/2025\/07\/232430118_10223018208742614_3933191996785520979_n.jpg\" alt=\"\" width=\"391\" height=\"392\" srcset=\"https:\/\/static-blogs.diariosur.es\/wp-content\/uploads\/sites\/12\/2025\/07\/232430118_10223018208742614_3933191996785520979_n.jpg 391w, https:\/\/static-blogs.diariosur.es\/wp-content\/uploads\/sites\/12\/2025\/07\/232430118_10223018208742614_3933191996785520979_n-150x150.jpg 150w\" sizes=\"(max-width: 391px) 100vw, 391px\" \/><\/a><\/div>\n<div dir=\"auto\"><\/div>\n<\/div>\n<\/div>\n<\/div>\n<div dir=\"auto\"><\/div>\n<div dir=\"auto\">\n<div dir=\"auto\"><\/div>\n<div dir=\"auto\"><\/div>\n<div dir=\"auto\"><\/div>\n<div dir=\"auto\"><\/div>\n<div dir=\"auto\"><\/div>\n<div dir=\"auto\"><a href=\"https:\/\/static-blogs.diariosur.es\/wp-content\/uploads\/sites\/12\/2024\/09\/53632835181_a9ec159153_o.jpg\"><img loading=\"lazy\" class=\"aligncenter size-full wp-image-41985\" src=\"https:\/\/static-blogs.diariosur.es\/wp-content\/uploads\/sites\/12\/2024\/09\/53632835181_a9ec159153_o-e1727194048728.jpg\" alt=\"\" width=\"1200\" height=\"900\" \/><\/a><\/div>\n<\/div>\n<\/div>\n<\/div>\n<\/div>\n<\/div>\n<div dir=\"auto\"><\/div>\n<div dir=\"auto\"><\/div>\n<p><a href=\"https:\/\/static-blogs.diariosur.es\/wp-content\/uploads\/sites\/12\/2024\/09\/13899949118_c6bbeafa2a_b-1.jpg\"><img loading=\"lazy\" class=\"aligncenter size-full wp-image-41991\" src=\"https:\/\/static-blogs.diariosur.es\/wp-content\/uploads\/sites\/12\/2024\/09\/13899949118_c6bbeafa2a_b-1.jpg\" alt=\"\" width=\"1024\" height=\"684\" srcset=\"https:\/\/static-blogs.diariosur.es\/wp-content\/uploads\/sites\/12\/2024\/09\/13899949118_c6bbeafa2a_b-1.jpg 1024w, https:\/\/static-blogs.diariosur.es\/wp-content\/uploads\/sites\/12\/2024\/09\/13899949118_c6bbeafa2a_b-1-599x400.jpg 599w, https:\/\/static-blogs.diariosur.es\/wp-content\/uploads\/sites\/12\/2024\/09\/13899949118_c6bbeafa2a_b-1-768x513.jpg 768w\" sizes=\"(max-width: 1024px) 100vw, 1024px\" \/><\/a><\/p>\n<div dir=\"auto\"><\/div>\n<div dir=\"auto\"><\/div>\n<div dir=\"auto\"><a href=\"https:\/\/static-blogs.diariosur.es\/wp-content\/uploads\/sites\/12\/2024\/09\/53439660859_67b6849948_b.jpg\"><img loading=\"lazy\" class=\"aligncenter size-full wp-image-41988\" src=\"https:\/\/static-blogs.diariosur.es\/wp-content\/uploads\/sites\/12\/2024\/09\/53439660859_67b6849948_b.jpg\" alt=\"\" width=\"1024\" height=\"683\" srcset=\"https:\/\/static-blogs.diariosur.es\/wp-content\/uploads\/sites\/12\/2024\/09\/53439660859_67b6849948_b.jpg 1024w, https:\/\/static-blogs.diariosur.es\/wp-content\/uploads\/sites\/12\/2024\/09\/53439660859_67b6849948_b-600x400.jpg 600w, https:\/\/static-blogs.diariosur.es\/wp-content\/uploads\/sites\/12\/2024\/09\/53439660859_67b6849948_b-768x512.jpg 768w\" sizes=\"(max-width: 1024px) 100vw, 1024px\" \/><\/a><\/div>\n<div dir=\"auto\">\n<div class=\"cxmmr5t8 oygrvhab hcukyx3x c1et5uql o9v6fnle ii04i59q\">\n<div dir=\"auto\"><\/div>\n<\/div>\n<\/div>\n","protected":false},"excerpt":{"rendered":"<p>Antes de hablaros de las sequ\u00edas, os comento que esta pasada madrugada han ca\u00eddo chubascos en la provincia malague\u00f1a e incluso en la capital. Hoy nuevamente hay probabilidad de chubascos; nuestra amiga Claudia est\u00e1 dando sus \u00faltimos coletazos. Para los que ayer no vieron el post, os pongo nuevamente los acumulados desde el jueves al [&hellip;]<\/p>\n","protected":false},"author":16,"featured_media":47601,"comment_status":"open","ping_status":"open","sticky":false,"template":"","format":"standard","meta":[],"categories":[2],"tags":[150,2082,1959,1268],"_links":{"self":[{"href":"https:\/\/blogs.diariosur.es\/tormentas-y-rayos\/wp-json\/wp\/v2\/posts\/47377"}],"collection":[{"href":"https:\/\/blogs.diariosur.es\/tormentas-y-rayos\/wp-json\/wp\/v2\/posts"}],"about":[{"href":"https:\/\/blogs.diariosur.es\/tormentas-y-rayos\/wp-json\/wp\/v2\/types\/post"}],"author":[{"embeddable":true,"href":"https:\/\/blogs.diariosur.es\/tormentas-y-rayos\/wp-json\/wp\/v2\/users\/16"}],"replies":[{"embeddable":true,"href":"https:\/\/blogs.diariosur.es\/tormentas-y-rayos\/wp-json\/wp\/v2\/comments?post=47377"}],"version-history":[{"count":22,"href":"https:\/\/blogs.diariosur.es\/tormentas-y-rayos\/wp-json\/wp\/v2\/posts\/47377\/revisions"}],"predecessor-version":[{"id":47619,"href":"https:\/\/blogs.diariosur.es\/tormentas-y-rayos\/wp-json\/wp\/v2\/posts\/47377\/revisions\/47619"}],"wp:featuredmedia":[{"embeddable":true,"href":"https:\/\/blogs.diariosur.es\/tormentas-y-rayos\/wp-json\/wp\/v2\/media\/47601"}],"wp:attachment":[{"href":"https:\/\/blogs.diariosur.es\/tormentas-y-rayos\/wp-json\/wp\/v2\/media?parent=47377"}],"wp:term":[{"taxonomy":"category","embeddable":true,"href":"https:\/\/blogs.diariosur.es\/tormentas-y-rayos\/wp-json\/wp\/v2\/categories?post=47377"},{"taxonomy":"post_tag","embeddable":true,"href":"https:\/\/blogs.diariosur.es\/tormentas-y-rayos\/wp-json\/wp\/v2\/tags?post=47377"}],"curies":[{"name":"wp","href":"https:\/\/api.w.org\/{rel}","templated":true}]}}