{"id":47400,"date":"2025-11-09T12:01:13","date_gmt":"2025-11-09T11:01:13","guid":{"rendered":"https:\/\/blogs.diariosur.es\/tormentas-y-rayos\/?p=47400"},"modified":"2025-11-09T12:01:13","modified_gmt":"2025-11-09T11:01:13","slug":"que-veranillo-toca-ahora-el-tiempo-en-malaga-y-andalucia","status":"publish","type":"post","link":"https:\/\/blogs.diariosur.es\/tormentas-y-rayos\/2025\/11\/09\/que-veranillo-toca-ahora-el-tiempo-en-malaga-y-andalucia\/","title":{"rendered":"\u00bfQu\u00e9 veranillo toca ahora? El tiempo en M\u00e1laga y Andaluc\u00eda"},"content":{"rendered":"<p data-pm-slice=\"1 1 []\"><a href=\"https:\/\/static-blogs.diariosur.es\/wp-content\/uploads\/sites\/12\/2025\/10\/444912498_10228884468795449_97962860407814916_n.jpg\"><img loading=\"lazy\" class=\"aligncenter size-thumbnail wp-image-46969\" src=\"https:\/\/static-blogs.diariosur.es\/wp-content\/uploads\/sites\/12\/2025\/10\/444912498_10228884468795449_97962860407814916_n-150x150.jpg\" alt=\"\" width=\"150\" height=\"150\" \/><\/a><\/p>\n<p data-pm-slice=\"1 1 []\">Buenos d\u00edas, amigos de la meteo. \u00bfAlguno sabe qu\u00e9 veranillo toca en noviembre? Creo recordar que hay uno que dice: &#8220;<strong><em>El veranillo de San Mart\u00edn dura tres d\u00edas\u2026 y fin&#8221;.<\/em><\/strong><\/p>\n<p>A partir del martes suben las temperaturas m\u00e1ximas, d\u00e1ndose las m\u00e1s altas el mi\u00e9rcoles y el jueves, pero no solo en Andaluc\u00eda, tambi\u00e9n en toda la pen\u00ednsula y Baleares.<\/p>\n<p>Os paso las temperaturas m\u00e1ximas y m\u00ednimas que prev\u00e9 la Aemet para el mi\u00e9rcoles y jueves.<\/p>\n<p>&nbsp;<\/p>\n<p><a href=\"https:\/\/static-blogs.diariosur.es\/wp-content\/uploads\/sites\/12\/2025\/11\/miercoles-1.jpg\"><img loading=\"lazy\" class=\"aligncenter size-full wp-image-47402\" src=\"https:\/\/static-blogs.diariosur.es\/wp-content\/uploads\/sites\/12\/2025\/11\/miercoles-1.jpg\" alt=\"\" width=\"1047\" height=\"832\" srcset=\"https:\/\/static-blogs.diariosur.es\/wp-content\/uploads\/sites\/12\/2025\/11\/miercoles-1.jpg 1047w, https:\/\/static-blogs.diariosur.es\/wp-content\/uploads\/sites\/12\/2025\/11\/miercoles-1-503x400.jpg 503w, https:\/\/static-blogs.diariosur.es\/wp-content\/uploads\/sites\/12\/2025\/11\/miercoles-1-513x408.jpg 513w, https:\/\/static-blogs.diariosur.es\/wp-content\/uploads\/sites\/12\/2025\/11\/miercoles-1-768x610.jpg 768w\" sizes=\"(max-width: 1047px) 100vw, 1047px\" \/><\/a><\/p>\n<p><a href=\"https:\/\/static-blogs.diariosur.es\/wp-content\/uploads\/sites\/12\/2025\/11\/jueves.jpg\"><img loading=\"lazy\" class=\"aligncenter size-full wp-image-47403\" src=\"https:\/\/static-blogs.diariosur.es\/wp-content\/uploads\/sites\/12\/2025\/11\/jueves.jpg\" alt=\"\" width=\"1040\" height=\"829\" srcset=\"https:\/\/static-blogs.diariosur.es\/wp-content\/uploads\/sites\/12\/2025\/11\/jueves.jpg 1040w, https:\/\/static-blogs.diariosur.es\/wp-content\/uploads\/sites\/12\/2025\/11\/jueves-502x400.jpg 502w, https:\/\/static-blogs.diariosur.es\/wp-content\/uploads\/sites\/12\/2025\/11\/jueves-512x408.jpg 512w, https:\/\/static-blogs.diariosur.es\/wp-content\/uploads\/sites\/12\/2025\/11\/jueves-768x612.jpg 768w\" sizes=\"(max-width: 1040px) 100vw, 1040px\" \/><\/a><\/p>\n<p data-pm-slice=\"1 1 []\">Una masa de aire c\u00e1lida de origen africano tomar\u00e1 protagonismo; se esperan anomal\u00edas positivas de temperatura a 850 hPa (1500 m) de hasta 11 \u00baC, como pod\u00e9is ver en este mapa del modelo europeo. Es probable que se batan r\u00e9cords de temperaturas m\u00e1ximas en algunos puntos de Espa\u00f1a y Europa.<\/p>\n<p>Mapa de anomal\u00edas positivas a 850 hPa.<\/p>\n<p>&nbsp;<\/p>\n<p><a href=\"https:\/\/static-blogs.diariosur.es\/wp-content\/uploads\/sites\/12\/2025\/11\/Captura-de-pantalla-2025-11-09-115420.jpg\"><img loading=\"lazy\" class=\"aligncenter size-full wp-image-47401\" src=\"https:\/\/static-blogs.diariosur.es\/wp-content\/uploads\/sites\/12\/2025\/11\/Captura-de-pantalla-2025-11-09-115420.jpg\" alt=\"\" width=\"1175\" height=\"1172\" srcset=\"https:\/\/static-blogs.diariosur.es\/wp-content\/uploads\/sites\/12\/2025\/11\/Captura-de-pantalla-2025-11-09-115420.jpg 1175w, https:\/\/static-blogs.diariosur.es\/wp-content\/uploads\/sites\/12\/2025\/11\/Captura-de-pantalla-2025-11-09-115420-401x400.jpg 401w, https:\/\/static-blogs.diariosur.es\/wp-content\/uploads\/sites\/12\/2025\/11\/Captura-de-pantalla-2025-11-09-115420-409x408.jpg 409w, https:\/\/static-blogs.diariosur.es\/wp-content\/uploads\/sites\/12\/2025\/11\/Captura-de-pantalla-2025-11-09-115420-150x150.jpg 150w, https:\/\/static-blogs.diariosur.es\/wp-content\/uploads\/sites\/12\/2025\/11\/Captura-de-pantalla-2025-11-09-115420-768x766.jpg 768w\" sizes=\"(max-width: 1175px) 100vw, 1175px\" \/><\/a><\/p>\n<p>&nbsp;<\/p>\n<p>Esperemos que esta dorsal suba mucho de latitud y haga bajar a las borrascas a partir del viernes.<\/p>\n","protected":false},"excerpt":{"rendered":"<p>Buenos d\u00edas, amigos de la meteo. \u00bfAlguno sabe qu\u00e9 veranillo toca en noviembre? Creo recordar que hay uno que dice: &#8220;El veranillo de San Mart\u00edn dura tres d\u00edas\u2026 y fin&#8221;. A partir del martes suben las temperaturas m\u00e1ximas, d\u00e1ndose las m\u00e1s altas el mi\u00e9rcoles y el jueves, pero no solo en Andaluc\u00eda, tambi\u00e9n en toda [&hellip;]<\/p>\n","protected":false},"author":16,"featured_media":47404,"comment_status":"open","ping_status":"open","sticky":false,"template":"","format":"standard","meta":[],"categories":[2],"tags":[212,358,718],"_links":{"self":[{"href":"https:\/\/blogs.diariosur.es\/tormentas-y-rayos\/wp-json\/wp\/v2\/posts\/47400"}],"collection":[{"href":"https:\/\/blogs.diariosur.es\/tormentas-y-rayos\/wp-json\/wp\/v2\/posts"}],"about":[{"href":"https:\/\/blogs.diariosur.es\/tormentas-y-rayos\/wp-json\/wp\/v2\/types\/post"}],"author":[{"embeddable":true,"href":"https:\/\/blogs.diariosur.es\/tormentas-y-rayos\/wp-json\/wp\/v2\/users\/16"}],"replies":[{"embeddable":true,"href":"https:\/\/blogs.diariosur.es\/tormentas-y-rayos\/wp-json\/wp\/v2\/comments?post=47400"}],"version-history":[{"count":1,"href":"https:\/\/blogs.diariosur.es\/tormentas-y-rayos\/wp-json\/wp\/v2\/posts\/47400\/revisions"}],"predecessor-version":[{"id":47405,"href":"https:\/\/blogs.diariosur.es\/tormentas-y-rayos\/wp-json\/wp\/v2\/posts\/47400\/revisions\/47405"}],"wp:featuredmedia":[{"embeddable":true,"href":"https:\/\/blogs.diariosur.es\/tormentas-y-rayos\/wp-json\/wp\/v2\/media\/47404"}],"wp:attachment":[{"href":"https:\/\/blogs.diariosur.es\/tormentas-y-rayos\/wp-json\/wp\/v2\/media?parent=47400"}],"wp:term":[{"taxonomy":"category","embeddable":true,"href":"https:\/\/blogs.diariosur.es\/tormentas-y-rayos\/wp-json\/wp\/v2\/categories?post=47400"},{"taxonomy":"post_tag","embeddable":true,"href":"https:\/\/blogs.diariosur.es\/tormentas-y-rayos\/wp-json\/wp\/v2\/tags?post=47400"}],"curies":[{"name":"wp","href":"https:\/\/api.w.org\/{rel}","templated":true}]}}