{"id":47450,"date":"2025-11-10T08:15:22","date_gmt":"2025-11-10T07:15:22","guid":{"rendered":"https:\/\/blogs.diariosur.es\/tormentas-y-rayos\/?p=47450"},"modified":"2025-11-10T08:15:22","modified_gmt":"2025-11-10T07:15:22","slug":"hoy-toca-conocer-a-mi-gran-amigo-cristobal-gambero-30-anos-con-la-aficion-a-la-meteorologia","status":"publish","type":"post","link":"https:\/\/blogs.diariosur.es\/tormentas-y-rayos\/2025\/11\/10\/hoy-toca-conocer-a-mi-gran-amigo-cristobal-gambero-30-anos-con-la-aficion-a-la-meteorologia\/","title":{"rendered":"Hoy toca conocer a mi gran amigo Crist\u00f3bal Gambero, 30 a\u00f1os con la afici\u00f3n a la meteorolog\u00eda."},"content":{"rendered":"<p><a href=\"https:\/\/static-blogs.diariosur.es\/wp-content\/uploads\/sites\/12\/2025\/10\/444912498_10228884468795449_97962860407814916_n.jpg\"><img loading=\"lazy\" class=\"aligncenter size-thumbnail wp-image-46969\" src=\"https:\/\/static-blogs.diariosur.es\/wp-content\/uploads\/sites\/12\/2025\/10\/444912498_10228884468795449_97962860407814916_n-150x150.jpg\" alt=\"\" width=\"150\" height=\"150\" \/><\/a><\/p>\n<p data-pm-slice=\"1 1 []\">Muy buenos d\u00edas, amigos de la meteo. Cuando son las ocho menos cuarto de la ma\u00f1ana en M\u00e1laga capital, el aeropuerto ha registrado una m\u00ednima de 10,5 \u00baC, los cielos est\u00e1n poco nubosos y el viento sopla flojo de componente oeste. Hoy espero una m\u00e1xima en M\u00e1laga capital de 24 \u00baC, muy por encima de la media.<\/p>\n<p data-pm-slice=\"1 1 []\">Luego por la tarde hablaremos de esas probables lluvias para los \u00faltimos d\u00edas de la semana en la provincia de M\u00e1laga.<\/p>\n<p>Os dejo con mi gran amigo.<\/p>\n<h3><span style=\"color: #0000ff;\"><strong>Hoy toca conocer a mi amigo Crist\u00f3bal Gambero, 30 a\u00f1os con la afici\u00f3n a la meteorolog\u00eda.<\/strong><\/span><\/h3>\n<div class=\"x14z9mp xat24cr x1lziwak x1vvkbs xtlvy1s x126k92a\"><\/div>\n<div class=\"x14z9mp xat24cr x1lziwak x1vvkbs xtlvy1s x126k92a\">\n<div dir=\"auto\">\n<p data-pm-slice=\"1 1 []\">Muy buenos d\u00edas, el a\u00f1o 1995 fue un antes y un despu\u00e9s en esto de mi dedicaci\u00f3n diaria a la meteorolog\u00eda. Para los que ya tienen una cierta edad\u2026 recordar\u00e9is que en el periodo 1992 a 1995 sufrimos una grave sequ\u00eda por el sur peninsular; en el caso de Mijas, la m\u00e1s grave desde que se tienen registros, a\u00f1o 1950 (en el periodo 1994\/1995 solo se registraron 286 litros en los 12 meses del a\u00f1o).<\/p>\n<p>Tal era mi inquietud por esta situaci\u00f3n que decid\u00ed all\u00e1 por el mes de agosto comprarme mi primer pluvi\u00f3metro, ese que veis en la imagen. En un mundo todav\u00eda sin internet y sin tiendas especializadas en aparatos meteorol\u00f3gicos, \u00bfd\u00f3nde vend\u00edan estos aparatos?&#8230; Pues lo encontr\u00e9 y fue en una \u00f3ptica de calle Espa\u00f1a en Fuengirola.<\/p>\n<p>Llegu\u00e9 a mi casa y lo primero que hice fue buscar una maceta para instalar el pluvi\u00f3metro en la terraza. Era ya septiembre y, aunque los telediarios anunciaran lluvia, por aqu\u00ed no llegaba. Cada ma\u00f1ana me levantaba a ver el pluvi\u00f3metro\u2026 pero este estaba vac\u00edo. Y as\u00ed durante dos meses; la situaci\u00f3n era ya muy preocupante con restricciones de agua en toda Mijas\u2026<\/p>\n<p>Entonces lleg\u00f3 un 10 de noviembre, era viernes y aquella ma\u00f1ana amaneci\u00f3 nublada. Como cada ma\u00f1ana, me fui a mi terraza y esta vez s\u00ed\u2026 hab\u00eda llovido; mi pluvi\u00f3metro lo hab\u00eda estrenado con 3,5 litros (como pod\u00e9is ver en la anotaci\u00f3n que hice); al final del d\u00eda se recogieron 10 litros.<\/p>\n<p>Nunca me hubiera imaginado que a aquel primer apunte le seguir\u00edan otros tantos\u2026 hasta llegar al d\u00eda de hoy, 30 a\u00f1os despu\u00e9s.<\/p>\n<p>Precisamente ese final de 1995 y hasta marzo de 1996 tuvimos un a\u00f1o de los llamados extremadamente h\u00famedos, con un total de 1.130 litros, uno de los m\u00e1s lluviosos en el periodo 1950-2025, que le sigui\u00f3 al a\u00f1o siguiente en 1997 con otro a\u00f1o de m\u00e1s de 1.000 litros; pon\u00edamos, por tanto, fin a la sequ\u00eda.<\/p>\n<p>El seguir con los apuntes de precipitaci\u00f3n hasta el d\u00eda de hoy tiene mayor relevancia, si cabe, ya que precisamente aquel 1995, el observador que se encargaba de recoger los datos de lluvia en Mijas para el antiguo Instituto Nacional de Meteorolog\u00eda, hoy AEMET, el Sr. Mart\u00edn Arias, m\u00e1s conocido por los mije\u00f1os como Mart\u00edn el Guardamontes, se jubil\u00f3 y ya perd\u00edamos esa referencia. Esto lo pude saber a\u00f1os despu\u00e9s gracias a que, mediante una carta escrita a AEMET, me facilitaron unos datos valios\u00edsimos que guardo como pa\u00f1o en oro de los datos de Mart\u00edn desde 1950 y hasta 1995.<\/p>\n<p>Han sido 30 a\u00f1os de anotaciones, primero en estas especies de cuartillas muy rudimentarias, despu\u00e9s en libros de contabilidad. Hoy, aunque sigo levant\u00e1ndome por la ma\u00f1ana para ver el pluvi\u00f3metro, he perdido ese romanticismo de apuntar cada d\u00eda los litros que han ca\u00eddo; ahora solo apunto el meteoro de ese d\u00eda, sea sol, lluvia, nublado o viento. Y es que la tecnolog\u00eda lleg\u00f3 hace a\u00f1os para facilitarme mucho las cosas; la actual estaci\u00f3n que tengo y su programa de procesamiento de datos me da a tiempo real y con tan solo 1 minuto de intervalo lo que est\u00e1 pasando en ese momento, adem\u00e1s guardando esos datos, minuto a minuto.<\/p>\n<p>Esta labor incansable de observaci\u00f3n diaria tambi\u00e9n se la debo a personas como mis padres, que en d\u00edas puntuales en los cuales no me encontraba en casa, por viaje o por trabajo, ellos se encargaban de vaciar y apuntar los litros ca\u00eddos, al igual que lo hace mi mujer y mis hijos actualmente con el pluvi\u00f3metro manual que tengo, y as\u00ed constatar que los datos que da la estaci\u00f3n son correctos. Muchas gracias a ellos de coraz\u00f3n.<\/p>\n<p>Quer\u00eda compartir esto con todos vosotros porque me parece importante que no hayamos perdido en Mijas esa correlaci\u00f3n de datos que en 1950 comenzara Mart\u00edn.<\/p>\n<p>&nbsp;<\/p>\n<\/div>\n<p>&nbsp;<\/p>\n<p><a href=\"https:\/\/static-blogs.diariosur.es\/wp-content\/uploads\/sites\/12\/2025\/11\/577505709_24943654581923534_963071183291861960_n-e1762757826131.jpg\"><img loading=\"lazy\" class=\"aligncenter size-full wp-image-47452\" src=\"https:\/\/static-blogs.diariosur.es\/wp-content\/uploads\/sites\/12\/2025\/11\/577505709_24943654581923534_963071183291861960_n-e1762757826131.jpg\" alt=\"\" width=\"1200\" height=\"1117\" \/><\/a><\/p>\n<\/div>\n","protected":false},"excerpt":{"rendered":"<p>Muy buenos d\u00edas, amigos de la meteo. Cuando son las ocho menos cuarto de la ma\u00f1ana en M\u00e1laga capital, el aeropuerto ha registrado una m\u00ednima de 10,5 \u00baC, los cielos est\u00e1n poco nubosos y el viento sopla flojo de componente oeste. Hoy espero una m\u00e1xima en M\u00e1laga capital de 24 \u00baC, muy por encima de [&hellip;]<\/p>\n","protected":false},"author":16,"featured_media":47451,"comment_status":"open","ping_status":"open","sticky":false,"template":"","format":"standard","meta":[],"categories":[2],"tags":[2079,2080],"_links":{"self":[{"href":"https:\/\/blogs.diariosur.es\/tormentas-y-rayos\/wp-json\/wp\/v2\/posts\/47450"}],"collection":[{"href":"https:\/\/blogs.diariosur.es\/tormentas-y-rayos\/wp-json\/wp\/v2\/posts"}],"about":[{"href":"https:\/\/blogs.diariosur.es\/tormentas-y-rayos\/wp-json\/wp\/v2\/types\/post"}],"author":[{"embeddable":true,"href":"https:\/\/blogs.diariosur.es\/tormentas-y-rayos\/wp-json\/wp\/v2\/users\/16"}],"replies":[{"embeddable":true,"href":"https:\/\/blogs.diariosur.es\/tormentas-y-rayos\/wp-json\/wp\/v2\/comments?post=47450"}],"version-history":[{"count":1,"href":"https:\/\/blogs.diariosur.es\/tormentas-y-rayos\/wp-json\/wp\/v2\/posts\/47450\/revisions"}],"predecessor-version":[{"id":47453,"href":"https:\/\/blogs.diariosur.es\/tormentas-y-rayos\/wp-json\/wp\/v2\/posts\/47450\/revisions\/47453"}],"wp:featuredmedia":[{"embeddable":true,"href":"https:\/\/blogs.diariosur.es\/tormentas-y-rayos\/wp-json\/wp\/v2\/media\/47451"}],"wp:attachment":[{"href":"https:\/\/blogs.diariosur.es\/tormentas-y-rayos\/wp-json\/wp\/v2\/media?parent=47450"}],"wp:term":[{"taxonomy":"category","embeddable":true,"href":"https:\/\/blogs.diariosur.es\/tormentas-y-rayos\/wp-json\/wp\/v2\/categories?post=47450"},{"taxonomy":"post_tag","embeddable":true,"href":"https:\/\/blogs.diariosur.es\/tormentas-y-rayos\/wp-json\/wp\/v2\/tags?post=47450"}],"curies":[{"name":"wp","href":"https:\/\/api.w.org\/{rel}","templated":true}]}}