{"id":47495,"date":"2025-11-10T15:26:18","date_gmt":"2025-11-10T14:26:18","guid":{"rendered":"https:\/\/blogs.diariosur.es\/tormentas-y-rayos\/?p=47495"},"modified":"2025-11-10T15:26:18","modified_gmt":"2025-11-10T14:26:18","slug":"borrasca-claudia-iremos-haciendo-un-seguimiento-para-la-provincia-de-malaga-y-andalucia","status":"publish","type":"post","link":"https:\/\/blogs.diariosur.es\/tormentas-y-rayos\/2025\/11\/10\/borrasca-claudia-iremos-haciendo-un-seguimiento-para-la-provincia-de-malaga-y-andalucia\/","title":{"rendered":"Borrasca Claudia. Iremos haciendo un seguimiento para la provincia de M\u00e1laga y Andaluc\u00eda"},"content":{"rendered":"<p><a href=\"https:\/\/static-blogs.diariosur.es\/wp-content\/uploads\/sites\/12\/2025\/10\/444912498_10228884468795449_97962860407814916_n.jpg\"><img loading=\"lazy\" class=\"aligncenter size-thumbnail wp-image-46969\" src=\"https:\/\/static-blogs.diariosur.es\/wp-content\/uploads\/sites\/12\/2025\/10\/444912498_10228884468795449_97962860407814916_n-150x150.jpg\" alt=\"\" width=\"150\" height=\"150\" \/><\/a><\/p>\n<p data-pm-slice=\"1 1 []\">Buenas tardes, amigos de la meteo. AEMET nombre una nueva borrasca con gran impacto: la borrasca Claudia. Provocar\u00e1 vientos fuertes y precipitaciones intensas y persistentes en Canarias. Tambi\u00e9n afectar\u00e1 al oeste peninsular con fuertes rachas de viento, precipitaciones persistentes y temporal mar\u00edtimo. Iremos haciendo un seguimiento a partir de ma\u00f1ana. A nuestra comunidad empezar\u00eda a afectar a la zona m\u00e1s occidental de Andaluc\u00eda a partir del jueves. Ya veremos c\u00f3mo afecta a la provincia malague\u00f1a; la probabilidad mayor ser\u00e1 en la zona m\u00e1s occidental; vuelvo a repetir, lo iremos viendo.<\/p>\n<p>La Aemet acaba de sacar una nota informativa hablando de Claudia; os pongo a continuaci\u00f3n la nota informativa.<\/p>\n<h2 class=\"titulo\">Nota informativa. Temporal de lluvia y viento en Canarias<\/h2>\n<div class=\"px-1\">\n<div class=\"texto_normal\">\n<p>En los pr\u00f3ximos d\u00edas, la borrasca Claudia, situada en el Atl\u00e1ntico, ir\u00e1 profundiz\u00e1ndose al noroeste de la Pen\u00ednsula, donde es probable que quede estacionaria durante toda la semana. Su sistema de frentes alcanzar\u00e1 Canarias entre el mi\u00e9rcoles y el jueves con chubascos que pueden ser fuertes y muy fuertes, as\u00ed como persistentes y acompa\u00f1ados de tormenta, en las islas occidentales. Ser\u00e1n m\u00e1s probables en las vertientes suroccidentales de las islas, donde se pueden producir crecimientos s\u00fabitos en barrancos y torrentes con inundaciones locales. Las precipitaciones ir\u00e1n acompa\u00f1adas de fuertes rachas de viento del suroeste, que pueden generar ca\u00eddas de ramas o \u00e1rboles y de cornisas o elementos constructivos vulnerables o en mal estado, que tambi\u00e9n podr\u00eda dar lugar a temporal costero que puede afectar a puertos y paseos mar\u00edtimos.<\/p>\n<p>El mi\u00e9rcoles la inestabilidad ir\u00e1 en aumento a lo largo del d\u00eda en el noroeste de Canarias, con probables tormentas que afectar\u00edan especialmente a La Palma, donde no se descartan chubascos muy fuertes, extendi\u00e9ndose al resto de la provincia occidental durante la tarde y noche. Es probable que sean adem\u00e1s persistentes, especialmente en median\u00edas de las vertientes orientadas al suroeste. El viento del suroeste, que ir\u00e1 arreciando desde el comienzo del d\u00eda, dar\u00e1 lugar a rachas muy fuertes a partir del mediod\u00eda, especialmente en cumbres y median\u00edas.<\/p>\n<p>El jueves el frente continuar\u00e1 barriendo el archipi\u00e9lago hacia el este, con probables chubascos tormentosos fuertes o muy fuertes en las islas centrales a primeras horas. A lo largo del d\u00eda afectar\u00e1n a las islas orientales, aunque es probable que con intensidad moderada o puntualmente fuerte. Continuar\u00e1 soplando el viento del suroeste con rachas muy fuertes, que rolar\u00e1 a oeste tras el paso del frente, tendiendo a amainar al final.<\/p>\n<p>Es probable que el temporal de lluvia y viento tambi\u00e9n afecte durante la semana a la Pen\u00ednsula. Se espera que Claudia afecte primero a Galicia ya desde ma\u00f1ana por la tarde, con precipitaciones persistentes, que ocasionalmente podr\u00edan ser fuertes y con tormenta, rachas de viento sur muy fuertes, especialmente en zonas expuestas, y temporal mar\u00edtimo. Las rachas se extender\u00e1n a lo largo del d\u00eda al resto de zonas altas de la cornisa cant\u00e1brica. El viento del sur continuar\u00e1 soplando con probables rachas muy fuertes en zonas expuestas del extremo septentrional, as\u00ed como en zonas de monta\u00f1a de la mitad occidental. Tambi\u00e9n se espera que el temporal costero contin\u00fae en los litorales atl\u00e1nticos gallegos. En cuanto a las precipitaciones, ser\u00e1n persistentes en la mitad occidental de Galicia, donde pueden dar lugar a acumulados importantes e incrementar el riesgo de inundaciones fluviales y desprendimientos. Es probable que tambi\u00e9n sean persistentes en vertientes sur de los sistemas monta\u00f1osos, s<strong>in descartarlo en el oeste de Andaluc\u00eda al final de la semana.<\/strong><\/p>\n<p>Fuente Met Office<\/p>\n<\/div>\n<p><a href=\"https:\/\/static-blogs.diariosur.es\/wp-content\/uploads\/sites\/12\/2025\/11\/Captura-de-pantalla-2025-11-10-152236-e1762784634922.jpg\"><img loading=\"lazy\" class=\"aligncenter size-full wp-image-47496\" src=\"https:\/\/static-blogs.diariosur.es\/wp-content\/uploads\/sites\/12\/2025\/11\/Captura-de-pantalla-2025-11-10-152236-e1762784634922.jpg\" alt=\"\" width=\"1100\" height=\"747\" \/><\/a><\/p>\n<\/div>\n","protected":false},"excerpt":{"rendered":"<p>Buenas tardes, amigos de la meteo. AEMET nombre una nueva borrasca con gran impacto: la borrasca Claudia. Provocar\u00e1 vientos fuertes y precipitaciones intensas y persistentes en Canarias. Tambi\u00e9n afectar\u00e1 al oeste peninsular con fuertes rachas de viento, precipitaciones persistentes y temporal mar\u00edtimo. Iremos haciendo un seguimiento a partir de ma\u00f1ana. A nuestra comunidad empezar\u00eda a [&hellip;]<\/p>\n","protected":false},"author":16,"featured_media":47496,"comment_status":"open","ping_status":"open","sticky":false,"template":"","format":"standard","meta":[],"categories":[2],"tags":[188,2081],"_links":{"self":[{"href":"https:\/\/blogs.diariosur.es\/tormentas-y-rayos\/wp-json\/wp\/v2\/posts\/47495"}],"collection":[{"href":"https:\/\/blogs.diariosur.es\/tormentas-y-rayos\/wp-json\/wp\/v2\/posts"}],"about":[{"href":"https:\/\/blogs.diariosur.es\/tormentas-y-rayos\/wp-json\/wp\/v2\/types\/post"}],"author":[{"embeddable":true,"href":"https:\/\/blogs.diariosur.es\/tormentas-y-rayos\/wp-json\/wp\/v2\/users\/16"}],"replies":[{"embeddable":true,"href":"https:\/\/blogs.diariosur.es\/tormentas-y-rayos\/wp-json\/wp\/v2\/comments?post=47495"}],"version-history":[{"count":1,"href":"https:\/\/blogs.diariosur.es\/tormentas-y-rayos\/wp-json\/wp\/v2\/posts\/47495\/revisions"}],"predecessor-version":[{"id":47497,"href":"https:\/\/blogs.diariosur.es\/tormentas-y-rayos\/wp-json\/wp\/v2\/posts\/47495\/revisions\/47497"}],"wp:featuredmedia":[{"embeddable":true,"href":"https:\/\/blogs.diariosur.es\/tormentas-y-rayos\/wp-json\/wp\/v2\/media\/47496"}],"wp:attachment":[{"href":"https:\/\/blogs.diariosur.es\/tormentas-y-rayos\/wp-json\/wp\/v2\/media?parent=47495"}],"wp:term":[{"taxonomy":"category","embeddable":true,"href":"https:\/\/blogs.diariosur.es\/tormentas-y-rayos\/wp-json\/wp\/v2\/categories?post=47495"},{"taxonomy":"post_tag","embeddable":true,"href":"https:\/\/blogs.diariosur.es\/tormentas-y-rayos\/wp-json\/wp\/v2\/tags?post=47495"}],"curies":[{"name":"wp","href":"https:\/\/api.w.org\/{rel}","templated":true}]}}