{"id":47498,"date":"2025-11-11T08:33:01","date_gmt":"2025-11-11T07:33:01","guid":{"rendered":"https:\/\/blogs.diariosur.es\/tormentas-y-rayos\/?p=47498"},"modified":"2025-11-11T15:38:41","modified_gmt":"2025-11-11T14:38:41","slug":"como-se-comportara-la-borrasca-claudia-con-la-provincia-de-malaga-probables-acumulados-minima-de-invierno","status":"publish","type":"post","link":"https:\/\/blogs.diariosur.es\/tormentas-y-rayos\/2025\/11\/11\/como-se-comportara-la-borrasca-claudia-con-la-provincia-de-malaga-probables-acumulados-minima-de-invierno\/","title":{"rendered":"\u00bfC\u00f3mo se comportar\u00e1 la borrasca Claudia con la provincia de M\u00e1laga? Probables acumulados. M\u00ednima de invierno."},"content":{"rendered":"<p data-pm-slice=\"1 1 []\"><a href=\"https:\/\/static-blogs.diariosur.es\/wp-content\/uploads\/sites\/12\/2025\/10\/444912498_10228884468795449_97962860407814916_n.jpg\"><img loading=\"lazy\" class=\"aligncenter size-thumbnail wp-image-46969\" src=\"https:\/\/static-blogs.diariosur.es\/wp-content\/uploads\/sites\/12\/2025\/10\/444912498_10228884468795449_97962860407814916_n-150x150.jpg\" alt=\"\" width=\"150\" height=\"150\" \/><\/a><\/p>\n<p data-pm-slice=\"1 1 []\">Buenos d\u00edas, amigos de la meteo. La estaci\u00f3n de la Aemet del Aeropuerto de M\u00e1laga registra la temperatura m\u00ednima m\u00e1s baja desde que comenz\u00f3 el oto\u00f1o meteorol\u00f3gico con <strong><span style=\"color: #0000ff;\">8,2\u00b0C<\/span><\/strong>; los cielos est\u00e1n poco nubosos y el viento sopla flojo de direcci\u00f3n variable.<\/p>\n<p>Ayer lunes, el Centro Meteorol\u00f3gico de M\u00e1laga capital registr\u00f3 la temperatura m\u00e1xima m\u00e1s alta de la pen\u00ednsula con 25,9 \u00b0C; solo la superaron La Aldea de San Nicol\u00e1s en Las Palmas con 27,6 \u00b0C, Tenerife Sur aeropuerto con 26,3\u00a0\u00b0C y Tasarte en Las Palmas con 26,1 \u00b0C.<\/p>\n<p>Hoy martes la temperatura m\u00e1xima en la capital rondar\u00e1 los 22 \u00b0C; en toda la provincia estar\u00e1n por encima de la media.<\/p>\n<h3><span style=\"color: #000000;\"><strong>\u00bfC\u00f3mo se comportar\u00e1 la borrasca Claudia con la provincia de M\u00e1laga?<\/strong><\/span><\/h3>\n<p>Primeramente, os presento a Claudia. El mapa de superficie de la Aemet es el previsto para primeras horas del jueves. \u00bfA que es bonita? La foto de portada no es Claudia, es mi mujer. Traer\u00e1 muchos litros.<\/p>\n<p>&nbsp;<\/p>\n<p><a href=\"https:\/\/static-blogs.diariosur.es\/wp-content\/uploads\/sites\/12\/2025\/11\/2025111012060_ww_g1x0a2c2-e1762842827313.gif\"><img loading=\"lazy\" class=\"aligncenter size-full wp-image-47504\" src=\"https:\/\/static-blogs.diariosur.es\/wp-content\/uploads\/sites\/12\/2025\/11\/2025111012060_ww_g1x0a2c2-e1762842827313.gif\" alt=\"\" width=\"1000\" height=\"700\" \/><\/a><\/p>\n<p data-pm-slice=\"1 1 []\">Aunque est\u00e1 lejos del golfo de C\u00e1diz, viene acompa\u00f1ada de vientos muy h\u00famedos, los famosos \u00e1bregos. Varios frentes cruzar\u00e1n Andaluc\u00eda hasta el domingo dejando buenos acumulados, sobre todo, en las provincias de Huelva, Sevilla, C\u00e1diz y C\u00f3rdoba. Es probable que la Aemet saque un aviso especial.<\/p>\n<h3><span style=\"color: #ff0000;\"><strong>\u00bfC\u00f3mo se comportar\u00e1 la borrasca Claudia con la provincia de M\u00e1laga?<\/strong><\/span><\/h3>\n<p data-pm-slice=\"1 1 []\">Primero, que hay una probabilidad muy alta de que se mojen todos los portales, unos m\u00e1s y otros menos. Esto depender\u00e1 del componente del viento que entre en la provincia; me refiero al foehn, que es m\u00e1s seco. Estas borrascas suelen dejar m\u00e1s litros en la zona interior y costa m\u00e1s occidental de la provincia, as\u00ed como tambi\u00e9n en la <strong>Axarqu\u00eda malague\u00f1a<\/strong>. S\u00ed entra con componente m\u00e1s del oeste (foehn); en M\u00e1laga capital, Valle del Guadalhorce y zonas de la comarca de Antequera pueden caer menos litros. Todo depender\u00e1 de si Claudia baja m\u00e1s de latitud. Las primeras precipitaciones pueden darse a partir del jueves a \u00faltima hora de la noche, empezando por la zona m\u00e1s occidental de la provincia.<\/p>\n<p>Estos probables acumulados que os pongo hasta <strong>el domingo<\/strong>, no los tom\u00e9is como definitivos; a\u00fan pueden cambiar, como he comentado m\u00e1s arriba.<\/p>\n<p data-pm-slice=\"1 1 []\"><span style=\"color: #0000ff;\"><strong>MODELO EUROPEO<\/strong><\/span><\/p>\n<p data-pm-slice=\"1 1 []\"><a href=\"https:\/\/static-blogs.diariosur.es\/wp-content\/uploads\/sites\/12\/2025\/11\/europeo.jpg\"><img loading=\"lazy\" class=\"aligncenter size-full wp-image-47505\" src=\"https:\/\/static-blogs.diariosur.es\/wp-content\/uploads\/sites\/12\/2025\/11\/europeo.jpg\" alt=\"\" width=\"1143\" height=\"1149\" srcset=\"https:\/\/static-blogs.diariosur.es\/wp-content\/uploads\/sites\/12\/2025\/11\/europeo.jpg 1143w, https:\/\/static-blogs.diariosur.es\/wp-content\/uploads\/sites\/12\/2025\/11\/europeo-398x400.jpg 398w, https:\/\/static-blogs.diariosur.es\/wp-content\/uploads\/sites\/12\/2025\/11\/europeo-406x408.jpg 406w, https:\/\/static-blogs.diariosur.es\/wp-content\/uploads\/sites\/12\/2025\/11\/europeo-150x150.jpg 150w, https:\/\/static-blogs.diariosur.es\/wp-content\/uploads\/sites\/12\/2025\/11\/europeo-768x772.jpg 768w\" sizes=\"(max-width: 1143px) 100vw, 1143px\" \/><\/a><\/p>\n<p data-pm-slice=\"1 1 []\"><span style=\"color: #0000ff;\"><strong>MODELO AMERICANO<\/strong><\/span><\/p>\n<p data-pm-slice=\"1 1 []\"><a href=\"https:\/\/static-blogs.diariosur.es\/wp-content\/uploads\/sites\/12\/2025\/11\/americano.jpg\"><img loading=\"lazy\" class=\"aligncenter size-full wp-image-47506\" src=\"https:\/\/static-blogs.diariosur.es\/wp-content\/uploads\/sites\/12\/2025\/11\/americano.jpg\" alt=\"\" width=\"1154\" height=\"1138\" srcset=\"https:\/\/static-blogs.diariosur.es\/wp-content\/uploads\/sites\/12\/2025\/11\/americano.jpg 1154w, https:\/\/static-blogs.diariosur.es\/wp-content\/uploads\/sites\/12\/2025\/11\/americano-406x400.jpg 406w, https:\/\/static-blogs.diariosur.es\/wp-content\/uploads\/sites\/12\/2025\/11\/americano-414x408.jpg 414w, https:\/\/static-blogs.diariosur.es\/wp-content\/uploads\/sites\/12\/2025\/11\/americano-768x757.jpg 768w\" sizes=\"(max-width: 1154px) 100vw, 1154px\" \/><\/a><\/p>\n<p data-pm-slice=\"1 1 []\"><span style=\"color: #0000ff;\"><strong>MODELO ICONO<\/strong><\/span><\/p>\n<p data-pm-slice=\"1 1 []\"><a href=\"https:\/\/static-blogs.diariosur.es\/wp-content\/uploads\/sites\/12\/2025\/11\/icono.jpg\"><img loading=\"lazy\" class=\"aligncenter size-full wp-image-47507\" src=\"https:\/\/static-blogs.diariosur.es\/wp-content\/uploads\/sites\/12\/2025\/11\/icono.jpg\" alt=\"\" width=\"1159\" height=\"1135\" srcset=\"https:\/\/static-blogs.diariosur.es\/wp-content\/uploads\/sites\/12\/2025\/11\/icono.jpg 1159w, https:\/\/static-blogs.diariosur.es\/wp-content\/uploads\/sites\/12\/2025\/11\/icono-408x400.jpg 408w, https:\/\/static-blogs.diariosur.es\/wp-content\/uploads\/sites\/12\/2025\/11\/icono-417x408.jpg 417w, https:\/\/static-blogs.diariosur.es\/wp-content\/uploads\/sites\/12\/2025\/11\/icono-768x752.jpg 768w\" sizes=\"(max-width: 1159px) 100vw, 1159px\" \/><\/a><\/p>\n<p data-pm-slice=\"1 1 []\"><span style=\"color: #0000ff;\"><strong>MODELO MULTIGLOBAL<\/strong><\/span><\/p>\n<p data-pm-slice=\"1 1 []\"><a href=\"https:\/\/static-blogs.diariosur.es\/wp-content\/uploads\/sites\/12\/2025\/11\/multiglobal.jpg\"><img loading=\"lazy\" class=\"aligncenter size-full wp-image-47508\" src=\"https:\/\/static-blogs.diariosur.es\/wp-content\/uploads\/sites\/12\/2025\/11\/multiglobal.jpg\" alt=\"\" width=\"1148\" height=\"1136\" srcset=\"https:\/\/static-blogs.diariosur.es\/wp-content\/uploads\/sites\/12\/2025\/11\/multiglobal.jpg 1148w, https:\/\/static-blogs.diariosur.es\/wp-content\/uploads\/sites\/12\/2025\/11\/multiglobal-404x400.jpg 404w, https:\/\/static-blogs.diariosur.es\/wp-content\/uploads\/sites\/12\/2025\/11\/multiglobal-412x408.jpg 412w, https:\/\/static-blogs.diariosur.es\/wp-content\/uploads\/sites\/12\/2025\/11\/multiglobal-768x760.jpg 768w\" sizes=\"(max-width: 1148px) 100vw, 1148px\" \/><\/a><\/p>\n<p>&nbsp;<\/p>\n<p>&nbsp;<\/p>\n<p><span style=\"color: #0000ff;\"><strong>REINO UNIDO<\/strong><\/span><\/p>\n<p>&nbsp;<\/p>\n<p><a href=\"https:\/\/static-blogs.diariosur.es\/wp-content\/uploads\/sites\/12\/2025\/11\/reino-unido.jpg\"><img loading=\"lazy\" class=\"aligncenter size-full wp-image-47509\" src=\"https:\/\/static-blogs.diariosur.es\/wp-content\/uploads\/sites\/12\/2025\/11\/reino-unido.jpg\" alt=\"\" width=\"1140\" height=\"1145\" srcset=\"https:\/\/static-blogs.diariosur.es\/wp-content\/uploads\/sites\/12\/2025\/11\/reino-unido.jpg 1140w, https:\/\/static-blogs.diariosur.es\/wp-content\/uploads\/sites\/12\/2025\/11\/reino-unido-398x400.jpg 398w, https:\/\/static-blogs.diariosur.es\/wp-content\/uploads\/sites\/12\/2025\/11\/reino-unido-406x408.jpg 406w, https:\/\/static-blogs.diariosur.es\/wp-content\/uploads\/sites\/12\/2025\/11\/reino-unido-150x150.jpg 150w, https:\/\/static-blogs.diariosur.es\/wp-content\/uploads\/sites\/12\/2025\/11\/reino-unido-768x771.jpg 768w\" sizes=\"(max-width: 1140px) 100vw, 1140px\" \/><\/a><\/p>\n","protected":false},"excerpt":{"rendered":"<p>Buenos d\u00edas, amigos de la meteo. La estaci\u00f3n de la Aemet del Aeropuerto de M\u00e1laga registra la temperatura m\u00ednima m\u00e1s baja desde que comenz\u00f3 el oto\u00f1o meteorol\u00f3gico con 8,2\u00b0C; los cielos est\u00e1n poco nubosos y el viento sopla flojo de direcci\u00f3n variable. Ayer lunes, el Centro Meteorol\u00f3gico de M\u00e1laga capital registr\u00f3 la temperatura m\u00e1xima m\u00e1s [&hellip;]<\/p>\n","protected":false},"author":16,"featured_media":47510,"comment_status":"open","ping_status":"open","sticky":false,"template":"","format":"standard","meta":[],"categories":[2],"tags":[100,151,188,2081,358,569,676,1059],"_links":{"self":[{"href":"https:\/\/blogs.diariosur.es\/tormentas-y-rayos\/wp-json\/wp\/v2\/posts\/47498"}],"collection":[{"href":"https:\/\/blogs.diariosur.es\/tormentas-y-rayos\/wp-json\/wp\/v2\/posts"}],"about":[{"href":"https:\/\/blogs.diariosur.es\/tormentas-y-rayos\/wp-json\/wp\/v2\/types\/post"}],"author":[{"embeddable":true,"href":"https:\/\/blogs.diariosur.es\/tormentas-y-rayos\/wp-json\/wp\/v2\/users\/16"}],"replies":[{"embeddable":true,"href":"https:\/\/blogs.diariosur.es\/tormentas-y-rayos\/wp-json\/wp\/v2\/comments?post=47498"}],"version-history":[{"count":10,"href":"https:\/\/blogs.diariosur.es\/tormentas-y-rayos\/wp-json\/wp\/v2\/posts\/47498\/revisions"}],"predecessor-version":[{"id":47536,"href":"https:\/\/blogs.diariosur.es\/tormentas-y-rayos\/wp-json\/wp\/v2\/posts\/47498\/revisions\/47536"}],"wp:featuredmedia":[{"embeddable":true,"href":"https:\/\/blogs.diariosur.es\/tormentas-y-rayos\/wp-json\/wp\/v2\/media\/47510"}],"wp:attachment":[{"href":"https:\/\/blogs.diariosur.es\/tormentas-y-rayos\/wp-json\/wp\/v2\/media?parent=47498"}],"wp:term":[{"taxonomy":"category","embeddable":true,"href":"https:\/\/blogs.diariosur.es\/tormentas-y-rayos\/wp-json\/wp\/v2\/categories?post=47498"},{"taxonomy":"post_tag","embeddable":true,"href":"https:\/\/blogs.diariosur.es\/tormentas-y-rayos\/wp-json\/wp\/v2\/tags?post=47498"}],"curies":[{"name":"wp","href":"https:\/\/api.w.org\/{rel}","templated":true}]}}