{"id":47541,"date":"2025-11-12T08:28:16","date_gmt":"2025-11-12T07:28:16","guid":{"rendered":"https:\/\/blogs.diariosur.es\/tormentas-y-rayos\/?p=47541"},"modified":"2025-11-12T14:59:48","modified_gmt":"2025-11-12T13:59:48","slug":"borrasca-claudia-cuando-llegaran-las-precipitaciones-manana-jueves-a-la-provincia-de-malaga","status":"publish","type":"post","link":"https:\/\/blogs.diariosur.es\/tormentas-y-rayos\/2025\/11\/12\/borrasca-claudia-cuando-llegaran-las-precipitaciones-manana-jueves-a-la-provincia-de-malaga\/","title":{"rendered":"Borrasca Claudia. \u00bfCu\u00e1ndo llegar\u00e1n las precipitaciones ma\u00f1ana jueves a la provincia de M\u00e1laga?"},"content":{"rendered":"<p>&nbsp;<\/p>\n<p data-pm-slice=\"1 1 []\"><a href=\"https:\/\/static-blogs.diariosur.es\/wp-content\/uploads\/sites\/12\/2025\/09\/72999690_10217709542349272_7908844429161529344_n-e1761036508428.jpg\"><img loading=\"lazy\" class=\"aligncenter size-thumbnail wp-image-46373\" src=\"https:\/\/static-blogs.diariosur.es\/wp-content\/uploads\/sites\/12\/2025\/09\/72999690_10217709542349272_7908844429161529344_n-150x150.jpg\" alt=\"\" width=\"150\" height=\"150\" \/><\/a><\/p>\n<p data-pm-slice=\"1 1 []\">Buenos d\u00edas, amigos de la meteo. Cuando son las siete y cuarto de la ma\u00f1ana en M\u00e1laga capital, la estaci\u00f3n de la Aemet del Aeropuerto ha registrado una m\u00ednima de 10,7 \u00baC a las 4:10 de la madrugada, los cielos est\u00e1n algo nubosos y el viento sopla en mi zona de direcci\u00f3n variable. Curiosamente, Antequera est\u00e1 dando una m\u00ednima m\u00e1s alta que M\u00e1laga capital, con 16,9 \u00baC. Hoy se esperan en el Valle del Guadalquivir y provincia de Granada temperaturas m\u00e1ximas muy por encima de la media. Ayer Granada Cartuja registr\u00f3 una m\u00e1xima de 27,9 \u00baC. Es probable que Granada Aeropuerto bata hoy el extremo de m\u00e1xima absoluta.<\/p>\n<h3><strong>\u00bfCu\u00e1ndo llegar\u00e1n las precipitaciones ma\u00f1ana jueves a la provincia de M\u00e1laga?<\/strong><\/h3>\n<p>Antes de comentaros cu\u00e1ndo se esperan las primeras precipitaciones del frente fr\u00edo generado por la borrasca Claudia, os pongo esta bonita imagen de masas de aire y el mapa de superficie previsto para ma\u00f1ana por la tarde.<\/p>\n<p>Fuente: Eumetsat<\/p>\n<p>&nbsp;<\/p>\n<p><a href=\"https:\/\/static-blogs.diariosur.es\/wp-content\/uploads\/sites\/12\/2025\/11\/claudia-e1762928352672.jpg\"><img loading=\"lazy\" class=\"aligncenter size-full wp-image-47542\" src=\"https:\/\/static-blogs.diariosur.es\/wp-content\/uploads\/sites\/12\/2025\/11\/claudia-e1762928352672.jpg\" alt=\"\" width=\"1200\" height=\"843\" \/><\/a><\/p>\n<p>Fuente Aemet<\/p>\n<p>&nbsp;<\/p>\n<p><a href=\"https:\/\/static-blogs.diariosur.es\/wp-content\/uploads\/sites\/12\/2025\/11\/2025111012060_ww_g1x0a2c2-1-e1762928426227.gif\"><img loading=\"lazy\" class=\"aligncenter size-full wp-image-47543\" src=\"https:\/\/static-blogs.diariosur.es\/wp-content\/uploads\/sites\/12\/2025\/11\/2025111012060_ww_g1x0a2c2-1-e1762928426227.gif\" alt=\"\" width=\"1200\" height=\"840\" \/><\/a><\/p>\n<p>&nbsp;<\/p>\n<p data-pm-slice=\"1 1 []\">Con los modelos actualizados, las primeras precipitaciones llegar\u00e1n ma\u00f1ana jueves a la zona m\u00e1s occidental de la provincia por la tarde noche; se ir\u00e1n trasladando de oeste a este de la provincia. Hay algunos modelos que reactivan el frente, esta noche con los modelos en meseoscala actualizados veremos sobre qu\u00e9 hora llegan a la capital y otras zonas de la provincia. Hay probabilidad de que la Aemet active avisos por lluvias en zonas de la provincia malague\u00f1a el viernes.<\/p>\n<p>Os dejo con estas bonitas fotos del tar\u00f3 que tuvieron ayer en Mijas Pueblo; nuestro amigo Crist\u00f3bal Gambero disfrut\u00f3 un mont\u00f3n fotografi\u00e1ndolo.<\/p>\n<p>&nbsp;<\/p>\n<p><a href=\"https:\/\/static-blogs.diariosur.es\/wp-content\/uploads\/sites\/12\/2025\/11\/578785911_24958097563812569_6681366365578420710_n-e1762930119394.jpg\"><img loading=\"lazy\" class=\"aligncenter size-full wp-image-47544\" src=\"https:\/\/static-blogs.diariosur.es\/wp-content\/uploads\/sites\/12\/2025\/11\/578785911_24958097563812569_6681366365578420710_n-e1762930119394.jpg\" alt=\"\" width=\"1000\" height=\"563\" \/><\/a><\/p>\n<p>&nbsp;<\/p>\n<p><a href=\"https:\/\/static-blogs.diariosur.es\/wp-content\/uploads\/sites\/12\/2025\/11\/580102093_24958097237145935_1326263020766325224_n-e1762930149813.jpg\"><img loading=\"lazy\" class=\"aligncenter size-full wp-image-47545\" src=\"https:\/\/static-blogs.diariosur.es\/wp-content\/uploads\/sites\/12\/2025\/11\/580102093_24958097237145935_1326263020766325224_n-e1762930149813.jpg\" alt=\"\" width=\"1000\" height=\"563\" \/><\/a><\/p>\n<p>&nbsp;<\/p>\n<p><a href=\"https:\/\/static-blogs.diariosur.es\/wp-content\/uploads\/sites\/12\/2025\/11\/581688003_24958097270479265_660027205299070277_n-e1762930171842.jpg\"><img loading=\"lazy\" class=\"aligncenter size-full wp-image-47546\" src=\"https:\/\/static-blogs.diariosur.es\/wp-content\/uploads\/sites\/12\/2025\/11\/581688003_24958097270479265_660027205299070277_n-e1762930171842.jpg\" alt=\"\" width=\"1000\" height=\"563\" \/><\/a><\/p>\n<p>&nbsp;<\/p>\n<p>&nbsp;<\/p>\n<p><a href=\"https:\/\/static-blogs.diariosur.es\/wp-content\/uploads\/sites\/12\/2025\/11\/579938003_24958097043812621_3284055135616788679_n-e1762930236679.jpg\"><img loading=\"lazy\" class=\"aligncenter size-full wp-image-47547\" src=\"https:\/\/static-blogs.diariosur.es\/wp-content\/uploads\/sites\/12\/2025\/11\/579938003_24958097043812621_3284055135616788679_n-e1762930236679.jpg\" alt=\"\" width=\"1000\" height=\"563\" \/><\/a><\/p>\n","protected":false},"excerpt":{"rendered":"<p>&nbsp; Buenos d\u00edas, amigos de la meteo. Cuando son las siete y cuarto de la ma\u00f1ana en M\u00e1laga capital, la estaci\u00f3n de la Aemet del Aeropuerto ha registrado una m\u00ednima de 10,7 \u00baC a las 4:10 de la madrugada, los cielos est\u00e1n algo nubosos y el viento sopla en mi zona de direcci\u00f3n variable. Curiosamente, [&hellip;]<\/p>\n","protected":false},"author":16,"featured_media":47542,"comment_status":"open","ping_status":"open","sticky":false,"template":"","format":"standard","meta":[],"categories":[2],"tags":[100,151,188,2081,569,587],"_links":{"self":[{"href":"https:\/\/blogs.diariosur.es\/tormentas-y-rayos\/wp-json\/wp\/v2\/posts\/47541"}],"collection":[{"href":"https:\/\/blogs.diariosur.es\/tormentas-y-rayos\/wp-json\/wp\/v2\/posts"}],"about":[{"href":"https:\/\/blogs.diariosur.es\/tormentas-y-rayos\/wp-json\/wp\/v2\/types\/post"}],"author":[{"embeddable":true,"href":"https:\/\/blogs.diariosur.es\/tormentas-y-rayos\/wp-json\/wp\/v2\/users\/16"}],"replies":[{"embeddable":true,"href":"https:\/\/blogs.diariosur.es\/tormentas-y-rayos\/wp-json\/wp\/v2\/comments?post=47541"}],"version-history":[{"count":3,"href":"https:\/\/blogs.diariosur.es\/tormentas-y-rayos\/wp-json\/wp\/v2\/posts\/47541\/revisions"}],"predecessor-version":[{"id":47554,"href":"https:\/\/blogs.diariosur.es\/tormentas-y-rayos\/wp-json\/wp\/v2\/posts\/47541\/revisions\/47554"}],"wp:featuredmedia":[{"embeddable":true,"href":"https:\/\/blogs.diariosur.es\/tormentas-y-rayos\/wp-json\/wp\/v2\/media\/47542"}],"wp:attachment":[{"href":"https:\/\/blogs.diariosur.es\/tormentas-y-rayos\/wp-json\/wp\/v2\/media?parent=47541"}],"wp:term":[{"taxonomy":"category","embeddable":true,"href":"https:\/\/blogs.diariosur.es\/tormentas-y-rayos\/wp-json\/wp\/v2\/categories?post=47541"},{"taxonomy":"post_tag","embeddable":true,"href":"https:\/\/blogs.diariosur.es\/tormentas-y-rayos\/wp-json\/wp\/v2\/tags?post=47541"}],"curies":[{"name":"wp","href":"https:\/\/api.w.org\/{rel}","templated":true}]}}