{"id":47560,"date":"2025-11-13T12:11:51","date_gmt":"2025-11-13T11:11:51","guid":{"rendered":"https:\/\/blogs.diariosur.es\/tormentas-y-rayos\/?p=47560"},"modified":"2025-11-13T12:12:07","modified_gmt":"2025-11-13T11:12:07","slug":"avisos-amarillos-por-lluvias-para-manana-en-la-provincia-de-malaga","status":"publish","type":"post","link":"https:\/\/blogs.diariosur.es\/tormentas-y-rayos\/2025\/11\/13\/avisos-amarillos-por-lluvias-para-manana-en-la-provincia-de-malaga\/","title":{"rendered":"Aviso amarillo por lluvias para ma\u00f1ana en la provincia de M\u00e1laga"},"content":{"rendered":"<p><a href=\"https:\/\/static-blogs.diariosur.es\/wp-content\/uploads\/sites\/12\/2025\/10\/444912498_10228884468795449_97962860407814916_n.jpg\"><img loading=\"lazy\" class=\"aligncenter size-thumbnail wp-image-46969\" src=\"https:\/\/static-blogs.diariosur.es\/wp-content\/uploads\/sites\/12\/2025\/10\/444912498_10228884468795449_97962860407814916_n-150x150.jpg\" alt=\"\" width=\"150\" height=\"150\" \/><\/a><\/p>\n<p>&nbsp;<\/p>\n<p>Buenas tardes, amigos de la meteo. La Aemet activa el aviso amarillo por lluvias en Sol, Guadalhorce, comarca de Ronda y Axarqu\u00eda.<\/p>\n<p>Hora de comienzo a las 00:00 del d\u00eda 14 y finaliza a las 23:59.<\/p>\n<p>Precipitaci\u00f3n acumulada en una hora: 20 mm.<\/p>\n<p>Precipitaci\u00f3n acumulada en 12 horas: 60 mm.<\/p>\n<p>&nbsp;<\/p>\n<p>&nbsp;<\/p>\n<p><a href=\"https:\/\/static-blogs.diariosur.es\/wp-content\/uploads\/sites\/12\/2025\/11\/zz.jpg\"><img loading=\"lazy\" class=\"aligncenter size-full wp-image-47561\" src=\"https:\/\/static-blogs.diariosur.es\/wp-content\/uploads\/sites\/12\/2025\/11\/zz.jpg\" alt=\"\" width=\"993\" height=\"825\" srcset=\"https:\/\/static-blogs.diariosur.es\/wp-content\/uploads\/sites\/12\/2025\/11\/zz.jpg 993w, https:\/\/static-blogs.diariosur.es\/wp-content\/uploads\/sites\/12\/2025\/11\/zz-481x400.jpg 481w, https:\/\/static-blogs.diariosur.es\/wp-content\/uploads\/sites\/12\/2025\/11\/zz-491x408.jpg 491w, https:\/\/static-blogs.diariosur.es\/wp-content\/uploads\/sites\/12\/2025\/11\/zz-768x638.jpg 768w\" sizes=\"(max-width: 993px) 100vw, 993px\" \/><\/a><\/p>\n","protected":false},"excerpt":{"rendered":"<p>&nbsp; Buenas tardes, amigos de la meteo. La Aemet activa el aviso amarillo por lluvias en Sol, Guadalhorce, comarca de Ronda y Axarqu\u00eda. Hora de comienzo a las 00:00 del d\u00eda 14 y finaliza a las 23:59. Precipitaci\u00f3n acumulada en una hora: 20 mm. Precipitaci\u00f3n acumulada en 12 horas: 60 mm. &nbsp; &nbsp;<\/p>\n","protected":false},"author":16,"featured_media":47563,"comment_status":"open","ping_status":"open","sticky":false,"template":"","format":"standard","meta":[],"categories":[2],"tags":[94,151,569,587],"_links":{"self":[{"href":"https:\/\/blogs.diariosur.es\/tormentas-y-rayos\/wp-json\/wp\/v2\/posts\/47560"}],"collection":[{"href":"https:\/\/blogs.diariosur.es\/tormentas-y-rayos\/wp-json\/wp\/v2\/posts"}],"about":[{"href":"https:\/\/blogs.diariosur.es\/tormentas-y-rayos\/wp-json\/wp\/v2\/types\/post"}],"author":[{"embeddable":true,"href":"https:\/\/blogs.diariosur.es\/tormentas-y-rayos\/wp-json\/wp\/v2\/users\/16"}],"replies":[{"embeddable":true,"href":"https:\/\/blogs.diariosur.es\/tormentas-y-rayos\/wp-json\/wp\/v2\/comments?post=47560"}],"version-history":[{"count":2,"href":"https:\/\/blogs.diariosur.es\/tormentas-y-rayos\/wp-json\/wp\/v2\/posts\/47560\/revisions"}],"predecessor-version":[{"id":47565,"href":"https:\/\/blogs.diariosur.es\/tormentas-y-rayos\/wp-json\/wp\/v2\/posts\/47560\/revisions\/47565"}],"wp:featuredmedia":[{"embeddable":true,"href":"https:\/\/blogs.diariosur.es\/tormentas-y-rayos\/wp-json\/wp\/v2\/media\/47563"}],"wp:attachment":[{"href":"https:\/\/blogs.diariosur.es\/tormentas-y-rayos\/wp-json\/wp\/v2\/media?parent=47560"}],"wp:term":[{"taxonomy":"category","embeddable":true,"href":"https:\/\/blogs.diariosur.es\/tormentas-y-rayos\/wp-json\/wp\/v2\/categories?post=47560"},{"taxonomy":"post_tag","embeddable":true,"href":"https:\/\/blogs.diariosur.es\/tormentas-y-rayos\/wp-json\/wp\/v2\/tags?post=47560"}],"curies":[{"name":"wp","href":"https:\/\/api.w.org\/{rel}","templated":true}]}}