{"id":47573,"date":"2025-11-16T12:00:40","date_gmt":"2025-11-16T11:00:40","guid":{"rendered":"https:\/\/blogs.diariosur.es\/tormentas-y-rayos\/?p=47573"},"modified":"2025-11-16T20:38:01","modified_gmt":"2025-11-16T19:38:01","slug":"acumulados-de-precipitacion-en-la-provincia-de-malaga-hasta-el-sabado","status":"publish","type":"post","link":"https:\/\/blogs.diariosur.es\/tormentas-y-rayos\/2025\/11\/16\/acumulados-de-precipitacion-en-la-provincia-de-malaga-hasta-el-sabado\/","title":{"rendered":"Acumulados de precipitaci\u00f3n en la provincia de M\u00e1laga hasta el s\u00e1bado"},"content":{"rendered":"<blockquote>\n<p data-pm-slice=\"1 1 []\"><a href=\"https:\/\/static-blogs.diariosur.es\/wp-content\/uploads\/sites\/12\/2025\/10\/444912498_10228884468795449_97962860407814916_n-e1763121197919.jpg\"><img loading=\"lazy\" class=\"aligncenter size-thumbnail wp-image-46969\" src=\"https:\/\/static-blogs.diariosur.es\/wp-content\/uploads\/sites\/12\/2025\/10\/444912498_10228884468795449_97962860407814916_n-150x150.jpg\" alt=\"\" width=\"150\" height=\"150\" \/><\/a><\/p>\n<\/blockquote>\n<p data-pm-slice=\"1 1 []\">Buenos d\u00edas, amigos de la meteo. Aunque hoy domingo y ma\u00f1ana lunes pueden seguir cayendo chubascos en la provincia de M\u00e1laga, a petici\u00f3n vuestra pongo los acumulados desde el jueves al s\u00e1bado. Todos los pueblos de la provincia no puedo ponerlos, tengo vida, jijijijij.<\/p>\n<p>Tambi\u00e9n comentaros que el Embalse de la Vi\u00f1uela y la Concepci\u00f3n se est\u00e1n recuperando. Cuando pase una semana, veremos cu\u00e1nto han recuperado en conjunto los embalses de M\u00e1laga.<\/p>\n<p>Foto de mi amigo Crist\u00f3bal Gambero<\/p>\n<p>&nbsp;<\/p>\n<h3><a href=\"https:\/\/static-blogs.diariosur.es\/wp-content\/uploads\/sites\/12\/2025\/11\/485728459_9304048579644053_3322244048041132512_n-e1763283556772.jpg\"><img loading=\"lazy\" class=\"aligncenter size-full wp-image-47587\" src=\"https:\/\/static-blogs.diariosur.es\/wp-content\/uploads\/sites\/12\/2025\/11\/485728459_9304048579644053_3322244048041132512_n-e1763283556772.jpg\" alt=\"\" width=\"1000\" height=\"750\" \/><\/a><\/h3>\n<h3 data-pm-slice=\"1 1 []\"><\/h3>\n<h3 data-pm-slice=\"1 1 []\"><strong>Fuente: Acamet, Noromet<\/strong><\/h3>\n<p>Datos facilitados por mi amigo Antonio Jes\u00fas Galiano.<\/p>\n<p>Cartajima del Oreganal 248 mm<\/p>\n<p>Coto de las Corchas 146 mm<\/p>\n<p>La Fuente\u00a0143 mm<\/p>\n<p>Juanar 200 mm<\/p>\n<p>Oreganal 194 mm<\/p>\n<p>Pereila Alta Co\u00edn 112 mm<\/p>\n<p>Parauta el Navacillo 130mm.<\/p>\n<p>Parauta las Navas\u00a0136 mm<\/p>\n<h3><strong>Fuente: Meteoclimatic<\/strong><\/h3>\n<p>Alameda 65,6 mm<\/p>\n<p>Alhaur\u00edn de la Torre 58 mm<\/p>\n<p>Alhaur\u00edn el Grande 62 mm<\/p>\n<p>Archidona Huertas del R\u00edo 74,3 mm<\/p>\n<p>Benalm\u00e1dena Arroyo de la Miel 52 mm<\/p>\n<p>C\u00e1rtama Sierra Llana 87 mm<\/p>\n<p>El Colmenar las Buitreras 124 mm<\/p>\n<p>Frigiliana 67 mm<\/p>\n<p>Ist\u00e1n\u00a0146,2 mm<\/p>\n<p>La Cala del Moral 70,2 mm<\/p>\n<p>La Cala de Mijas 70 mm<\/p>\n<p>Mijas Pueblo 90,4 mm<\/p>\n<p>Nerja Las Palmeras 60 mm<\/p>\n<p>Ronda San Crist\u00f3bal 110 mm<\/p>\n<p>Tolox 112,4 mm<\/p>\n<h3><strong>Fuente: Red Hidrosur<\/strong><\/h3>\n<p>Sierra Mijas: no hay dato.<\/p>\n<p>Los Reales 104,7 mm<\/p>\n<p>Majada de las Lomas 154,7 mm<\/p>\n<p>R\u00edo Genal Jubrique 141,9 mm<\/p>\n<p>Pujerra 66,1 mm<\/p>\n<p>Cuevas del Becerro 82,7 mm<\/p>\n<p>Oj\u00e9n 107,8 mm<\/p>\n<p>El Torcal 64,6 mm<\/p>\n<p>Depuradora de Marbella 68,1 mm<\/p>\n<p>Santo Pitar, no hay dato.<\/p>\n<p>Ca\u00f1ete La Real 69,4 mm<\/p>\n<p>Laguna Fuente Piedra 46,8 mm<\/p>\n<p>Canal La Encantada 43,1 mm<\/p>\n<p>Azud de Paredones 38,3 mm<\/p>\n<p>Coin 67,5 mm<\/p>\n<p>Alcauc\u00edn 83,3 mm<\/p>\n<p>R\u00edo Guadalhorce C\u00e1rtama: no hay dato.<\/p>\n<p>Villanueva de la Concepci\u00f3n 86,6 mm<\/p>\n<p>Casarabonela 56,6 mm<\/p>\n<p>Colmenar 94,5 mm<\/p>\n<p>Alfarnatejo 106,8<\/p>\n<p>Rio Benamargosa 115,1 mm<\/p>\n<p>Torre del Mar 50 mm<\/p>\n<p>La ara\u00f1a 49,8 mm<\/p>\n<p>Rio Guadiaro Majaceite 102,8 mm<\/p>\n<p>Rio Grande 72,1 mm<\/p>\n<p>Rio Guadalhorce Bobadilla 39 mm<\/p>\n<p>Rio Tur\u00f3n Ardales 34 mm<\/p>\n<p>R\u00edo Guadalteba, aforo Teba 36 mm.<\/p>\n<p>Rio Guadalhorce Archidona 68 mm<\/p>\n<p>Embalse de la Concepci\u00f3n 68,4 mm<\/p>\n<p>Embalse Guadalteba 33,8 mm<\/p>\n<p>Embalse Conde del Guadalhorce 30,4 mm<\/p>\n<p>Embalse del Limonero: 35,2 mm<\/p>\n<p>Embalse de la Vi\u00f1uela 67,2 mm<\/p>\n<p>Embalse de Casasola 48,8 mm<\/p>\n<p>Embalse Guadalmina 98,2 mm<\/p>\n<p>Embalse Guadalmansa 87,1 mm<\/p>\n<h3><strong>Fuente AEMET<\/strong><\/h3>\n<p>Cortes de la Frontera ha estado fuera de l\u00ednea.<\/p>\n<p>Ronda Instituto 113 mm<\/p>\n<p>Alpande\u00edre 158 mm<\/p>\n<p>Gauc\u00edn 117 mm<\/p>\n<p>Benahav\u00eds 81,8 mm<\/p>\n<p>Estepona 75 mm<\/p>\n<p>Fuengirola 66,6 mm<\/p>\n<p>Fuente de Piedra 55,8 mm<\/p>\n<p>Torremolinos 67,8 mm<\/p>\n<p>M\u00e1laga Aeropuerto 53,4 mm<\/p>\n<p>\u00c1lora 49 mm<\/p>\n<p>Marbella Puerto 65 mm<\/p>\n<p>Rinc\u00f3n de la Victoria 64,2 mm<\/p>\n<p>Antequera 49 mm<\/p>\n<p>V\u00e9lez M\u00e1laga 53 mm<\/p>\n<h3><strong>Fuente: Wunderground<\/strong><\/h3>\n<p>Jimera de L\u00edbar 200 mm<\/p>\n<p>Algatoc\u00edn 162,3 mm<\/p>\n<p>Yunquera\u00a0100,2 mm<\/p>\n<p>El Burgo 90 mm<\/p>\n<p>Arriate 91 mm<\/p>\n<p>Torrox 51 mm<\/p>\n<p>Ardales Pueblo 65,2 mm<\/p>\n<p>Campillos 51 mm<\/p>\n<p>Teba 48,6 mm<\/p>\n<p>Sierra Yeguas 52,6 mm<\/p>\n<p>Almargen 50 mm<\/p>\n<p>Humilladero 44 mm<\/p>\n<p>Cuevas de San Marcos 51 mm<\/p>\n<p>Villanueva de Algaidas 36 mm<\/p>\n<p>Villanueva de Tapia 81 mm<\/p>\n<p>Villanueva del Trabuco 88 mm<\/p>\n<p>Villanueva del Rosario 98 mm<\/p>\n<p>Casabermeja Arroyo Cauche 97 mm<\/p>\n<p>C\u00f3mpeta 118 mm<\/p>\n<p>Periana 118 mm<\/p>\n<p>Canillas del Aceituno 130 mm<\/p>\n<p>Acebuche 112,8 mm<\/p>\n<p>Benamocarra 96,1 mm<\/p>\n<p>Almachar 119,2 mm<\/p>\n<p>El Borge 118 mm<\/p>\n<p>Cuevas Bajas 57 mm<\/p>\n<p>Sedella 73 mm<\/p>\n<p>Santa Gelo Calamorro 88 mm, fuente: mi amigo el Pirbu.<\/p>\n","protected":false},"excerpt":{"rendered":"<p>Buenos d\u00edas, amigos de la meteo. Aunque hoy domingo y ma\u00f1ana lunes pueden seguir cayendo chubascos en la provincia de M\u00e1laga, a petici\u00f3n vuestra pongo los acumulados desde el jueves al s\u00e1bado. Todos los pueblos de la provincia no puedo ponerlos, tengo vida, jijijijij. Tambi\u00e9n comentaros que el Embalse de la Vi\u00f1uela y la Concepci\u00f3n [&hellip;]<\/p>\n","protected":false},"author":16,"featured_media":47587,"comment_status":"open","ping_status":"open","sticky":false,"template":"","format":"standard","meta":[],"categories":[2],"tags":[45,188,2081,587],"_links":{"self":[{"href":"https:\/\/blogs.diariosur.es\/tormentas-y-rayos\/wp-json\/wp\/v2\/posts\/47573"}],"collection":[{"href":"https:\/\/blogs.diariosur.es\/tormentas-y-rayos\/wp-json\/wp\/v2\/posts"}],"about":[{"href":"https:\/\/blogs.diariosur.es\/tormentas-y-rayos\/wp-json\/wp\/v2\/types\/post"}],"author":[{"embeddable":true,"href":"https:\/\/blogs.diariosur.es\/tormentas-y-rayos\/wp-json\/wp\/v2\/users\/16"}],"replies":[{"embeddable":true,"href":"https:\/\/blogs.diariosur.es\/tormentas-y-rayos\/wp-json\/wp\/v2\/comments?post=47573"}],"version-history":[{"count":10,"href":"https:\/\/blogs.diariosur.es\/tormentas-y-rayos\/wp-json\/wp\/v2\/posts\/47573\/revisions"}],"predecessor-version":[{"id":47594,"href":"https:\/\/blogs.diariosur.es\/tormentas-y-rayos\/wp-json\/wp\/v2\/posts\/47573\/revisions\/47594"}],"wp:featuredmedia":[{"embeddable":true,"href":"https:\/\/blogs.diariosur.es\/tormentas-y-rayos\/wp-json\/wp\/v2\/media\/47587"}],"wp:attachment":[{"href":"https:\/\/blogs.diariosur.es\/tormentas-y-rayos\/wp-json\/wp\/v2\/media?parent=47573"}],"wp:term":[{"taxonomy":"category","embeddable":true,"href":"https:\/\/blogs.diariosur.es\/tormentas-y-rayos\/wp-json\/wp\/v2\/categories?post=47573"},{"taxonomy":"post_tag","embeddable":true,"href":"https:\/\/blogs.diariosur.es\/tormentas-y-rayos\/wp-json\/wp\/v2\/tags?post=47573"}],"curies":[{"name":"wp","href":"https:\/\/api.w.org\/{rel}","templated":true}]}}