{"id":47577,"date":"2025-11-15T08:43:28","date_gmt":"2025-11-15T07:43:28","guid":{"rendered":"https:\/\/blogs.diariosur.es\/tormentas-y-rayos\/?p=47577"},"modified":"2025-11-15T08:43:28","modified_gmt":"2025-11-15T07:43:28","slug":"habeis-hecho-el-cambio-de-armario-en-malaga-cuando-nos-dejara-de-afectar-claudia","status":"publish","type":"post","link":"https:\/\/blogs.diariosur.es\/tormentas-y-rayos\/2025\/11\/15\/habeis-hecho-el-cambio-de-armario-en-malaga-cuando-nos-dejara-de-afectar-claudia\/","title":{"rendered":"\u00bfHab\u00e9is hecho el cambio de armario en M\u00e1laga? \u00bfCu\u00e1ndo nos dejar\u00e1 de afectar Claudia?"},"content":{"rendered":"<p data-pm-slice=\"1 1 []\"><a href=\"https:\/\/static-blogs.diariosur.es\/wp-content\/uploads\/sites\/12\/2025\/10\/444912498_10228884468795449_97962860407814916_n-e1763121197919.jpg\"><img loading=\"lazy\" class=\"aligncenter size-thumbnail wp-image-46969\" src=\"https:\/\/static-blogs.diariosur.es\/wp-content\/uploads\/sites\/12\/2025\/10\/444912498_10228884468795449_97962860407814916_n-150x150.jpg\" alt=\"\" width=\"150\" height=\"150\" \/><\/a><\/p>\n<p data-pm-slice=\"1 1 []\">Buenos d\u00edas, amigos de la meteo. Cuando son las ocho y media de la ma\u00f1ana en M\u00e1laga capital, mi estaci\u00f3n registra 17,8 \u00baC, los cielos est\u00e1n cubiertos y en estos momentos caen gotas; por el interior de la provincia tambi\u00e9n se registran chubascos. El lunes o el martes os pondr\u00e9 los acumulados de precipitaci\u00f3n de la provincia malague\u00f1a; os aseguro que ha llovido en todos los portales y eso que 36 horas antes de comenzar las lluvias hab\u00eda montones de estelas de aviones; se les acabar\u00eda el combustible.<\/p>\n<p><strong>La borrasca Claudia dar\u00e1 sus \u00faltimos coletazos el lunes;<\/strong> a partir del martes bajar\u00e1n las temperaturas m\u00e1ximas y sobre todo las m\u00ednimas. El mi\u00e9rcoles notaremos m\u00e1s el fr\u00edo y nos acompa\u00f1ar\u00e1 hasta el fin de semana; el jueves y el viernes las temperaturas m\u00e1ximas estar\u00e1n por debajo de la media en M\u00e1laga capital, las m\u00ednimas tambi\u00e9n. Por el interior de la provincia, el viernes y el s\u00e1bado se pueden dar las primeras heladas del oto\u00f1o.<\/p>\n<p>Una masa de <span style=\"color: #0000ff;\"><strong>aire fr\u00edo de origen \u00e1rtico<\/strong><\/span>\u00a0empezar\u00e1 a afectarnos; las anomal\u00edas de temperatura a 850 hPa (1500 metros) ser\u00e1n negativas, como pod\u00e9is ver en este mapa del modelo europeo a 850 hPa.<\/p>\n<p>&nbsp;<\/p>\n<p><a href=\"https:\/\/static-blogs.diariosur.es\/wp-content\/uploads\/sites\/12\/2025\/11\/zz-1.jpg\"><img loading=\"lazy\" class=\"aligncenter size-full wp-image-47578\" src=\"https:\/\/static-blogs.diariosur.es\/wp-content\/uploads\/sites\/12\/2025\/11\/zz-1.jpg\" alt=\"\" width=\"1157\" height=\"1177\" srcset=\"https:\/\/static-blogs.diariosur.es\/wp-content\/uploads\/sites\/12\/2025\/11\/zz-1.jpg 1157w, https:\/\/static-blogs.diariosur.es\/wp-content\/uploads\/sites\/12\/2025\/11\/zz-1-393x400.jpg 393w, https:\/\/static-blogs.diariosur.es\/wp-content\/uploads\/sites\/12\/2025\/11\/zz-1-401x408.jpg 401w, https:\/\/static-blogs.diariosur.es\/wp-content\/uploads\/sites\/12\/2025\/11\/zz-1-768x781.jpg 768w\" sizes=\"(max-width: 1157px) 100vw, 1157px\" \/><\/a><\/p>\n<p>&nbsp;<\/p>\n<p>Mientras se va Claudia, disfrutemos hoy s\u00e1bado y hasta el lunes de la lluvia.<\/p>\n<p>&nbsp;<\/p>\n<p><a href=\"https:\/\/static-blogs.diariosur.es\/wp-content\/uploads\/sites\/12\/2025\/11\/583808936_10235250651466037_5075291373316541036_n-e1763189686418.jpg\"><img loading=\"lazy\" class=\"aligncenter size-full wp-image-47574\" src=\"https:\/\/static-blogs.diariosur.es\/wp-content\/uploads\/sites\/12\/2025\/11\/583808936_10235250651466037_5075291373316541036_n-e1763189686418.jpg\" alt=\"\" width=\"1000\" height=\"750\" \/><\/a><\/p>\n","protected":false},"excerpt":{"rendered":"<p>Buenos d\u00edas, amigos de la meteo. Cuando son las ocho y media de la ma\u00f1ana en M\u00e1laga capital, mi estaci\u00f3n registra 17,8 \u00baC, los cielos est\u00e1n cubiertos y en estos momentos caen gotas; por el interior de la provincia tambi\u00e9n se registran chubascos. El lunes o el martes os pondr\u00e9 los acumulados de precipitaci\u00f3n de [&hellip;]<\/p>\n","protected":false},"author":16,"featured_media":47574,"comment_status":"open","ping_status":"open","sticky":false,"template":"","format":"standard","meta":[],"categories":[2],"tags":[94,151,188,2081,358,569,587,676,800,996],"_links":{"self":[{"href":"https:\/\/blogs.diariosur.es\/tormentas-y-rayos\/wp-json\/wp\/v2\/posts\/47577"}],"collection":[{"href":"https:\/\/blogs.diariosur.es\/tormentas-y-rayos\/wp-json\/wp\/v2\/posts"}],"about":[{"href":"https:\/\/blogs.diariosur.es\/tormentas-y-rayos\/wp-json\/wp\/v2\/types\/post"}],"author":[{"embeddable":true,"href":"https:\/\/blogs.diariosur.es\/tormentas-y-rayos\/wp-json\/wp\/v2\/users\/16"}],"replies":[{"embeddable":true,"href":"https:\/\/blogs.diariosur.es\/tormentas-y-rayos\/wp-json\/wp\/v2\/comments?post=47577"}],"version-history":[{"count":1,"href":"https:\/\/blogs.diariosur.es\/tormentas-y-rayos\/wp-json\/wp\/v2\/posts\/47577\/revisions"}],"predecessor-version":[{"id":47579,"href":"https:\/\/blogs.diariosur.es\/tormentas-y-rayos\/wp-json\/wp\/v2\/posts\/47577\/revisions\/47579"}],"wp:featuredmedia":[{"embeddable":true,"href":"https:\/\/blogs.diariosur.es\/tormentas-y-rayos\/wp-json\/wp\/v2\/media\/47574"}],"wp:attachment":[{"href":"https:\/\/blogs.diariosur.es\/tormentas-y-rayos\/wp-json\/wp\/v2\/media?parent=47577"}],"wp:term":[{"taxonomy":"category","embeddable":true,"href":"https:\/\/blogs.diariosur.es\/tormentas-y-rayos\/wp-json\/wp\/v2\/categories?post=47577"},{"taxonomy":"post_tag","embeddable":true,"href":"https:\/\/blogs.diariosur.es\/tormentas-y-rayos\/wp-json\/wp\/v2\/tags?post=47577"}],"curies":[{"name":"wp","href":"https:\/\/api.w.org\/{rel}","templated":true}]}}