{"id":4761,"date":"2013-01-23T10:16:10","date_gmt":"2013-01-23T09:16:10","guid":{"rendered":"http:\/\/blogs.diariosur.es\/tormentas-y-rayos\/?p=4761"},"modified":"2013-01-23T10:16:10","modified_gmt":"2013-01-23T09:16:10","slug":"alerta-amarilla-por-vientos-en-ronda-varios-frentes-cruzaran-estos-dias-jueves-y-viernes-andalucia","status":"publish","type":"post","link":"https:\/\/blogs.diariosur.es\/tormentas-y-rayos\/2013\/01\/23\/alerta-amarilla-por-vientos-en-ronda-varios-frentes-cruzaran-estos-dias-jueves-y-viernes-andalucia\/","title":{"rendered":"Alerta amarilla por vientos en Ronda. Varios frentes cruzaran estos dias ( jueves y viernes ) Andaluc\u00eda"},"content":{"rendered":"<p><strong>Buenos d\u00edas amigos de la meteo. Son las seis y media de la ma\u00f1ana, registro 9,8 grados, que unido al viento de terral, hace que tengamos una sensaci\u00f3n t\u00e9rmica de 2 grados. Durante toda la madrugada pasada ha estado soplando entre moderado y muy \u00a0fuerte. Rachas cercanas a los 60 km\/h. Os paso este gr\u00e1fico. Fuente Aemet.<\/strong><\/p>\n<p><a href=\"https:\/\/blogs.diariosur.es\/tormentas-y-rayos\/?attachment_id=4747\" rel=\"attachment wp-att-4747\"><img loading=\"lazy\" title=\"rachas\" src=\"\/tormentas-y-rayos\/wp-content\/uploads\/sites\/12\/2013\/01\/rachas.jpg\" alt=\"\" width=\"600\" height=\"280\" \/><\/a><\/p>\n<p><strong>La alerta amarilla por vientos, se activara en Ronda el jueves. Las rachas pueden superar los 70 km\/h.\u00a0<\/strong><\/p>\n<p><a href=\"https:\/\/blogs.diariosur.es\/tormentas-y-rayos\/?attachment_id=4760\" rel=\"attachment wp-att-4760\"><img loading=\"lazy\" title=\"amarilla\" src=\"\/tormentas-y-rayos\/wp-content\/uploads\/sites\/12\/2013\/01\/amarilla.jpg\" alt=\"\" width=\"549\" height=\"403\" \/><\/a><\/p>\n<p>&nbsp;<\/p>\n<p><strong>El martes se adelantaron los chubascos, que en algunos puntos de nuestra provincia fueron de origen tormentoso. Por ese motivo en Cortes de la Frontera granizo. La nieve se vio en la Fuente de la Yedra, pero no llego a cuajar. La lluvia registrada en la Capital Malague\u00f1a fue de un litro y medio. En mi pluvi\u00f3metro no llego al litro, supongo que por las rachas fuertes de viento, que se dieron cuando mas llov\u00eda. Los cielos estuvieron preciosos a partir del\u00a0mediod\u00eda, os paso un par de fotos.<\/strong><\/p>\n<p><a href=\"https:\/\/blogs.diariosur.es\/tormentas-y-rayos\/?attachment_id=4748\" rel=\"attachment wp-att-4748\"><img loading=\"lazy\" title=\"OLYMPUS DIGITAL CAMERA\" src=\"\/tormentas-y-rayos\/wp-content\/uploads\/sites\/12\/2013\/01\/b1.jpg\" alt=\"\" width=\"670\" height=\"503\" \/><\/a><\/p>\n<p>&nbsp;<\/p>\n<p><a href=\"https:\/\/blogs.diariosur.es\/tormentas-y-rayos\/?attachment_id=4749\" rel=\"attachment wp-att-4749\"><img loading=\"lazy\" title=\"OLYMPUS DIGITAL CAMERA\" src=\"\/tormentas-y-rayos\/wp-content\/uploads\/sites\/12\" alt=\"\" width=\"670\" height=\"503\" \/><\/a><\/p>\n<p><strong>Pero fue por la tarde, cuando pasaba los restos del frente, pudimos disfrutar de un precioso arcoiris en los cielos malague\u00f1os. Yo lo cazaba desde mi terraza.<\/strong><\/p>\n<p><a href=\"https:\/\/blogs.diariosur.es\/tormentas-y-rayos\/?attachment_id=4750\" rel=\"attachment wp-att-4750\"><img loading=\"lazy\" title=\"OLYMPUS DIGITAL CAMERA\" src=\"\/tormentas-y-rayos\/wp-content\/uploads\/sites\/12\/2013\/01\/23.jpg\" alt=\"\" width=\"670\" height=\"503\" \/><\/a><\/p>\n<p><strong>Nuestra amiga Fuensanta Villalobos Bernal lo cazaba desde otra posici\u00f3n, muy bonita la foto. Que por cierto, tiene tambi\u00e9n un lenticular que fotografi\u00f3 \u00a0hace unos d\u00edas que es una pasada. Mis felicitaciones amiga un fot\u00f3n.<\/strong><\/p>\n<p><a href=\"https:\/\/blogs.diariosur.es\/tormentas-y-rayos\/?attachment_id=4751\" rel=\"attachment wp-att-4751\"><img loading=\"lazy\" title=\"fuensanta villalobos\" src=\"\/tormentas-y-rayos\/wp-content\/uploads\/sites\/12\/2013\/01\/fuensanta-villalobos.jpg\" alt=\"\" width=\"670\" height=\"447\" \/><\/a><\/p>\n<p>&nbsp;<\/p>\n<p><a href=\"https:\/\/blogs.diariosur.es\/tormentas-y-rayos\/?attachment_id=4752\" rel=\"attachment wp-att-4752\"><img loading=\"lazy\" title=\"76378_406997839384849_884194366_n\" src=\"\/tormentas-y-rayos\/wp-content\/uploads\/sites\/12\/2013\/01\/76378_406997839384849_884194366_n.jpg\" alt=\"\" width=\"670\" height=\"447\" \/><\/a><\/p>\n<p><a href=\"https:\/\/blogs.diariosur.es\/tormentas-y-rayos\/?attachment_id=4753\" rel=\"attachment wp-att-4753\"><img loading=\"lazy\" title=\"184551_406997809384852_205827634_n\" src=\"\/tormentas-y-rayos\/wp-content\/uploads\/sites\/12\/2013\/01\/184551_406997809384852_205827634_n.jpg\" alt=\"\" width=\"670\" height=\"447\" \/><\/a><\/p>\n<p>&nbsp;<\/p>\n<p><strong>Ahora son las siete y media, hoy estoy vago ji ji, y no ser si tirar con la moto para la playa y fotografiar el amanecer. Hace tela de rasca y viendo el\u00a0sat\u00e9lite\u00a0no veo nubes que puedan dar un candilazo. &#8220;Me lo pienso &#8220;, vengaaaaaa tiro para la playa, un dia os voy a coger a todos y os voy a despertar a las seis de la ma\u00f1ana ji ji ji. Hasta luego.<\/strong><\/p>\n<p><strong>Ya de vuelta amigos, y que sorpresa, hoy nos hemos juntado diez personas, algunos los conoc\u00eda y a otros no. Tela de rasca, tengo las manos congeladas.<\/strong><\/p>\n<p><a href=\"https:\/\/blogs.diariosur.es\/tormentas-y-rayos\/?attachment_id=4754\" rel=\"attachment wp-att-4754\"><img loading=\"lazy\" title=\"OLYMPUS DIGITAL CAMERA\" src=\"\/tormentas-y-rayos\/wp-content\/uploads\/sites\/12\/2013\/01\/0061.jpg\" alt=\"\" width=\"670\" height=\"442\" \/><\/a><\/p>\n<p>&nbsp;<\/p>\n<p><a href=\"https:\/\/blogs.diariosur.es\/tormentas-y-rayos\/?attachment_id=4755\" rel=\"attachment wp-att-4755\"><img loading=\"lazy\" title=\"OLYMPUS DIGITAL CAMERA\" src=\"\/tormentas-y-rayos\/wp-content\/uploads\/sites\/12\/2013\/01\/032.jpg\" alt=\"\" width=\"670\" height=\"502\" \/><\/a><\/p>\n<p>&nbsp;<\/p>\n<p>&nbsp;<\/p>\n<p><strong>Bueno amigos, ya con las manos mas calentitas puedo escribir.<\/strong><\/p>\n<p><strong>Dos cosas a destacar para estos dias, lo primero que las temperaturas en Andaluc\u00eda se ir\u00e1n recuperando. Ahora mismo sobre la vertical de M\u00e1laga tenemos a 850 hpa ( 1500 m ) entre -1 y 0 grados.<\/strong><\/p>\n<p>&nbsp;<\/p>\n<p><a href=\"https:\/\/blogs.diariosur.es\/tormentas-y-rayos\/?attachment_id=4757\" rel=\"attachment wp-att-4757\"><img loading=\"lazy\" title=\"iso mier\" src=\"\/tormentas-y-rayos\/wp-content\/uploads\/sites\/12\/2013\/01\/iso-mier1.jpg\" alt=\"\" width=\"705\" height=\"600\" \/><\/a><\/p>\n<p><strong>Pero a partir de esta noche y madrugada del jueves se ir\u00e1n recuperando. Aqui os pongo el mapa previsto para el viernes con una iso de entre 5 y 7 grados. Fuente Gfs.<\/strong><\/p>\n<p><a href=\"https:\/\/blogs.diariosur.es\/tormentas-y-rayos\/?attachment_id=4758\" rel=\"attachment wp-att-4758\"><img loading=\"lazy\" title=\"iso viernes.\" src=\"\/tormentas-y-rayos\/wp-content\/uploads\/sites\/12\/2013\/01\/iso-viernes.-727x600.jpg\" alt=\"\" width=\"727\" height=\"600\" \/><\/a><\/p>\n<p><strong>Esto traer\u00e1 consigo que la cota de nieve suba hasta los 1300 metros . Y las maximas en nuestra capital lleguen a los 17 grados.<\/strong><\/p>\n<p>&nbsp;<\/p>\n<p><strong>El otro dato a destacar es el paso de dos frentes, que se esperan ma\u00f1ana y el viernes. En esta imagen del satelite eumetsat pod\u00e9is ver la borrasca que nos afecto el martes y los nuevos frentes que se aproximan a la pen\u00ednsula. Fuente meteogalicia.\u00a0<\/strong><\/p>\n<p><a href=\"https:\/\/blogs.diariosur.es\/tormentas-y-rayos\/?attachment_id=4759\" rel=\"attachment wp-att-4759\"><img loading=\"lazy\" title=\"fente\" src=\"\/tormentas-y-rayos\/wp-content\/uploads\/sites\/12\/2013\/01\/fente.jpg\" alt=\"\" width=\"764\" height=\"527\" \/><\/a><\/p>\n<p>&nbsp;<\/p>\n<p>&nbsp;<\/p>\n<p><strong>El primer frente llegar\u00eda a Andaluc\u00eda durante esta noche y madrugada del jueves. Dejar\u00eda chubascos repartidos por el interior andaluz, sin descartar alg\u00fan goteo en la Costa Malague\u00f1a. La nieve cuajaria sobre los 1400 en Cazorla y\u00a0Sierra\u00a0Nevada. De todas formas no espero mucho de este frente.<\/strong><\/p>\n<p><strong>El que si puede venir con un poco mas de precipitaci\u00f3n es el segundo.\u00a0Seg\u00fan\u00a0los modelos\u00a0llegar\u00eda\u00a0a nuestra regi\u00f3n andaluza en la madrugada del viernes. Y\u00a0traer\u00eda\u00a0chubascos moderados en el Estrecho y Costa Malague\u00f1a. Pero esto lo veremos casi en directo, cuando el viernes a primera hora de la ma\u00f1ana, os de el pronostico del\u00a0fin\u00a0de semana.<\/strong><\/p>\n<p><strong>Poco mas que contar, solo que el anticicl\u00f3n \u00a0y la dorsal Africana\u00a0ser\u00e1n\u00a0los protagonistas a partir de la semana que viene.<\/strong><\/p>\n<p>&nbsp;<\/p>\n","protected":false},"excerpt":{"rendered":"<p>Buenos d\u00edas amigos de la meteo. Son las seis y media de la ma\u00f1ana, registro 9,8 grados, que unido al viento de terral, hace que tengamos una sensaci\u00f3n t\u00e9rmica de 2 grados. Durante toda la madrugada pasada ha estado soplando entre moderado y muy \u00a0fuerte. Rachas cercanas a los 60 km\/h. Os paso este gr\u00e1fico. [&hellip;]<\/p>\n","protected":false},"author":16,"featured_media":4763,"comment_status":"open","ping_status":"closed","sticky":false,"template":"","format":"standard","meta":[],"categories":[2],"tags":[63,91,426,569,1059],"_links":{"self":[{"href":"https:\/\/blogs.diariosur.es\/tormentas-y-rayos\/wp-json\/wp\/v2\/posts\/4761"}],"collection":[{"href":"https:\/\/blogs.diariosur.es\/tormentas-y-rayos\/wp-json\/wp\/v2\/posts"}],"about":[{"href":"https:\/\/blogs.diariosur.es\/tormentas-y-rayos\/wp-json\/wp\/v2\/types\/post"}],"author":[{"embeddable":true,"href":"https:\/\/blogs.diariosur.es\/tormentas-y-rayos\/wp-json\/wp\/v2\/users\/16"}],"replies":[{"embeddable":true,"href":"https:\/\/blogs.diariosur.es\/tormentas-y-rayos\/wp-json\/wp\/v2\/comments?post=4761"}],"version-history":[{"count":0,"href":"https:\/\/blogs.diariosur.es\/tormentas-y-rayos\/wp-json\/wp\/v2\/posts\/4761\/revisions"}],"wp:featuredmedia":[{"embeddable":true,"href":"https:\/\/blogs.diariosur.es\/tormentas-y-rayos\/wp-json\/wp\/v2\/media\/4763"}],"wp:attachment":[{"href":"https:\/\/blogs.diariosur.es\/tormentas-y-rayos\/wp-json\/wp\/v2\/media?parent=4761"}],"wp:term":[{"taxonomy":"category","embeddable":true,"href":"https:\/\/blogs.diariosur.es\/tormentas-y-rayos\/wp-json\/wp\/v2\/categories?post=4761"},{"taxonomy":"post_tag","embeddable":true,"href":"https:\/\/blogs.diariosur.es\/tormentas-y-rayos\/wp-json\/wp\/v2\/tags?post=4761"}],"curies":[{"name":"wp","href":"https:\/\/api.w.org\/{rel}","templated":true}]}}