{"id":47620,"date":"2025-11-18T08:02:37","date_gmt":"2025-11-18T07:02:37","guid":{"rendered":"https:\/\/blogs.diariosur.es\/tormentas-y-rayos\/?p=47620"},"modified":"2025-11-18T08:05:06","modified_gmt":"2025-11-18T07:05:06","slug":"masa-de-aire-artica-el-frio-tomara-protagonismo-en-la-provincia-malaguena","status":"publish","type":"post","link":"https:\/\/blogs.diariosur.es\/tormentas-y-rayos\/2025\/11\/18\/masa-de-aire-artica-el-frio-tomara-protagonismo-en-la-provincia-malaguena\/","title":{"rendered":"Masa de aire \u00e1rtica. El fr\u00edo tomar\u00e1 protagonismo en la provincia malague\u00f1a"},"content":{"rendered":"<p><a href=\"https:\/\/static-blogs.diariosur.es\/wp-content\/uploads\/sites\/12\/2025\/10\/444912498_10228884468795449_97962860407814916_n-e1763121197919.jpg\"><img loading=\"lazy\" class=\"aligncenter size-thumbnail wp-image-46969\" src=\"https:\/\/static-blogs.diariosur.es\/wp-content\/uploads\/sites\/12\/2025\/10\/444912498_10228884468795449_97962860407814916_n-150x150.jpg\" alt=\"\" width=\"150\" height=\"150\" \/><\/a><\/p>\n<p data-pm-slice=\"1 1 []\">Buenos d\u00edas, amigos de la meteo. Cuando son las siete de la ma\u00f1ana en M\u00e1laga capital, la estaci\u00f3n de la Aemet del Aeropuerto registra 13,3 \u00b0C, los cielos est\u00e1n poco nubosos y el viento sopla moderado de terral de oto\u00f1o y poniente. La probabilidad de precipitaciones es muy baja en toda la provincia.<\/p>\n<p>A partir de jueves, viernes y s\u00e1bado, los malague\u00f1os y toda Andaluc\u00eda registrar\u00e1n temperaturas m\u00e1ximas y m\u00ednimas por debajo de la media; en zonas donde el poniente y el terral de oto\u00f1o soplen con fuerza,\u00a0la sensaci\u00f3n t\u00e9rmica de fr\u00edo ser\u00e1 mayor.<\/p>\n<p>Hay probabilidad de heladas el viernes y s\u00e1bado por el interior de las comarcas de Ronda y Antequera.<\/p>\n<p>Os pongo una secuencia de la entrada de la masa de aire \u00e1rtica en la pen\u00ednsula. Son mapas de temperatura a 850 hPa (1500 metros). Fuente AEMET.<\/p>\n<p>&nbsp;<\/p>\n<p><span style=\"color: #0000ff;\"><strong>MI\u00c9RCOLES<\/strong><\/span><\/p>\n<p><a href=\"https:\/\/static-blogs.diariosur.es\/wp-content\/uploads\/sites\/12\/2025\/11\/1-MIERCOLES.jpg\"><img loading=\"lazy\" class=\"aligncenter size-full wp-image-47624\" src=\"https:\/\/static-blogs.diariosur.es\/wp-content\/uploads\/sites\/12\/2025\/11\/1-MIERCOLES.jpg\" alt=\"\" width=\"1059\" height=\"909\" srcset=\"https:\/\/static-blogs.diariosur.es\/wp-content\/uploads\/sites\/12\/2025\/11\/1-MIERCOLES.jpg 1059w, https:\/\/static-blogs.diariosur.es\/wp-content\/uploads\/sites\/12\/2025\/11\/1-MIERCOLES-466x400.jpg 466w, https:\/\/static-blogs.diariosur.es\/wp-content\/uploads\/sites\/12\/2025\/11\/1-MIERCOLES-475x408.jpg 475w, https:\/\/static-blogs.diariosur.es\/wp-content\/uploads\/sites\/12\/2025\/11\/1-MIERCOLES-768x659.jpg 768w\" sizes=\"(max-width: 1059px) 100vw, 1059px\" \/><\/a><\/p>\n<p>&nbsp;<\/p>\n<p><span style=\"color: #0000ff;\"><strong>JUEVES<\/strong><\/span><\/p>\n<p>&nbsp;<\/p>\n<p><a href=\"https:\/\/static-blogs.diariosur.es\/wp-content\/uploads\/sites\/12\/2025\/11\/2-JUEVES.jpg\"><img loading=\"lazy\" class=\"aligncenter size-full wp-image-47625\" src=\"https:\/\/static-blogs.diariosur.es\/wp-content\/uploads\/sites\/12\/2025\/11\/2-JUEVES.jpg\" alt=\"\" width=\"1054\" height=\"901\" srcset=\"https:\/\/static-blogs.diariosur.es\/wp-content\/uploads\/sites\/12\/2025\/11\/2-JUEVES.jpg 1054w, https:\/\/static-blogs.diariosur.es\/wp-content\/uploads\/sites\/12\/2025\/11\/2-JUEVES-468x400.jpg 468w, https:\/\/static-blogs.diariosur.es\/wp-content\/uploads\/sites\/12\/2025\/11\/2-JUEVES-477x408.jpg 477w, https:\/\/static-blogs.diariosur.es\/wp-content\/uploads\/sites\/12\/2025\/11\/2-JUEVES-768x657.jpg 768w\" sizes=\"(max-width: 1054px) 100vw, 1054px\" \/><\/a><\/p>\n<p>&nbsp;<\/p>\n<p><span style=\"color: #0000ff;\"><strong>VIERNES<\/strong><\/span><\/p>\n<p>&nbsp;<\/p>\n<p><a href=\"https:\/\/static-blogs.diariosur.es\/wp-content\/uploads\/sites\/12\/2025\/11\/3-VIERNES.jpg\"><img loading=\"lazy\" class=\"aligncenter size-full wp-image-47626\" src=\"https:\/\/static-blogs.diariosur.es\/wp-content\/uploads\/sites\/12\/2025\/11\/3-VIERNES.jpg\" alt=\"\" width=\"1060\" height=\"877\" srcset=\"https:\/\/static-blogs.diariosur.es\/wp-content\/uploads\/sites\/12\/2025\/11\/3-VIERNES.jpg 1060w, https:\/\/static-blogs.diariosur.es\/wp-content\/uploads\/sites\/12\/2025\/11\/3-VIERNES-483x400.jpg 483w, https:\/\/static-blogs.diariosur.es\/wp-content\/uploads\/sites\/12\/2025\/11\/3-VIERNES-493x408.jpg 493w, https:\/\/static-blogs.diariosur.es\/wp-content\/uploads\/sites\/12\/2025\/11\/3-VIERNES-768x635.jpg 768w\" sizes=\"(max-width: 1060px) 100vw, 1060px\" \/><\/a><\/p>\n<p>&nbsp;<\/p>\n<p>Os paso la nota informativa de la Aemet.<\/p>\n<h3><span style=\"color: #0000ff;\"><strong>Nota informativa: episodio de tiempo invernal.<\/strong><\/span><\/h3>\n<p>Despu\u00e9s del paso de la borrasca Claudia, acompa\u00f1ada de abundantes precipitaciones sobre la vertiente atl\u00e1ntica peninsular, as\u00ed como de temperaturas que han sido en general algo elevadas para la \u00e9poca del a\u00f1o, a lo largo de esta semana se espera un cambio significativo de tiempo en nuestro pa\u00eds. A partir del mi\u00e9rcoles penetrar\u00e1 en la Pen\u00ednsula una masa de aire de origen \u00e1rtico que dar\u00e1 lugar a un acusado descenso t\u00e9rmico generalizado y nevadas que afectar\u00e1n principalmente al tercio norte peninsular.<br \/>\nDesde ma\u00f1ana martes se espera que las temperaturas comiencen a descender, tanto m\u00e1ximas como m\u00ednimas, siendo este descenso m\u00e1s acusado en la mitad norte, donde las heladas comenzar\u00e1n a ganar extensi\u00f3n. Ser\u00e1 a partir de la tarde del mi\u00e9rcoles cuando llegar\u00e1 la masa \u00e1rtica al extremo norte peninsular, acompa\u00f1ada de un flujo h\u00famedo de gran recorrido mar\u00edtimo que dar\u00e1 lugar a nevadas en la cordillera Cant\u00e1brica y Pirineos, con una cota que descender\u00e1 hasta los 800-1000 m al final del d\u00eda. A partir del jueves esta masa de aire se extender\u00eda progresivamente al resto de la Pen\u00ednsula y Baleares, provocando un descenso t\u00e9rmico generalizado que continuar\u00eda durante la jornada del viernes. De esta forma, se espera que las temperaturas m\u00e1ximas se sit\u00faen por debajo de los 10 \u00baC en amplias zonas de la Pen\u00ednsula, con excepci\u00f3n del cuadrante suroeste y los litorales, donde ser\u00e1n ligeramente superiores, mientras que las heladas se extender\u00edan por amplias zonas del interior peninsular, siendo moderadas e incluso localmente fuertes en torno a los principales sistemas monta\u00f1osos. En cuanto a las nevadas es probable que entre jueves y viernes sean copiosas a amplias zonas del tercio norte peninsular, con una cota de nieve que descender\u00eda progresivamente hasta los 400-600 m. De forma m\u00e1s d\u00e9bil las nevadas tambi\u00e9n podr\u00e1n extenderse al resto de sistemas monta\u00f1osos de la mitad norte peninsular. Los mayores acumulados se esperan en la Cordillera Cant\u00e1brica, donde se podr\u00e1n superar los 20-40 cm de espesor a lo largo del episodio.<br \/>\nA partir del s\u00e1bado, y en un entorno de creciente incertidumbre, el escenario m\u00e1s probable indica que penetrar\u00eda una masa de aire atl\u00e1ntica m\u00e1s c\u00e1lida que marcar\u00eda el inicio de un ascenso tanto de las temperaturas como de la cota de nieve, y que se mantendr\u00eda en jornadas posteriores, quedando as\u00ed progresivamente las nevadas y las heladas restringidas a zonas de monta\u00f1a.<br \/>\nPor \u00faltimo, cabe destacar que el viento ser\u00e1 otro fen\u00f3meno significativo durante este episodio, arreciando de componente norte desde \u00faltimas horas del jueves, especialmente el cierzo y la tramontana. Se esperan rachas muy fuertes en el nordeste peninsular, Baleares y tambi\u00e9n en zonas de monta\u00f1a del tercio este peninsular, con posibles ventiscas en Pirineos, sobre todo durante viernes y s\u00e1bado. Asociado a esto tambi\u00e9n se espera un intenso temporal mar\u00edtimo que afecte al mar Balear y Ampurd\u00e1n.<br \/>\nAEMET actualizar\u00e1 ma\u00f1ana esta informaci\u00f3n y recomienda un seguimiento detallado y actualizado de esta situaci\u00f3n a trav\u00e9s de sus predicciones y avisos de fen\u00f3menos meteorol\u00f3gicos adversos en www.aemet.es<\/p>\n<p>&nbsp;<\/p>\n<p>FOTO DE PORTADA FUENTE DIARIO SUR<\/p>\n<p>&nbsp;<\/p>\n<p><a href=\"https:\/\/static-blogs.diariosur.es\/wp-content\/uploads\/sites\/12\/2025\/11\/ZZZZZZ-scaled-e1763448894651.jpg\"><img loading=\"lazy\" class=\"aligncenter size-full wp-image-47627\" src=\"https:\/\/static-blogs.diariosur.es\/wp-content\/uploads\/sites\/12\/2025\/11\/ZZZZZZ-scaled-e1763448894651.jpg\" alt=\"\" width=\"1000\" height=\"702\" \/><\/a><\/p>\n","protected":false},"excerpt":{"rendered":"<p>Buenos d\u00edas, amigos de la meteo. Cuando son las siete de la ma\u00f1ana en M\u00e1laga capital, la estaci\u00f3n de la Aemet del Aeropuerto registra 13,3 \u00b0C, los cielos est\u00e1n poco nubosos y el viento sopla moderado de terral de oto\u00f1o y poniente. La probabilidad de precipitaciones es muy baja en toda la provincia. A partir [&hellip;]<\/p>\n","protected":false},"author":16,"featured_media":47627,"comment_status":"open","ping_status":"open","sticky":false,"template":"","format":"standard","meta":[],"categories":[2],"tags":[1264,358,431,616,690,800],"_links":{"self":[{"href":"https:\/\/blogs.diariosur.es\/tormentas-y-rayos\/wp-json\/wp\/v2\/posts\/47620"}],"collection":[{"href":"https:\/\/blogs.diariosur.es\/tormentas-y-rayos\/wp-json\/wp\/v2\/posts"}],"about":[{"href":"https:\/\/blogs.diariosur.es\/tormentas-y-rayos\/wp-json\/wp\/v2\/types\/post"}],"author":[{"embeddable":true,"href":"https:\/\/blogs.diariosur.es\/tormentas-y-rayos\/wp-json\/wp\/v2\/users\/16"}],"replies":[{"embeddable":true,"href":"https:\/\/blogs.diariosur.es\/tormentas-y-rayos\/wp-json\/wp\/v2\/comments?post=47620"}],"version-history":[{"count":6,"href":"https:\/\/blogs.diariosur.es\/tormentas-y-rayos\/wp-json\/wp\/v2\/posts\/47620\/revisions"}],"predecessor-version":[{"id":47630,"href":"https:\/\/blogs.diariosur.es\/tormentas-y-rayos\/wp-json\/wp\/v2\/posts\/47620\/revisions\/47630"}],"wp:featuredmedia":[{"embeddable":true,"href":"https:\/\/blogs.diariosur.es\/tormentas-y-rayos\/wp-json\/wp\/v2\/media\/47627"}],"wp:attachment":[{"href":"https:\/\/blogs.diariosur.es\/tormentas-y-rayos\/wp-json\/wp\/v2\/media?parent=47620"}],"wp:term":[{"taxonomy":"category","embeddable":true,"href":"https:\/\/blogs.diariosur.es\/tormentas-y-rayos\/wp-json\/wp\/v2\/categories?post=47620"},{"taxonomy":"post_tag","embeddable":true,"href":"https:\/\/blogs.diariosur.es\/tormentas-y-rayos\/wp-json\/wp\/v2\/tags?post=47620"}],"curies":[{"name":"wp","href":"https:\/\/api.w.org\/{rel}","templated":true}]}}