{"id":47631,"date":"2025-11-18T11:53:21","date_gmt":"2025-11-18T10:53:21","guid":{"rendered":"https:\/\/blogs.diariosur.es\/tormentas-y-rayos\/?p=47631"},"modified":"2025-11-19T08:11:56","modified_gmt":"2025-11-19T07:11:56","slug":"tal-dia-como-hoy-del-ano-2021-tuvimos-este-temporal-de-levante","status":"publish","type":"post","link":"https:\/\/blogs.diariosur.es\/tormentas-y-rayos\/2025\/11\/18\/tal-dia-como-hoy-del-ano-2021-tuvimos-este-temporal-de-levante\/","title":{"rendered":"Tal d\u00eda como hoy del a\u00f1o 2021, tuvimos este temporal de levante"},"content":{"rendered":"<p><a href=\"https:\/\/static-blogs.diariosur.es\/wp-content\/uploads\/sites\/12\/2025\/10\/444912498_10228884468795449_97962860407814916_n-e1763121197919.jpg\"><img loading=\"lazy\" class=\"aligncenter size-thumbnail wp-image-46969\" src=\"https:\/\/static-blogs.diariosur.es\/wp-content\/uploads\/sites\/12\/2025\/10\/444912498_10228884468795449_97962860407814916_n-150x150.jpg\" alt=\"\" width=\"150\" height=\"150\" \/><\/a><\/p>\n<p data-pm-slice=\"1 1 []\">Hola de nuevo, amigos de la meteo. Os pongo unas fotos del temporal que tuvimos tal d\u00eda como hoy del a\u00f1o 2021. La boya del puerto registr\u00f3 una ola de 5,9 metros.<\/p>\n<p data-pm-slice=\"1 1 []\"><a href=\"https:\/\/static-blogs.diariosur.es\/wp-content\/uploads\/sites\/12\/2025\/11\/481057835_10231675176921408_6082977484513123899_n-e1763463040935.jpg\"><img loading=\"lazy\" class=\"aligncenter size-full wp-image-47632\" src=\"https:\/\/static-blogs.diariosur.es\/wp-content\/uploads\/sites\/12\/2025\/11\/481057835_10231675176921408_6082977484513123899_n-e1763463040935.jpg\" alt=\"\" width=\"1000\" height=\"601\" \/><\/a><\/p>\n<p data-pm-slice=\"1 1 []\"><a href=\"https:\/\/static-blogs.diariosur.es\/wp-content\/uploads\/sites\/12\/2025\/11\/481100235_10231675174681352_5170331358869463836_n-e1763463071342.jpg\"><img loading=\"lazy\" class=\"aligncenter size-full wp-image-47633\" src=\"https:\/\/static-blogs.diariosur.es\/wp-content\/uploads\/sites\/12\/2025\/11\/481100235_10231675174681352_5170331358869463836_n-e1763463071342.jpg\" alt=\"\" width=\"1000\" height=\"667\" \/><\/a><\/p>\n<p data-pm-slice=\"1 1 []\"><a href=\"https:\/\/static-blogs.diariosur.es\/wp-content\/uploads\/sites\/12\/2025\/11\/481051987_10231675174321343_5237058356590744264_n-e1763463105899.jpg\"><img loading=\"lazy\" class=\"aligncenter size-full wp-image-47634\" src=\"https:\/\/static-blogs.diariosur.es\/wp-content\/uploads\/sites\/12\/2025\/11\/481051987_10231675174321343_5237058356590744264_n-e1763463105899.jpg\" alt=\"\" width=\"1000\" height=\"667\" \/><\/a><\/p>\n<p data-pm-slice=\"1 1 []\"><a href=\"https:\/\/static-blogs.diariosur.es\/wp-content\/uploads\/sites\/12\/2025\/11\/480933847_10231675177641426_2702649234820906786_n-e1763463133939.jpg\"><img loading=\"lazy\" class=\"aligncenter size-full wp-image-47635\" src=\"https:\/\/static-blogs.diariosur.es\/wp-content\/uploads\/sites\/12\/2025\/11\/480933847_10231675177641426_2702649234820906786_n-e1763463133939.jpg\" alt=\"\" width=\"1000\" height=\"561\" \/><\/a><\/p>\n<p data-pm-slice=\"1 1 []\"><a href=\"https:\/\/static-blogs.diariosur.es\/wp-content\/uploads\/sites\/12\/2025\/11\/480517739_10231675176801405_1972483149900008521_n-e1763463160502.jpg\"><img loading=\"lazy\" class=\"aligncenter size-full wp-image-47636\" src=\"https:\/\/static-blogs.diariosur.es\/wp-content\/uploads\/sites\/12\/2025\/11\/480517739_10231675176801405_1972483149900008521_n-e1763463160502.jpg\" alt=\"\" width=\"1000\" height=\"667\" \/><\/a><\/p>\n<p>&nbsp;<\/p>\n<p><a href=\"https:\/\/static-blogs.diariosur.es\/wp-content\/uploads\/sites\/12\/2025\/11\/481184954_10231675283364069_5493965211934652133_n-e1763535745815.jpg\"><img loading=\"lazy\" class=\"aligncenter size-full wp-image-47662\" src=\"https:\/\/static-blogs.diariosur.es\/wp-content\/uploads\/sites\/12\/2025\/11\/481184954_10231675283364069_5493965211934652133_n-e1763535745815.jpg\" alt=\"\" width=\"1000\" height=\"531\" \/><\/a><\/p>\n<p>&nbsp;<\/p>\n<p><a href=\"https:\/\/static-blogs.diariosur.es\/wp-content\/uploads\/sites\/12\/2025\/11\/481194596_10231675283644076_5224750163129247468_n-e1763535777120.jpg\"><img loading=\"lazy\" class=\"aligncenter size-full wp-image-47663\" src=\"https:\/\/static-blogs.diariosur.es\/wp-content\/uploads\/sites\/12\/2025\/11\/481194596_10231675283644076_5224750163129247468_n-e1763535777120.jpg\" alt=\"\" width=\"1000\" height=\"513\" \/><\/a><\/p>\n<p>&nbsp;<\/p>\n<p><a href=\"https:\/\/static-blogs.diariosur.es\/wp-content\/uploads\/sites\/12\/2025\/11\/481206560_10231675286164139_1822764668068413657_n-e1763535814776.jpg\"><img loading=\"lazy\" class=\"aligncenter size-full wp-image-47664\" src=\"https:\/\/static-blogs.diariosur.es\/wp-content\/uploads\/sites\/12\/2025\/11\/481206560_10231675286164139_1822764668068413657_n-e1763535814776.jpg\" alt=\"\" width=\"1000\" height=\"488\" \/><\/a><\/p>\n<p><a href=\"https:\/\/static-blogs.diariosur.es\/wp-content\/uploads\/sites\/12\/2025\/11\/a-1-e1763536051809.jpg\"><img loading=\"lazy\" class=\"aligncenter size-full wp-image-47666\" src=\"https:\/\/static-blogs.diariosur.es\/wp-content\/uploads\/sites\/12\/2025\/11\/a-1-e1763536051809.jpg\" alt=\"\" width=\"1000\" height=\"550\" \/><\/a><\/p>\n<p>&nbsp;<\/p>\n<p><a href=\"https:\/\/static-blogs.diariosur.es\/wp-content\/uploads\/sites\/12\/2025\/11\/a1-1-e1763536094242.jpg\"><img loading=\"lazy\" class=\"aligncenter size-full wp-image-47667\" src=\"https:\/\/static-blogs.diariosur.es\/wp-content\/uploads\/sites\/12\/2025\/11\/a1-1-e1763536094242.jpg\" alt=\"\" width=\"1000\" height=\"533\" \/><\/a><\/p>\n<p>&nbsp;<\/p>\n<p>&nbsp;<\/p>\n","protected":false},"excerpt":{"rendered":"<p>Hola de nuevo, amigos de la meteo. Os pongo unas fotos del temporal que tuvimos tal d\u00eda como hoy del a\u00f1o 2021. La boya del puerto registr\u00f3 una ola de 5,9 metros. &nbsp; &nbsp; &nbsp; &nbsp; &nbsp; &nbsp;<\/p>\n","protected":false},"author":16,"featured_media":47632,"comment_status":"open","ping_status":"open","sticky":false,"template":"","format":"standard","meta":[],"categories":[2],"tags":[553,587,736,966],"_links":{"self":[{"href":"https:\/\/blogs.diariosur.es\/tormentas-y-rayos\/wp-json\/wp\/v2\/posts\/47631"}],"collection":[{"href":"https:\/\/blogs.diariosur.es\/tormentas-y-rayos\/wp-json\/wp\/v2\/posts"}],"about":[{"href":"https:\/\/blogs.diariosur.es\/tormentas-y-rayos\/wp-json\/wp\/v2\/types\/post"}],"author":[{"embeddable":true,"href":"https:\/\/blogs.diariosur.es\/tormentas-y-rayos\/wp-json\/wp\/v2\/users\/16"}],"replies":[{"embeddable":true,"href":"https:\/\/blogs.diariosur.es\/tormentas-y-rayos\/wp-json\/wp\/v2\/comments?post=47631"}],"version-history":[{"count":7,"href":"https:\/\/blogs.diariosur.es\/tormentas-y-rayos\/wp-json\/wp\/v2\/posts\/47631\/revisions"}],"predecessor-version":[{"id":47671,"href":"https:\/\/blogs.diariosur.es\/tormentas-y-rayos\/wp-json\/wp\/v2\/posts\/47631\/revisions\/47671"}],"wp:featuredmedia":[{"embeddable":true,"href":"https:\/\/blogs.diariosur.es\/tormentas-y-rayos\/wp-json\/wp\/v2\/media\/47632"}],"wp:attachment":[{"href":"https:\/\/blogs.diariosur.es\/tormentas-y-rayos\/wp-json\/wp\/v2\/media?parent=47631"}],"wp:term":[{"taxonomy":"category","embeddable":true,"href":"https:\/\/blogs.diariosur.es\/tormentas-y-rayos\/wp-json\/wp\/v2\/categories?post=47631"},{"taxonomy":"post_tag","embeddable":true,"href":"https:\/\/blogs.diariosur.es\/tormentas-y-rayos\/wp-json\/wp\/v2\/tags?post=47631"}],"curies":[{"name":"wp","href":"https:\/\/api.w.org\/{rel}","templated":true}]}}