{"id":4765,"date":"2013-01-25T07:03:37","date_gmt":"2013-01-25T06:03:37","guid":{"rendered":"http:\/\/blogs.diariosur.es\/tormentas-y-rayos\/?p=4765"},"modified":"2013-01-25T07:03:37","modified_gmt":"2013-01-25T06:03:37","slug":"prediccion-del-tiempo-fin-de-semana-subida-de-temperaturas-brutal-ciclogenesis-explosiva-en-el-noroeste-del-atlantico-el-sabado","status":"publish","type":"post","link":"https:\/\/blogs.diariosur.es\/tormentas-y-rayos\/2013\/01\/25\/prediccion-del-tiempo-fin-de-semana-subida-de-temperaturas-brutal-ciclogenesis-explosiva-en-el-noroeste-del-atlantico-el-sabado\/","title":{"rendered":"Predicci\u00f3n del tiempo fin de semana: subida de temperaturas. Brutal ciclog\u00e9nesis explosiva en el noroeste del atl\u00e1ntico el s\u00e1bado"},"content":{"rendered":"<p><strong>Buenos dias amigos de la meteo. Son las seis de la ma\u00f1ana, registro 12 grados y los cielos est\u00e1n algo nubosos. De camino al curro intentare fotografiar el amanecer.<\/strong><\/p>\n<p><strong> Un frente cruzara hoy viernes\u00a0Andaluc\u00eda. La lluvia llegara a nuestra provincia sobre el\u00a0mediod\u00eda, siendo mas probables los chubascos por el interior, pero sin descartarlos en M\u00e1laga Capital.\u00a0<\/strong><\/p>\n<p><strong>Os paso\u00a0una\u00a0imagen del eumetsat donde se ve el frente que afectara a nuestra provincia hoy viernes. Fuente meteogalicia<\/strong><\/p>\n<p><a href=\"https:\/\/blogs.diariosur.es\/tormentas-y-rayos\/2013\/01\/25\/prediccion-del-tiempo-fin-de-semana-subida-de-temperaturas-brutal-ciclogenesis-explosiva-en-el-noroeste-del-atlantico-el-sabado\/frente-calido\/\" rel=\"attachment wp-att-4781\"><img loading=\"lazy\" class=\"aligncenter size-medium wp-image-4781\" title=\"frente calido\" src=\"\/tormentas-y-rayos\/wp-content\/uploads\/sites\/12\/2013\/01\/frente-calido.jpg\" alt=\"\" width=\"564\" height=\"400\" srcset=\"https:\/\/static-blogs.diariosur.es\/wp-content\/uploads\/sites\/12\/2013\/01\/frente-calido.jpg 737w, https:\/\/static-blogs.diariosur.es\/wp-content\/uploads\/sites\/12\/2013\/01\/frente-calido-565x400.jpg 565w\" sizes=\"(max-width: 564px) 100vw, 564px\" \/><\/a><\/p>\n<p><strong>Como siempre os hago un peque\u00f1o resumen del mi\u00e9rcoles y el jueves. Al final os doy el pronostico para el fin de semana.<\/strong><\/p>\n<p><strong>Lo mas destacado del jueves, fue la nieve ca\u00edda en Sierra Tejeda y los lenticularis que se formaron por la tarde. Este pedazo de foto que os pongo y la de portada, es de nuestro amigo Toni Moleros, la foto esta hecha desde el Espig\u00f3n de la T\u00e9rmica. Un fot\u00f3n.<\/strong><\/p>\n<p><a href=\"https:\/\/blogs.diariosur.es\/tormentas-y-rayos\/2013\/01\/25\/prediccion-del-tiempo-fin-de-semana-subida-de-temperaturas-brutal-ciclogenesis-explosiva-en-el-noroeste-del-atlantico-el-sabado\/tony-moleros-3\/\" rel=\"attachment wp-att-4766\"><img loading=\"lazy\" class=\"aligncenter size-full wp-image-4766\" title=\"tony moleros\" src=\"\/tormentas-y-rayos\/wp-content\/uploads\/sites\/12\/2013\/01\/tony-moleros.jpg\" alt=\"\" width=\"680\" height=\"510\" srcset=\"https:\/\/static-blogs.diariosur.es\/wp-content\/uploads\/sites\/12\/2013\/01\/tony-moleros.jpg 680w, https:\/\/static-blogs.diariosur.es\/wp-content\/uploads\/sites\/12\/2013\/01\/tony-moleros-533x400.jpg 533w\" sizes=\"(max-width: 680px) 100vw, 680px\" \/><\/a><\/p>\n<p><strong>Yo pude fotografiar un piquito de Sierra Tejeda, desde la terraza de Geno. Lo mejor el lenticular que tenia encima. Mas tarde al entrar a trabajar pude fotografiar desde el Palacio de Congresos varios lenticularis.\u00a0<\/strong><\/p>\n<p><a href=\"https:\/\/blogs.diariosur.es\/tormentas-y-rayos\/2013\/01\/25\/prediccion-del-tiempo-fin-de-semana-subida-de-temperaturas-brutal-ciclogenesis-explosiva-en-el-noroeste-del-atlantico-el-sabado\/olympus-digital-camera-1057\/\" rel=\"attachment wp-att-4767\"><img loading=\"lazy\" class=\"aligncenter size-full wp-image-4767\" title=\"OLYMPUS DIGITAL CAMERA\" src=\"\/tormentas-y-rayos\/wp-content\/uploads\/sites\/12\/2013\/01\/047.jpg\" alt=\"\" width=\"680\" height=\"510\" srcset=\"https:\/\/static-blogs.diariosur.es\/wp-content\/uploads\/sites\/12\/2013\/01\/047.jpg 680w, https:\/\/static-blogs.diariosur.es\/wp-content\/uploads\/sites\/12\/2013\/01\/047-533x400.jpg 533w\" sizes=\"(max-width: 680px) 100vw, 680px\" \/><\/a><\/p>\n<p><a href=\"https:\/\/blogs.diariosur.es\/tormentas-y-rayos\/2013\/01\/25\/prediccion-del-tiempo-fin-de-semana-subida-de-temperaturas-brutal-ciclogenesis-explosiva-en-el-noroeste-del-atlantico-el-sabado\/olympus-digital-camera-1058\/\" rel=\"attachment wp-att-4768\"><img loading=\"lazy\" class=\"aligncenter size-full wp-image-4768\" title=\"OLYMPUS DIGITAL CAMERA\" src=\"\/tormentas-y-rayos\/wp-content\/uploads\/sites\/12\/2013\/01\/0521.jpg\" alt=\"\" width=\"680\" height=\"510\" srcset=\"https:\/\/static-blogs.diariosur.es\/wp-content\/uploads\/sites\/12\/2013\/01\/0521.jpg 680w, https:\/\/static-blogs.diariosur.es\/wp-content\/uploads\/sites\/12\/2013\/01\/0521-533x400.jpg 533w\" sizes=\"(max-width: 680px) 100vw, 680px\" \/><\/a><\/p>\n<p>&nbsp;<\/p>\n<p><strong>El jueves tuvimos de todo, un impresionante amanecer y chubascos que se dieron a partir del mediod\u00eda. Empecemos con el amanecer y cargamos las pilas. <a href=\"http:\/\/www.flickr.com\/photos\/jose_luis_escudero\/\" rel=\"external nofollow\">En este enlace\u00a0pod\u00e9is\u00a0ver mas<\/a>.<\/strong><\/p>\n<p><a href=\"https:\/\/blogs.diariosur.es\/tormentas-y-rayos\/2013\/01\/25\/prediccion-del-tiempo-fin-de-semana-subida-de-temperaturas-brutal-ciclogenesis-explosiva-en-el-noroeste-del-atlantico-el-sabado\/olympus-digital-camera-1059\/\" rel=\"attachment wp-att-4769\"><img loading=\"lazy\" class=\"aligncenter size-full wp-image-4769\" title=\"OLYMPUS DIGITAL CAMERA\" src=\"\/tormentas-y-rayos\/wp-content\/uploads\/sites\/12\/2013\/01\/jose.jpg\" alt=\"\" width=\"680\" height=\"510\" srcset=\"https:\/\/static-blogs.diariosur.es\/wp-content\/uploads\/sites\/12\/2013\/01\/jose.jpg 680w, https:\/\/static-blogs.diariosur.es\/wp-content\/uploads\/sites\/12\/2013\/01\/jose-533x400.jpg 533w\" sizes=\"(max-width: 680px) 100vw, 680px\" \/><\/a><\/p>\n<p>&nbsp;<\/p>\n<p><a href=\"https:\/\/blogs.diariosur.es\/tormentas-y-rayos\/2013\/01\/25\/prediccion-del-tiempo-fin-de-semana-subida-de-temperaturas-brutal-ciclogenesis-explosiva-en-el-noroeste-del-atlantico-el-sabado\/olympus-digital-camera-1062\/\" rel=\"attachment wp-att-4779\"><img loading=\"lazy\" class=\"aligncenter size-full wp-image-4779\" title=\"OLYMPUS DIGITAL CAMERA\" src=\"\/tormentas-y-rayos\/wp-content\/uploads\/sites\/12\/2013\/01\/14.jpg\" alt=\"\" width=\"680\" height=\"478\" srcset=\"https:\/\/static-blogs.diariosur.es\/wp-content\/uploads\/sites\/12\/2013\/01\/14.jpg 680w, https:\/\/static-blogs.diariosur.es\/wp-content\/uploads\/sites\/12\/2013\/01\/14-569x400.jpg 569w\" sizes=\"(max-width: 680px) 100vw, 680px\" \/><\/a><\/p>\n<p>&nbsp;<\/p>\n<p><strong>Los chubascos fueron muy repartidos por toda la provincia, yo registre 2 litros, pero en algunos puntos de la zona oeste de la provincia se llegaron a los 12 y 15 litros. Pero ademas de la lluvia, el protagonista fue el viento. Desde la madrugada el terral de invierno casi se quedo parado hasta las siete de la ma\u00f1ana, pero volvi\u00f3 con fuerza a partir de las doce de la ma\u00f1ana. Os paso un\u00a0gr\u00e1fico\u00a0fuente aemet.<\/strong><\/p>\n<p>&nbsp;<\/p>\n<p><a href=\"https:\/\/blogs.diariosur.es\/tormentas-y-rayos\/2013\/01\/25\/prediccion-del-tiempo-fin-de-semana-subida-de-temperaturas-brutal-ciclogenesis-explosiva-en-el-noroeste-del-atlantico-el-sabado\/v-4\/\" rel=\"attachment wp-att-4770\"><img loading=\"lazy\" class=\"aligncenter size-medium wp-image-4770\" title=\"v\" src=\"\/tormentas-y-rayos\/wp-content\/uploads\/sites\/12\/2013\/01\/v.jpg\" alt=\"\" width=\"600\" height=\"269\" srcset=\"https:\/\/static-blogs.diariosur.es\/wp-content\/uploads\/sites\/12\/2013\/01\/v.jpg 703w, https:\/\/static-blogs.diariosur.es\/wp-content\/uploads\/sites\/12\/2013\/01\/v-640x288.jpg 640w\" sizes=\"(max-width: 600px) 100vw, 600px\" \/><\/a><\/p>\n<p>&nbsp;<\/p>\n<p><span style=\"color: #ff0000;\"><strong>Ademas del viento, tuvimos una bajada de temperatura impresionante. De estar a casi 17 grados a las once de la ma\u00f1ana, sobre las doce del\u00a0mediod\u00eda\u00a0bajo bruscamente a 12.<\/strong><\/span><\/p>\n<p>&nbsp;<\/p>\n<p><a href=\"https:\/\/blogs.diariosur.es\/tormentas-y-rayos\/2013\/01\/25\/prediccion-del-tiempo-fin-de-semana-subida-de-temperaturas-brutal-ciclogenesis-explosiva-en-el-noroeste-del-atlantico-el-sabado\/bajon-de-temperatura\/\" rel=\"attachment wp-att-4782\"><img loading=\"lazy\" class=\"aligncenter size-medium wp-image-4782\" title=\"bajon de temperatura\" src=\"\/tormentas-y-rayos\/wp-content\/uploads\/sites\/12\/2013\/01\/bajon-de-temperatura.jpg\" alt=\"\" width=\"600\" height=\"257\" srcset=\"https:\/\/static-blogs.diariosur.es\/wp-content\/uploads\/sites\/12\/2013\/01\/bajon-de-temperatura.jpg 730w, https:\/\/static-blogs.diariosur.es\/wp-content\/uploads\/sites\/12\/2013\/01\/bajon-de-temperatura-640x274.jpg 640w\" sizes=\"(max-width: 600px) 100vw, 600px\" \/><\/a><\/p>\n<p><strong>Y claro, a muchos les pillo de sorpresa. \u00a0Los que\u00a0ten\u00edan\u00a0paraguas, les costaba tenerlo firme y la que no tenia paraguas se\u00a0cubr\u00eda\u00a0con una bolsa.\u00a0<\/strong><\/p>\n<p><a href=\"https:\/\/blogs.diariosur.es\/tormentas-y-rayos\/2013\/01\/25\/prediccion-del-tiempo-fin-de-semana-subida-de-temperaturas-brutal-ciclogenesis-explosiva-en-el-noroeste-del-atlantico-el-sabado\/olympus-digital-camera-1060\/\" rel=\"attachment wp-att-4771\"><img loading=\"lazy\" class=\"aligncenter size-full wp-image-4771\" title=\"OLYMPUS DIGITAL CAMERA\" src=\"\/tormentas-y-rayos\/wp-content\/uploads\/sites\/12\/2013\/01\/148.jpg\" alt=\"\" width=\"680\" height=\"595\" srcset=\"https:\/\/static-blogs.diariosur.es\/wp-content\/uploads\/sites\/12\/2013\/01\/148.jpg 680w, https:\/\/static-blogs.diariosur.es\/wp-content\/uploads\/sites\/12\/2013\/01\/148-457x400.jpg 457w\" sizes=\"(max-width: 680px) 100vw, 680px\" \/><\/a><\/p>\n<p>&nbsp;<\/p>\n<p><a href=\"https:\/\/blogs.diariosur.es\/tormentas-y-rayos\/2013\/01\/25\/prediccion-del-tiempo-fin-de-semana-subida-de-temperaturas-brutal-ciclogenesis-explosiva-en-el-noroeste-del-atlantico-el-sabado\/olympus-digital-camera-1061\/\" rel=\"attachment wp-att-4772\"><img loading=\"lazy\" class=\"aligncenter size-full wp-image-4772\" title=\"OLYMPUS DIGITAL CAMERA\" src=\"\/tormentas-y-rayos\/wp-content\/uploads\/sites\/12\/2013\/01\/146.jpg\" alt=\"\" width=\"680\" height=\"510\" srcset=\"https:\/\/static-blogs.diariosur.es\/wp-content\/uploads\/sites\/12\/2013\/01\/146.jpg 680w, https:\/\/static-blogs.diariosur.es\/wp-content\/uploads\/sites\/12\/2013\/01\/146-533x400.jpg 533w\" sizes=\"(max-width: 680px) 100vw, 680px\" \/><\/a><\/p>\n<p>&nbsp;<\/p>\n<p>&nbsp;<\/p>\n<p><strong>Bueno amigos tranquilos que en na de tiempo os doy el pronostico del fin de semana, antes os pongo el mapa de esa brutal ciclog\u00e9nesis, que se\u00a0dar\u00e1\u00a0entre hoy y el\u00a0s\u00e1bado\u00a0en el\u00a0Atl\u00e1ntico. Rachas cercanas a los 200 km\/h.\u00a0 En dos palabras brutallllllll, 930 hPa, \u00a0la tormenta perfecta je je je. \u00a0No me\u00a0gustar\u00eda\u00a0estar en barco en esa zona. <a href=\"http:\/\/foro.tiempo.com\/super-ciclon-extratropical-ciclogenesis-explosiva-atlantico-norte-2526-enero-t140258.0.html\" rel=\"external nofollow\">Os paso este enlace donde se habla de esta bestial borrasca.<\/a><\/strong><\/p>\n<p><strong>Fuente Hirlam aemet \u00a0y gfs<\/strong><\/p>\n<p>&nbsp;<\/p>\n<p><a href=\"https:\/\/blogs.diariosur.es\/tormentas-y-rayos\/2013\/01\/25\/prediccion-del-tiempo-fin-de-semana-subida-de-temperaturas-brutal-ciclogenesis-explosiva-en-el-noroeste-del-atlantico-el-sabado\/ciclogenesis-3\/\" rel=\"attachment wp-att-4774\"><img loading=\"lazy\" class=\"aligncenter size-medium wp-image-4774\" title=\"ciclog\u00e9nesis\" src=\"\/tormentas-y-rayos\/wp-content\/uploads\/sites\/12\/2013\/01\/ciclog\u00e9nesis1.jpg\" alt=\"\" width=\"577\" height=\"400\" srcset=\"https:\/\/static-blogs.diariosur.es\/wp-content\/uploads\/sites\/12\/2013\/01\/ciclog\u00e9nesis1.jpg 753w, https:\/\/static-blogs.diariosur.es\/wp-content\/uploads\/sites\/12\/2013\/01\/ciclog\u00e9nesis1-577x400.jpg 577w\" sizes=\"(max-width: 577px) 100vw, 577px\" \/><\/a><\/p>\n<p><a href=\"https:\/\/blogs.diariosur.es\/tormentas-y-rayos\/2013\/01\/25\/prediccion-del-tiempo-fin-de-semana-subida-de-temperaturas-brutal-ciclogenesis-explosiva-en-el-noroeste-del-atlantico-el-sabado\/brutal\/\" rel=\"attachment wp-att-4775\"><img loading=\"lazy\" class=\"aligncenter size-medium wp-image-4775\" title=\"brutal\" src=\"\/tormentas-y-rayos\/wp-content\/uploads\/sites\/12\/2013\/01\/brutal.jpg\" alt=\"\" width=\"535\" height=\"400\" srcset=\"https:\/\/static-blogs.diariosur.es\/wp-content\/uploads\/sites\/12\/2013\/01\/brutal.jpg 723w, https:\/\/static-blogs.diariosur.es\/wp-content\/uploads\/sites\/12\/2013\/01\/brutal-536x400.jpg 536w\" sizes=\"(max-width: 535px) 100vw, 535px\" \/><\/a><\/p>\n<p><span style=\"color: #0000ff;\"><strong>PREDICCI\u00d3N FIN DE SEMANA: SUBIDA TEMPERATURAS\u00a0<\/strong><\/span><\/p>\n<p><span style=\"color: #ff0000;\"><strong>El s\u00e1bado a partir de primeras horas de la ma\u00f1ana no espero lluvias. La m\u00e1xima estar\u00e1 cercana a los 19 \u00a0grados, ya que las isos a 850 hpa estar\u00e1n cercanas a los 10 grados.<\/strong><\/span><\/p>\n<p><span style=\"color: #ff0000;\"><a href=\"https:\/\/blogs.diariosur.es\/tormentas-y-rayos\/2013\/01\/25\/prediccion-del-tiempo-fin-de-semana-subida-de-temperaturas-brutal-ciclogenesis-explosiva-en-el-noroeste-del-atlantico-el-sabado\/bbb-2\/\" rel=\"attachment wp-att-4776\"><span style=\"color: #ff0000;\"><img loading=\"lazy\" class=\"aligncenter size-full wp-image-4776\" title=\"bbb\" src=\"\/tormentas-y-rayos\/wp-content\/uploads\/sites\/12\/2013\/01\/bbb.jpg\" alt=\"\" width=\"684\" height=\"565\" srcset=\"https:\/\/static-blogs.diariosur.es\/wp-content\/uploads\/sites\/12\/2013\/01\/bbb.jpg 684w, https:\/\/static-blogs.diariosur.es\/wp-content\/uploads\/sites\/12\/2013\/01\/bbb-484x400.jpg 484w\" sizes=\"(max-width: 684px) 100vw, 684px\" \/><\/span><\/a><\/span><\/p>\n<p><span style=\"color: #ff0000;\"><strong>\u00a0El viento de terral de invierno soplara entre leve y moderado,\u00a0seg\u00fan\u00a0las horas.\u00a0<\/strong><\/span><\/p>\n<p>&nbsp;<\/p>\n<p><span><strong><span style=\"color: #ff0000;\">El domingo\u00a0seguir\u00e1\u00a0la misma\u00a0t\u00f3nica, solo destacar que a ultima hora de la tarde\u00a0entrar\u00eda\u00a0un nuevo frente. Que\u00a0dejar\u00eda\u00a0chubascos en nuestra provincia, durante la noche o madrugada del lunes. Pero lo mismo se adelanta el frente y entra un poco antes. \u00a0<\/span><\/strong><\/span><\/p>\n<p><span style=\"color: #ff0000;\"><strong>Asi que a disfrutar de paseos por la playa mirando al mar. Incluso os puedo adelantar que la semana que viene el Anticicl\u00f3n sera el protagonista durante bastantes dias.<\/strong><\/span><\/p>\n<p><span style=\"color: #ff00ff;\"><strong>Os dejo con unas fotos de nuestros amigos que siguen el blog. Un fuerte abrazo a todos y disfrutar este finde del sol.<\/strong><\/span><\/p>\n<p><span style=\"color: #ff00ff;\"><strong>Fernando Berrocal nos manda este bonito atardecer<\/strong>.<\/span><\/p>\n<p><span style=\"color: #ff00ff;\"><a href=\"https:\/\/blogs.diariosur.es\/tormentas-y-rayos\/2013\/01\/25\/prediccion-del-tiempo-fin-de-semana-subida-de-temperaturas-brutal-ciclogenesis-explosiva-en-el-noroeste-del-atlantico-el-sabado\/fernando-berro\/\" rel=\"attachment wp-att-4777\"><span style=\"color: #ff00ff;\"><img loading=\"lazy\" class=\"aligncenter size-full wp-image-4777\" title=\"fernando berro\" src=\"\/tormentas-y-rayos\/wp-content\/uploads\/sites\/12\/2013\/01\/fernando-berro.jpg\" alt=\"\" width=\"680\" height=\"383\" srcset=\"https:\/\/static-blogs.diariosur.es\/wp-content\/uploads\/sites\/12\/2013\/01\/fernando-berro.jpg 680w, https:\/\/static-blogs.diariosur.es\/wp-content\/uploads\/sites\/12\/2013\/01\/fernando-berro-640x360.jpg 640w\" sizes=\"(max-width: 680px) 100vw, 680px\" \/><\/span><\/a><\/span><\/p>\n<p><span style=\"color: #ff00ff;\"><strong>Miguel Angel \u00c1vila, quiere compartir este precioso atardecer desde Chilches<\/strong><\/span><\/p>\n<p><span style=\"color: #ff00ff;\"><a href=\"https:\/\/blogs.diariosur.es\/tormentas-y-rayos\/2013\/01\/25\/prediccion-del-tiempo-fin-de-semana-subida-de-temperaturas-brutal-ciclogenesis-explosiva-en-el-noroeste-del-atlantico-el-sabado\/miguel-angel-2\/\" rel=\"attachment wp-att-4778\"><span style=\"color: #ff00ff;\"><img loading=\"lazy\" class=\"aligncenter size-full wp-image-4778\" title=\"miguel angel\" src=\"\/tormentas-y-rayos\/wp-content\/uploads\/sites\/12\/2013\/01\/miguel-angel.jpg\" alt=\"\" width=\"680\" height=\"453\" srcset=\"https:\/\/static-blogs.diariosur.es\/wp-content\/uploads\/sites\/12\/2013\/01\/miguel-angel.jpg 680w, https:\/\/static-blogs.diariosur.es\/wp-content\/uploads\/sites\/12\/2013\/01\/miguel-angel-600x400.jpg 600w\" sizes=\"(max-width: 680px) 100vw, 680px\" \/><\/span><\/a><\/span><\/p>\n","protected":false},"excerpt":{"rendered":"<p>Buenos dias amigos de la meteo. Son las seis de la ma\u00f1ana, registro 12 grados y los cielos est\u00e1n algo nubosos. De camino al curro intentare fotografiar el amanecer. Un frente cruzara hoy viernes\u00a0Andaluc\u00eda. La lluvia llegara a nuestra provincia sobre el\u00a0mediod\u00eda, siendo mas probables los chubascos por el interior, pero sin descartarlos en M\u00e1laga [&hellip;]<\/p>\n","protected":false},"author":16,"featured_media":4780,"comment_status":"open","ping_status":"closed","sticky":false,"template":"","format":"standard","meta":[],"categories":[2],"tags":[253,395,410,800,902,934,962,980],"_links":{"self":[{"href":"https:\/\/blogs.diariosur.es\/tormentas-y-rayos\/wp-json\/wp\/v2\/posts\/4765"}],"collection":[{"href":"https:\/\/blogs.diariosur.es\/tormentas-y-rayos\/wp-json\/wp\/v2\/posts"}],"about":[{"href":"https:\/\/blogs.diariosur.es\/tormentas-y-rayos\/wp-json\/wp\/v2\/types\/post"}],"author":[{"embeddable":true,"href":"https:\/\/blogs.diariosur.es\/tormentas-y-rayos\/wp-json\/wp\/v2\/users\/16"}],"replies":[{"embeddable":true,"href":"https:\/\/blogs.diariosur.es\/tormentas-y-rayos\/wp-json\/wp\/v2\/comments?post=4765"}],"version-history":[{"count":0,"href":"https:\/\/blogs.diariosur.es\/tormentas-y-rayos\/wp-json\/wp\/v2\/posts\/4765\/revisions"}],"wp:featuredmedia":[{"embeddable":true,"href":"https:\/\/blogs.diariosur.es\/tormentas-y-rayos\/wp-json\/wp\/v2\/media\/4780"}],"wp:attachment":[{"href":"https:\/\/blogs.diariosur.es\/tormentas-y-rayos\/wp-json\/wp\/v2\/media?parent=4765"}],"wp:term":[{"taxonomy":"category","embeddable":true,"href":"https:\/\/blogs.diariosur.es\/tormentas-y-rayos\/wp-json\/wp\/v2\/categories?post=4765"},{"taxonomy":"post_tag","embeddable":true,"href":"https:\/\/blogs.diariosur.es\/tormentas-y-rayos\/wp-json\/wp\/v2\/tags?post=4765"}],"curies":[{"name":"wp","href":"https:\/\/api.w.org\/{rel}","templated":true}]}}