{"id":47672,"date":"2025-11-20T07:44:27","date_gmt":"2025-11-20T06:44:27","guid":{"rendered":"https:\/\/blogs.diariosur.es\/tormentas-y-rayos\/?p=47672"},"modified":"2025-11-20T07:44:27","modified_gmt":"2025-11-20T06:44:27","slug":"llega-la-masa-artica-y-malaga-registro-ayer-la-temperatura-maxima-mas-alta-de-la-peninsula-y-las-baleares","status":"publish","type":"post","link":"https:\/\/blogs.diariosur.es\/tormentas-y-rayos\/2025\/11\/20\/llega-la-masa-artica-y-malaga-registro-ayer-la-temperatura-maxima-mas-alta-de-la-peninsula-y-las-baleares\/","title":{"rendered":"Llega la masa \u00e1rtica y M\u00e1laga registr\u00f3 ayer la temperatura m\u00e1xima m\u00e1s alta de la pen\u00ednsula y las Baleares"},"content":{"rendered":"<p><a href=\"https:\/\/static-blogs.diariosur.es\/wp-content\/uploads\/sites\/12\/2025\/10\/444912498_10228884468795449_97962860407814916_n-e1763121197919.jpg\"><img loading=\"lazy\" class=\"aligncenter size-thumbnail wp-image-46969\" src=\"https:\/\/static-blogs.diariosur.es\/wp-content\/uploads\/sites\/12\/2025\/10\/444912498_10228884468795449_97962860407814916_n-150x150.jpg\" alt=\"\" width=\"150\" height=\"150\" \/><\/a><\/p>\n<p>Buenos d\u00edas, amigos de la meteo. Cuando son las siete de la ma\u00f1ana en M\u00e1laga capital, la estaci\u00f3n de la Aemet del Aeropuerto registra 10,8 \u00b0C, los cielos est\u00e1n despejados y el viento sopla flojo de terral de oto\u00f1o en mi zona.<\/p>\n<h3><span style=\"color: #ff0000;\"><strong> Llega la masa \u00e1rtica y M\u00e1laga registr\u00f3 ayer la temperatura m\u00e1xima m\u00e1s alta de la pen\u00ednsula y las Baleares<\/strong><\/span><\/h3>\n<p data-pm-slice=\"1 1 []\">Pues s\u00ed, amigos, la estaci\u00f3n de la Aemet del Puerto registr\u00f3 ayer mi\u00e9rcoles la temperatura m\u00e1xima m\u00e1s alta de la pen\u00ednsula y Baleares con 22,6 \u00b0C; solo fue superada por las islas Canarias; en algunos puntos llegaron a los 26 \u00b0C. Manilva, aunque dio una d\u00e9cima m\u00e1s que M\u00e1laga capital, no la tom\u00f3 en cuenta porque registra m\u00e1s grados de los que son. Destacar tambi\u00e9n V\u00e9lez M\u00e1laga con 22,3 \u00baC.<\/p>\n<p data-pm-slice=\"1 1 []\">Hoy jueves seguiremos con terral de oto\u00f1o en las zonas habituales de la provincia malague\u00f1a; las temperaturas m\u00e1ximas rondar\u00e1n entre los 18 \u00baC y 21 \u00baC; en las dem\u00e1s zonas de la provincia, entre los 15 \u00baC y 17 \u00baC, salvo en zonas altas de monta\u00f1a que ser\u00e1n m\u00e1s bajas.<\/p>\n<p data-pm-slice=\"1 1 []\">Os dejo hasta ma\u00f1ana.<\/p>\n<p data-pm-slice=\"1 1 []\">\n<p>&nbsp;<\/p>\n","protected":false},"excerpt":{"rendered":"<p>Buenos d\u00edas, amigos de la meteo. Cuando son las siete de la ma\u00f1ana en M\u00e1laga capital, la estaci\u00f3n de la Aemet del Aeropuerto registra 10,8 \u00b0C, los cielos est\u00e1n despejados y el viento sopla flojo de terral de oto\u00f1o en mi zona. Llega la masa \u00e1rtica y M\u00e1laga registr\u00f3 ayer la temperatura m\u00e1xima m\u00e1s alta [&hellip;]<\/p>\n","protected":false},"author":16,"featured_media":47678,"comment_status":"open","ping_status":"open","sticky":false,"template":"","format":"standard","meta":[],"categories":[2],"tags":[54,1264,432,616,690],"_links":{"self":[{"href":"https:\/\/blogs.diariosur.es\/tormentas-y-rayos\/wp-json\/wp\/v2\/posts\/47672"}],"collection":[{"href":"https:\/\/blogs.diariosur.es\/tormentas-y-rayos\/wp-json\/wp\/v2\/posts"}],"about":[{"href":"https:\/\/blogs.diariosur.es\/tormentas-y-rayos\/wp-json\/wp\/v2\/types\/post"}],"author":[{"embeddable":true,"href":"https:\/\/blogs.diariosur.es\/tormentas-y-rayos\/wp-json\/wp\/v2\/users\/16"}],"replies":[{"embeddable":true,"href":"https:\/\/blogs.diariosur.es\/tormentas-y-rayos\/wp-json\/wp\/v2\/comments?post=47672"}],"version-history":[{"count":6,"href":"https:\/\/blogs.diariosur.es\/tormentas-y-rayos\/wp-json\/wp\/v2\/posts\/47672\/revisions"}],"predecessor-version":[{"id":47679,"href":"https:\/\/blogs.diariosur.es\/tormentas-y-rayos\/wp-json\/wp\/v2\/posts\/47672\/revisions\/47679"}],"wp:featuredmedia":[{"embeddable":true,"href":"https:\/\/blogs.diariosur.es\/tormentas-y-rayos\/wp-json\/wp\/v2\/media\/47678"}],"wp:attachment":[{"href":"https:\/\/blogs.diariosur.es\/tormentas-y-rayos\/wp-json\/wp\/v2\/media?parent=47672"}],"wp:term":[{"taxonomy":"category","embeddable":true,"href":"https:\/\/blogs.diariosur.es\/tormentas-y-rayos\/wp-json\/wp\/v2\/categories?post=47672"},{"taxonomy":"post_tag","embeddable":true,"href":"https:\/\/blogs.diariosur.es\/tormentas-y-rayos\/wp-json\/wp\/v2\/tags?post=47672"}],"curies":[{"name":"wp","href":"https:\/\/api.w.org\/{rel}","templated":true}]}}