{"id":47681,"date":"2025-11-21T07:43:20","date_gmt":"2025-11-21T06:43:20","guid":{"rendered":"https:\/\/blogs.diariosur.es\/tormentas-y-rayos\/?p=47681"},"modified":"2025-11-21T07:43:20","modified_gmt":"2025-11-21T06:43:20","slug":"ultima-hora-de-la-masa-artica-velez-malaga-y-marbella-registran-la-temperatura-maxima-mas-alta-de-la-peninsula","status":"publish","type":"post","link":"https:\/\/blogs.diariosur.es\/tormentas-y-rayos\/2025\/11\/21\/ultima-hora-de-la-masa-artica-velez-malaga-y-marbella-registran-la-temperatura-maxima-mas-alta-de-la-peninsula\/","title":{"rendered":"\u00daltima hora de la masa \u00e1rtica. V\u00e9lez M\u00e1laga y Marbella registran la temperatura m\u00e1xima m\u00e1s alta de la pen\u00ednsula"},"content":{"rendered":"<p><a href=\"https:\/\/static-blogs.diariosur.es\/wp-content\/uploads\/sites\/12\/2025\/10\/444912498_10228884468795449_97962860407814916_n-e1763121197919.jpg\"><img loading=\"lazy\" class=\"aligncenter size-thumbnail wp-image-46969\" src=\"https:\/\/static-blogs.diariosur.es\/wp-content\/uploads\/sites\/12\/2025\/10\/444912498_10228884468795449_97962860407814916_n-150x150.jpg\" alt=\"\" width=\"150\" height=\"150\" \/><\/a><\/p>\n<p>Buenos d\u00edas, amigos de la meteo. Cuando son las siete de la ma\u00f1ana en M\u00e1laga capital, el aeropuerto registra 9,2 \u00b0C, los cielos est\u00e1n poco nubosos y el viento en mi zona sopla de terral de oto\u00f1o.<\/p>\n<p data-pm-slice=\"1 1 []\">Ayer jueves, V\u00e9lez M\u00e1laga y Marbella Puerto registraron las temperaturas m\u00e1ximas m\u00e1s altas de la pen\u00ednsula y las Baleares con 21,8 \u00baC; en M\u00e1laga capital rondaron entre los 18,4 \u00baC y 19,2 \u00baC. Por el interior, Ronda registr\u00f3 12,4 \u00b0C y Antequera 13,6 \u00baC.<\/p>\n<p data-pm-slice=\"1 1 []\">Ma\u00f1ana o el domingo os dar\u00e9 un avance de las probables precipitaciones que se esperan a \u00faltima hora del lunes y durante el martes; lo mismo <strong>no<\/strong> se mojan todos los portales.<\/p>\n<h3 data-pm-slice=\"1 1 []\"><span style=\"color: #0000ff;\"><strong>\u00daltima hora de la masa \u00e1rtica<\/strong><\/span><\/h3>\n<p data-pm-slice=\"1 1 []\">A \u00faltima hora de esta noche o primeras de la madrugada del s\u00e1bado, el viento rolar\u00e1 a levante. Vendr\u00e1 acompa\u00f1ado de nubes que pueden dejar algunas gotas en la costa de Granada e interior m\u00e1s oriental de la Axarqu\u00eda malague\u00f1a; en Sierra Tejeda pueden caer algunos copos.<\/p>\n<p data-pm-slice=\"1 1 []\">La Aemet prev\u00e9 estas temperaturas m\u00e1ximas y m\u00ednimas para el s\u00e1bado<\/p>\n<p data-pm-slice=\"1 1 []\">\n<p data-pm-slice=\"1 1 []\"><a href=\"https:\/\/static-blogs.diariosur.es\/wp-content\/uploads\/sites\/12\/2025\/11\/sabado.jpg\"><img loading=\"lazy\" class=\"aligncenter size-full wp-image-47687\" src=\"https:\/\/static-blogs.diariosur.es\/wp-content\/uploads\/sites\/12\/2025\/11\/sabado.jpg\" alt=\"\" width=\"1056\" height=\"828\" srcset=\"https:\/\/static-blogs.diariosur.es\/wp-content\/uploads\/sites\/12\/2025\/11\/sabado.jpg 1056w, https:\/\/static-blogs.diariosur.es\/wp-content\/uploads\/sites\/12\/2025\/11\/sabado-510x400.jpg 510w, https:\/\/static-blogs.diariosur.es\/wp-content\/uploads\/sites\/12\/2025\/11\/sabado-520x408.jpg 520w, https:\/\/static-blogs.diariosur.es\/wp-content\/uploads\/sites\/12\/2025\/11\/sabado-768x602.jpg 768w\" sizes=\"(max-width: 1056px) 100vw, 1056px\" \/><\/a><\/p>\n<p>&nbsp;<\/p>\n<p data-pm-slice=\"1 1 []\">El domingo la probabilidad de precipitaciones es muy baja; el viento soplar\u00e1 flojo en la mayor parte de la provincia. Ser\u00e1 un bonito d\u00eda para pasear por los paseos mar\u00edtimos malague\u00f1os para cargar las pilas. Los que quieran ir al interior, el Valle del Genal esta precioso.<\/p>\n<p data-pm-slice=\"1 1 []\">La Aemet prev\u00e9 estas temperaturas m\u00e1ximas y m\u00ednimas para el domingo.<\/p>\n<p data-pm-slice=\"1 1 []\">\n<p data-pm-slice=\"1 1 []\"><a href=\"https:\/\/static-blogs.diariosur.es\/wp-content\/uploads\/sites\/12\/2025\/11\/domingo.jpg\"><img loading=\"lazy\" class=\"aligncenter size-full wp-image-47688\" src=\"https:\/\/static-blogs.diariosur.es\/wp-content\/uploads\/sites\/12\/2025\/11\/domingo.jpg\" alt=\"\" width=\"1044\" height=\"818\" srcset=\"https:\/\/static-blogs.diariosur.es\/wp-content\/uploads\/sites\/12\/2025\/11\/domingo.jpg 1044w, https:\/\/static-blogs.diariosur.es\/wp-content\/uploads\/sites\/12\/2025\/11\/domingo-511x400.jpg 511w, https:\/\/static-blogs.diariosur.es\/wp-content\/uploads\/sites\/12\/2025\/11\/domingo-521x408.jpg 521w, https:\/\/static-blogs.diariosur.es\/wp-content\/uploads\/sites\/12\/2025\/11\/domingo-768x602.jpg 768w\" sizes=\"(max-width: 1044px) 100vw, 1044px\" \/><\/a><\/p>\n","protected":false},"excerpt":{"rendered":"<p>Buenos d\u00edas, amigos de la meteo. Cuando son las siete de la ma\u00f1ana en M\u00e1laga capital, el aeropuerto registra 9,2 \u00b0C, los cielos est\u00e1n poco nubosos y el viento en mi zona sopla de terral de oto\u00f1o. Ayer jueves, V\u00e9lez M\u00e1laga y Marbella Puerto registraron las temperaturas m\u00e1ximas m\u00e1s altas de la pen\u00ednsula y las [&hellip;]<\/p>\n","protected":false},"author":16,"featured_media":47689,"comment_status":"open","ping_status":"open","sticky":false,"template":"","format":"standard","meta":[],"categories":[2],"tags":[1264,587,616],"_links":{"self":[{"href":"https:\/\/blogs.diariosur.es\/tormentas-y-rayos\/wp-json\/wp\/v2\/posts\/47681"}],"collection":[{"href":"https:\/\/blogs.diariosur.es\/tormentas-y-rayos\/wp-json\/wp\/v2\/posts"}],"about":[{"href":"https:\/\/blogs.diariosur.es\/tormentas-y-rayos\/wp-json\/wp\/v2\/types\/post"}],"author":[{"embeddable":true,"href":"https:\/\/blogs.diariosur.es\/tormentas-y-rayos\/wp-json\/wp\/v2\/users\/16"}],"replies":[{"embeddable":true,"href":"https:\/\/blogs.diariosur.es\/tormentas-y-rayos\/wp-json\/wp\/v2\/comments?post=47681"}],"version-history":[{"count":6,"href":"https:\/\/blogs.diariosur.es\/tormentas-y-rayos\/wp-json\/wp\/v2\/posts\/47681\/revisions"}],"predecessor-version":[{"id":47690,"href":"https:\/\/blogs.diariosur.es\/tormentas-y-rayos\/wp-json\/wp\/v2\/posts\/47681\/revisions\/47690"}],"wp:featuredmedia":[{"embeddable":true,"href":"https:\/\/blogs.diariosur.es\/tormentas-y-rayos\/wp-json\/wp\/v2\/media\/47689"}],"wp:attachment":[{"href":"https:\/\/blogs.diariosur.es\/tormentas-y-rayos\/wp-json\/wp\/v2\/media?parent=47681"}],"wp:term":[{"taxonomy":"category","embeddable":true,"href":"https:\/\/blogs.diariosur.es\/tormentas-y-rayos\/wp-json\/wp\/v2\/categories?post=47681"},{"taxonomy":"post_tag","embeddable":true,"href":"https:\/\/blogs.diariosur.es\/tormentas-y-rayos\/wp-json\/wp\/v2\/tags?post=47681"}],"curies":[{"name":"wp","href":"https:\/\/api.w.org\/{rel}","templated":true}]}}