{"id":47691,"date":"2025-11-22T10:14:46","date_gmt":"2025-11-22T09:14:46","guid":{"rendered":"https:\/\/blogs.diariosur.es\/tormentas-y-rayos\/?p=47691"},"modified":"2025-11-22T10:14:46","modified_gmt":"2025-11-22T09:14:46","slug":"hay-probabilidad-de-precipitaciones-el-lunes-y-martes-en-la-provincia-de-malaga-la-masa-artica-no-llega-a-la-provincia","status":"publish","type":"post","link":"https:\/\/blogs.diariosur.es\/tormentas-y-rayos\/2025\/11\/22\/hay-probabilidad-de-precipitaciones-el-lunes-y-martes-en-la-provincia-de-malaga-la-masa-artica-no-llega-a-la-provincia\/","title":{"rendered":"\u00bfHay probabilidad de precipitaciones el lunes y martes en la provincia de M\u00e1laga? La masa \u00e1rtica no llega a la provincia."},"content":{"rendered":"<p data-pm-slice=\"1 1 []\"><a href=\"https:\/\/static-blogs.diariosur.es\/wp-content\/uploads\/sites\/12\/2025\/10\/444912498_10228884468795449_97962860407814916_n-e1763121197919.jpg\"><img loading=\"lazy\" class=\"aligncenter size-thumbnail wp-image-46969\" src=\"https:\/\/static-blogs.diariosur.es\/wp-content\/uploads\/sites\/12\/2025\/10\/444912498_10228884468795449_97962860407814916_n-150x150.jpg\" alt=\"\" width=\"150\" height=\"150\" \/><\/a><\/p>\n<p data-pm-slice=\"1 1 []\">Buenos d\u00edas, amigos de la meteo. Como comento en el t\u00edtulo del post, la masa \u00e1rtica no ha llegado a la provincia malague\u00f1a; las temperaturas m\u00e1ximas han estado dentro de la media, incluso m\u00e1s altas en zonas de la costa. Ayer el Rinc\u00f3n de la Victoria registr\u00f3 22,2 \u00baC, m\u00e1xima de la pen\u00ednsula; destacar tambi\u00e9n V\u00e9lez M\u00e1laga con 21,5 \u00baC, M\u00e1laga Puerto 21,2 \u00baC, Torremolinos 20,2 \u00baC, Estepona 19,1 \u00baC, \u00c1lora 18,1 \u00baC y Marbella 19,1 \u00baC.<\/p>\n<p data-pm-slice=\"1 1 []\">Comentaros tambi\u00e9n que la temperatura media, media de las m\u00e1ximas y media de las m\u00ednimas en el Aeropuerto de M\u00e1laga a d\u00eda de hoy, sobrepasan en m\u00e1s de 1 \u00baC la media normal.<\/p>\n<h3 data-pm-slice=\"1 1 []\"><span style=\"color: #0000ff;\"><strong>\u00bfHay probabilidad de precipitaciones el lunes y martes en la provincia de M\u00e1laga?<\/strong> <\/span><\/h3>\n<p data-pm-slice=\"1 1 []\">Primeramente, os pongo el mapa de superficie previsto para las 00:00 horas del martes, donde pod\u00e9is ver la entrada de un frente c\u00e1lido y luego uno fr\u00edo. Fuente Met Office<\/p>\n<p>&nbsp;<\/p>\n<p><a href=\"https:\/\/static-blogs.diariosur.es\/wp-content\/uploads\/sites\/12\/2025\/11\/Captura-de-pantalla-2025-11-22-094920.jpg\"><img loading=\"lazy\" class=\"aligncenter size-full wp-image-47693\" src=\"https:\/\/static-blogs.diariosur.es\/wp-content\/uploads\/sites\/12\/2025\/11\/Captura-de-pantalla-2025-11-22-094920.jpg\" alt=\"\" width=\"1188\" height=\"814\" srcset=\"https:\/\/static-blogs.diariosur.es\/wp-content\/uploads\/sites\/12\/2025\/11\/Captura-de-pantalla-2025-11-22-094920.jpg 1188w, https:\/\/static-blogs.diariosur.es\/wp-content\/uploads\/sites\/12\/2025\/11\/Captura-de-pantalla-2025-11-22-094920-584x400.jpg 584w, https:\/\/static-blogs.diariosur.es\/wp-content\/uploads\/sites\/12\/2025\/11\/Captura-de-pantalla-2025-11-22-094920-595x408.jpg 595w, https:\/\/static-blogs.diariosur.es\/wp-content\/uploads\/sites\/12\/2025\/11\/Captura-de-pantalla-2025-11-22-094920-768x526.jpg 768w\" sizes=\"(max-width: 1188px) 100vw, 1188px\" \/><\/a><\/p>\n<p data-pm-slice=\"1 1 []\">\n<p data-pm-slice=\"1 1 []\">La probabilidad de precipitaciones es alta en la provincia malague\u00f1a; llegar\u00edan a la zona m\u00e1s occidental a \u00faltima hora de la noche del lunes o primeras de la madrugada del martes. La pregunta del mill\u00f3n ser\u00e1, como siempre, \u00bfse mojar\u00e1n todos los portales? Respondiendo a la pregunta, a\u00fan no est\u00e1 claro; hay algunos modelos que dicen que s\u00ed y hay otros que no. Ma\u00f1ana con los modelos actualizados en mesoescala nos sacar\u00e1n de la duda.<\/p>\n<p data-pm-slice=\"1 1 []\"><strong><span style=\"color: #0000ff;\">Hay probabilidad de que en zonas altas de monta\u00f1a, a partir de 1800 metros, pueda nevar, seg\u00fan la hora de la entrada del frente.\u00a0<\/span><\/strong><\/p>\n<p data-pm-slice=\"1 1 []\">Destacar tambi\u00e9n que el lunes se esperan rachas fuertes de terral de oto\u00f1o y poniente en la costa malague\u00f1a y zonas altas de monta\u00f1a. Hay probabilidad de que activen un aviso amarillo por fen\u00f3menos costeros.<\/p>\n<p data-pm-slice=\"1 1 []\">Como os comentaba ayer, ma\u00f1ana domingo el d\u00eda invitar\u00e1 a pasear y cargar las pilas.<\/p>\n<p data-pm-slice=\"1 1 []\">Nos vemos ma\u00f1ana; os dejo con esta bonita foto de mi amigo Crist\u00f3bal Gambero. Ojal\u00e1 todas las gotas de lluvia lleguen a la provincia malague\u00f1a.<\/p>\n<p data-pm-slice=\"1 1 []\">\n<p data-pm-slice=\"1 1 []\"><a href=\"https:\/\/static-blogs.diariosur.es\/wp-content\/uploads\/sites\/12\/2025\/11\/582702320_25005081155780876_3193856554159506813_n.jpg\"><img loading=\"lazy\" class=\"aligncenter size-full wp-image-47694\" src=\"https:\/\/static-blogs.diariosur.es\/wp-content\/uploads\/sites\/12\/2025\/11\/582702320_25005081155780876_3193856554159506813_n.jpg\" alt=\"\" width=\"1035\" height=\"788\" srcset=\"https:\/\/static-blogs.diariosur.es\/wp-content\/uploads\/sites\/12\/2025\/11\/582702320_25005081155780876_3193856554159506813_n.jpg 1035w, https:\/\/static-blogs.diariosur.es\/wp-content\/uploads\/sites\/12\/2025\/11\/582702320_25005081155780876_3193856554159506813_n-525x400.jpg 525w, https:\/\/static-blogs.diariosur.es\/wp-content\/uploads\/sites\/12\/2025\/11\/582702320_25005081155780876_3193856554159506813_n-536x408.jpg 536w, https:\/\/static-blogs.diariosur.es\/wp-content\/uploads\/sites\/12\/2025\/11\/582702320_25005081155780876_3193856554159506813_n-768x585.jpg 768w\" sizes=\"(max-width: 1035px) 100vw, 1035px\" \/><\/a><\/p>\n<p>&nbsp;<\/p>\n<p>&nbsp;<\/p>\n","protected":false},"excerpt":{"rendered":"<p>Buenos d\u00edas, amigos de la meteo. Como comento en el t\u00edtulo del post, la masa \u00e1rtica no ha llegado a la provincia malague\u00f1a; las temperaturas m\u00e1ximas han estado dentro de la media, incluso m\u00e1s altas en zonas de la costa. Ayer el Rinc\u00f3n de la Victoria registr\u00f3 22,2 \u00baC, m\u00e1xima de la pen\u00ednsula; destacar tambi\u00e9n [&hellip;]<\/p>\n","protected":false},"author":16,"featured_media":47694,"comment_status":"open","ping_status":"open","sticky":false,"template":"","format":"standard","meta":[],"categories":[2],"tags":[358,569,587,799],"_links":{"self":[{"href":"https:\/\/blogs.diariosur.es\/tormentas-y-rayos\/wp-json\/wp\/v2\/posts\/47691"}],"collection":[{"href":"https:\/\/blogs.diariosur.es\/tormentas-y-rayos\/wp-json\/wp\/v2\/posts"}],"about":[{"href":"https:\/\/blogs.diariosur.es\/tormentas-y-rayos\/wp-json\/wp\/v2\/types\/post"}],"author":[{"embeddable":true,"href":"https:\/\/blogs.diariosur.es\/tormentas-y-rayos\/wp-json\/wp\/v2\/users\/16"}],"replies":[{"embeddable":true,"href":"https:\/\/blogs.diariosur.es\/tormentas-y-rayos\/wp-json\/wp\/v2\/comments?post=47691"}],"version-history":[{"count":1,"href":"https:\/\/blogs.diariosur.es\/tormentas-y-rayos\/wp-json\/wp\/v2\/posts\/47691\/revisions"}],"predecessor-version":[{"id":47695,"href":"https:\/\/blogs.diariosur.es\/tormentas-y-rayos\/wp-json\/wp\/v2\/posts\/47691\/revisions\/47695"}],"wp:featuredmedia":[{"embeddable":true,"href":"https:\/\/blogs.diariosur.es\/tormentas-y-rayos\/wp-json\/wp\/v2\/media\/47694"}],"wp:attachment":[{"href":"https:\/\/blogs.diariosur.es\/tormentas-y-rayos\/wp-json\/wp\/v2\/media?parent=47691"}],"wp:term":[{"taxonomy":"category","embeddable":true,"href":"https:\/\/blogs.diariosur.es\/tormentas-y-rayos\/wp-json\/wp\/v2\/categories?post=47691"},{"taxonomy":"post_tag","embeddable":true,"href":"https:\/\/blogs.diariosur.es\/tormentas-y-rayos\/wp-json\/wp\/v2\/tags?post=47691"}],"curies":[{"name":"wp","href":"https:\/\/api.w.org\/{rel}","templated":true}]}}