{"id":47696,"date":"2025-11-23T20:15:03","date_gmt":"2025-11-23T19:15:03","guid":{"rendered":"https:\/\/blogs.diariosur.es\/tormentas-y-rayos\/?p=47696"},"modified":"2025-11-23T20:23:06","modified_gmt":"2025-11-23T19:23:06","slug":"precaucion-en-el-mar-de-alboran-la-semana-comienza-con-rachas-fuertes-de-viento-y-probabilidad-de-precipitaciones-en-la-provincia-malaguena","status":"publish","type":"post","link":"https:\/\/blogs.diariosur.es\/tormentas-y-rayos\/2025\/11\/23\/precaucion-en-el-mar-de-alboran-la-semana-comienza-con-rachas-fuertes-de-viento-y-probabilidad-de-precipitaciones-en-la-provincia-malaguena\/","title":{"rendered":"Precauci\u00f3n en el mar de Albor\u00e1n. La semana comienza con rachas fuertes de viento y probabilidad de precipitaciones en la provincia malague\u00f1a"},"content":{"rendered":"<p data-pm-slice=\"1 1 []\"><a href=\"https:\/\/static-blogs.diariosur.es\/wp-content\/uploads\/sites\/12\/2025\/10\/444912498_10228884468795449_97962860407814916_n-e1763121197919.jpg\"><img loading=\"lazy\" class=\"aligncenter size-thumbnail wp-image-46969\" src=\"https:\/\/static-blogs.diariosur.es\/wp-content\/uploads\/sites\/12\/2025\/10\/444912498_10228884468795449_97962860407814916_n-150x150.jpg\" alt=\"\" width=\"150\" height=\"150\" \/><\/a><\/p>\n<p data-pm-slice=\"1 1 []\">Hola, amigos de la meteo. Tanto el lunes como el martes tomar\u00e1n protagonismo las rachas fuertes de viento de terral de oto\u00f1o y poniente en la costa malague\u00f1a. La Aemet ha activado el aviso amarillo por viento para el lunes y el martes en las provincias de Granada, Ja\u00e9n y Almer\u00eda por rachas de 70 km\/h, y el de fen\u00f3menos costeros en las costas de Granada y Almer\u00eda. Si sal\u00eds a faenar o navegar por el mar de Albor\u00e1n, mucha precauci\u00f3n.<\/p>\n<p>En cuanto a las precipitaciones previstas para ma\u00f1ana a \u00faltima hora y madrugada del martes en la provincia malague\u00f1a, ser\u00e1n m\u00e1s probables por el interior, aunque no descarto alguna en la capital y otras zonas de costa. Hay probabilidad de nevadas a partir de 1800 metros.<\/p>\n","protected":false},"excerpt":{"rendered":"<p>Hola, amigos de la meteo. Tanto el lunes como el martes tomar\u00e1n protagonismo las rachas fuertes de viento de terral de oto\u00f1o y poniente en la costa malague\u00f1a. La Aemet ha activado el aviso amarillo por viento para el lunes y el martes en las provincias de Granada, Ja\u00e9n y Almer\u00eda por rachas de 70 [&hellip;]<\/p>\n","protected":false},"author":16,"featured_media":44153,"comment_status":"open","ping_status":"open","sticky":false,"template":"","format":"standard","meta":[],"categories":[2],"tags":[93,151,288,358,406,587,1059],"_links":{"self":[{"href":"https:\/\/blogs.diariosur.es\/tormentas-y-rayos\/wp-json\/wp\/v2\/posts\/47696"}],"collection":[{"href":"https:\/\/blogs.diariosur.es\/tormentas-y-rayos\/wp-json\/wp\/v2\/posts"}],"about":[{"href":"https:\/\/blogs.diariosur.es\/tormentas-y-rayos\/wp-json\/wp\/v2\/types\/post"}],"author":[{"embeddable":true,"href":"https:\/\/blogs.diariosur.es\/tormentas-y-rayos\/wp-json\/wp\/v2\/users\/16"}],"replies":[{"embeddable":true,"href":"https:\/\/blogs.diariosur.es\/tormentas-y-rayos\/wp-json\/wp\/v2\/comments?post=47696"}],"version-history":[{"count":2,"href":"https:\/\/blogs.diariosur.es\/tormentas-y-rayos\/wp-json\/wp\/v2\/posts\/47696\/revisions"}],"predecessor-version":[{"id":47698,"href":"https:\/\/blogs.diariosur.es\/tormentas-y-rayos\/wp-json\/wp\/v2\/posts\/47696\/revisions\/47698"}],"wp:featuredmedia":[{"embeddable":true,"href":"https:\/\/blogs.diariosur.es\/tormentas-y-rayos\/wp-json\/wp\/v2\/media\/44153"}],"wp:attachment":[{"href":"https:\/\/blogs.diariosur.es\/tormentas-y-rayos\/wp-json\/wp\/v2\/media?parent=47696"}],"wp:term":[{"taxonomy":"category","embeddable":true,"href":"https:\/\/blogs.diariosur.es\/tormentas-y-rayos\/wp-json\/wp\/v2\/categories?post=47696"},{"taxonomy":"post_tag","embeddable":true,"href":"https:\/\/blogs.diariosur.es\/tormentas-y-rayos\/wp-json\/wp\/v2\/tags?post=47696"}],"curies":[{"name":"wp","href":"https:\/\/api.w.org\/{rel}","templated":true}]}}