{"id":47736,"date":"2025-11-25T07:38:22","date_gmt":"2025-11-25T06:38:22","guid":{"rendered":"https:\/\/blogs.diariosur.es\/tormentas-y-rayos\/?p=47736"},"modified":"2025-11-25T08:55:34","modified_gmt":"2025-11-25T07:55:34","slug":"acumulados-de-precipitacion-hoy-martes-y-temperaturas-maximas-de-ayer-en-la-provincia-malaguena","status":"publish","type":"post","link":"https:\/\/blogs.diariosur.es\/tormentas-y-rayos\/2025\/11\/25\/acumulados-de-precipitacion-hoy-martes-y-temperaturas-maximas-de-ayer-en-la-provincia-malaguena\/","title":{"rendered":"Acumulados de precipitaci\u00f3n hoy martes y lunes. Temperaturas m\u00e1ximas de ayer en la provincia malague\u00f1a"},"content":{"rendered":"<p><a href=\"https:\/\/static-blogs.diariosur.es\/wp-content\/uploads\/sites\/12\/2025\/10\/444912498_10228884468795449_97962860407814916_n-e1763121197919.jpg\"><img loading=\"lazy\" class=\"aligncenter size-thumbnail wp-image-46969\" src=\"https:\/\/static-blogs.diariosur.es\/wp-content\/uploads\/sites\/12\/2025\/10\/444912498_10228884468795449_97962860407814916_n-150x150.jpg\" alt=\"\" width=\"150\" height=\"150\" \/><\/a><\/p>\n<p data-pm-slice=\"1 1 []\">Buenos d\u00edas, amigos de la meteo. Cuando son las siete menos cuarto de la ma\u00f1ana en M\u00e1laga capital, mi estaci\u00f3n registra 16 \u00b0C, los cielos est\u00e1n poco nubosos y el viento de momento sopla flojo de terral de oto\u00f1o y poniente. En cuanto pase el frente, volver\u00e1n las rachas fuertes en toda la costa malague\u00f1a.<\/p>\n<p>Al final se han mojado m\u00e1s portales de lo que esperaba, incluso el m\u00edo en Avda. Ortega y Gasset con 0,6 mm.<\/p>\n<h3><span style=\"color: #0000ff;\"><strong>Os pongo acumulados que se han dado esta pasada madrugada, ayer por la noche y primeras horas de esta ma\u00f1ana en nuestra provincia. <\/strong><\/span><\/h3>\n<p>Fuentes: Aemet, Meteoclimatic, Wunderground y Red Hidrosur.<\/p>\n<p>Estepona 7 mm<\/p>\n<p>M\u00e1laga Centro Meteorol\u00f3gico 0,8 mm<\/p>\n<p>Rinc\u00f3n de la Victoria 1 mm<\/p>\n<p>Gauc\u00edn 7,9 mm<\/p>\n<p>Alpande\u00edre 7,2 mm<\/p>\n<p>Cortes de la Frontera 9,2 mm<\/p>\n<p>Ronda 4,5 mm<\/p>\n<p>Alameda 5,3 mm<\/p>\n<p>Antequera 1,6 mm<\/p>\n<p>Algatoc\u00edn 15 mm<\/p>\n<p>Archidona Huertas del R\u00edo 9 mm<\/p>\n<p>El Colmenar las Buitreras 8 mm<\/p>\n<p>Villanueva del Rosario 12,2 mm<\/p>\n<p>Villanueva del Trabuco 10 mm<\/p>\n<p>Villanueva de la Concepci\u00f3n 4,8 mm<\/p>\n<p>Vllanueva de Tapia 12 mm<\/p>\n<p>Campillos 3,3 mm<\/p>\n<p>Teba 5,1 mm<\/p>\n<p>Almargen 6,6 mm<\/p>\n<p>Arriate 4,2 mm<\/p>\n<p>Benaoj\u00e1n 7,3 mm<\/p>\n<p>El Burgo 4,6 mm<\/p>\n<p>Campillos\u00a03,3 mm<\/p>\n<p>Fuente de Piedra 5,6 mm<\/p>\n<p>Cuevas de San Marcos 8,4 mm<\/p>\n<p>Los Reales 4,8 mm<\/p>\n<p>Majada de las Lomas 10 mm<\/p>\n<p>R\u00edo Genal Jubrique 8,1 mm<\/p>\n<p>Pujerra 4,6 mm<\/p>\n<p>Cuevas del Becerro 6,2 mm<\/p>\n<p>El Torcal 4,5 mm<\/p>\n<p>Ca\u00f1ete La Real 11,6 mm<\/p>\n<p>Embalse Guadalteba 2,8 mm<\/p>\n<p>El Colmenar 3,1 mm<\/p>\n<p>Arfanatejo 9,2 mm<\/p>\n<p>Periana 9,1 mm<\/p>\n<h3><span style=\"color: #ff0000;\"><strong>Temperaturas m\u00e1ximas m\u00e1s destacadas de ayer lunes en la provincia malague\u00f1a<\/strong><\/span><\/h3>\n<p>M\u00e1laga aeropuerto 20 \u00b0C<\/p>\n<p>Rinc\u00f3n de la Victoria 21,1 \u00b0C<\/p>\n<p>Nerja 21,3 \u00b0C<\/p>\n<p>Marbella Puerto 22\u00b0C<\/p>\n<p>Torremolinos 20,4 \u00b0C<\/p>\n<p>V\u00e9lez-M\u00e1laga 20,2 \u00b0C<\/p>\n<p>Benahav\u00eds 19,8 \u00b0C<\/p>\n<p>Estepona 19,8 \u00b0C<\/p>\n<p>Torrox 19,2 \u00b0C<\/p>\n<p>Algarrobo 19,8 \u00b0C<\/p>\n<p>&nbsp;<\/p>\n<p>&nbsp;<\/p>\n","protected":false},"excerpt":{"rendered":"<p>Buenos d\u00edas, amigos de la meteo. Cuando son las siete menos cuarto de la ma\u00f1ana en M\u00e1laga capital, mi estaci\u00f3n registra 16 \u00b0C, los cielos est\u00e1n poco nubosos y el viento de momento sopla flojo de terral de oto\u00f1o y poniente. En cuanto pase el frente, volver\u00e1n las rachas fuertes en toda la costa malague\u00f1a. [&hellip;]<\/p>\n","protected":false},"author":16,"featured_media":47741,"comment_status":"open","ping_status":"open","sticky":false,"template":"","format":"standard","meta":[],"categories":[2],"tags":[],"_links":{"self":[{"href":"https:\/\/blogs.diariosur.es\/tormentas-y-rayos\/wp-json\/wp\/v2\/posts\/47736"}],"collection":[{"href":"https:\/\/blogs.diariosur.es\/tormentas-y-rayos\/wp-json\/wp\/v2\/posts"}],"about":[{"href":"https:\/\/blogs.diariosur.es\/tormentas-y-rayos\/wp-json\/wp\/v2\/types\/post"}],"author":[{"embeddable":true,"href":"https:\/\/blogs.diariosur.es\/tormentas-y-rayos\/wp-json\/wp\/v2\/users\/16"}],"replies":[{"embeddable":true,"href":"https:\/\/blogs.diariosur.es\/tormentas-y-rayos\/wp-json\/wp\/v2\/comments?post=47736"}],"version-history":[{"count":10,"href":"https:\/\/blogs.diariosur.es\/tormentas-y-rayos\/wp-json\/wp\/v2\/posts\/47736\/revisions"}],"predecessor-version":[{"id":47748,"href":"https:\/\/blogs.diariosur.es\/tormentas-y-rayos\/wp-json\/wp\/v2\/posts\/47736\/revisions\/47748"}],"wp:featuredmedia":[{"embeddable":true,"href":"https:\/\/blogs.diariosur.es\/tormentas-y-rayos\/wp-json\/wp\/v2\/media\/47741"}],"wp:attachment":[{"href":"https:\/\/blogs.diariosur.es\/tormentas-y-rayos\/wp-json\/wp\/v2\/media?parent=47736"}],"wp:term":[{"taxonomy":"category","embeddable":true,"href":"https:\/\/blogs.diariosur.es\/tormentas-y-rayos\/wp-json\/wp\/v2\/categories?post=47736"},{"taxonomy":"post_tag","embeddable":true,"href":"https:\/\/blogs.diariosur.es\/tormentas-y-rayos\/wp-json\/wp\/v2\/tags?post=47736"}],"curies":[{"name":"wp","href":"https:\/\/api.w.org\/{rel}","templated":true}]}}