{"id":4783,"date":"2013-01-28T07:17:47","date_gmt":"2013-01-28T06:17:47","guid":{"rendered":"http:\/\/blogs.diariosur.es\/tormentas-y-rayos\/?p=4783"},"modified":"2013-01-28T07:17:47","modified_gmt":"2013-01-28T06:17:47","slug":"el-anticiclon-se-aduena-de-la-peninsula-las-temperaturas-sobrepasaran-los-20-grados","status":"publish","type":"post","link":"https:\/\/blogs.diariosur.es\/tormentas-y-rayos\/2013\/01\/28\/el-anticiclon-se-aduena-de-la-peninsula-las-temperaturas-sobrepasaran-los-20-grados\/","title":{"rendered":"El anticicl\u00f3n se adue\u00f1a de la pen\u00ednsula. Las temperaturas sobrepasaran los 20 grados."},"content":{"rendered":"<p><strong>Buenos dias amigos de la meteo.<\/strong><\/p>\n<p><strong> Son las seis de la ma\u00f1ana y cinco minutos ji ji, es para no decir siempre la misma hora. Registro 12 grados y los cielos est\u00e1n despejados. El protagonista esta pasada madrugada ha sido de nuevo el terral de invierno, que ha soplado entre moderado y fuerte. Yo particularmente no he pegado ojo, el ruido de la\u00a0persiana\u00a0no me dejaba. \u00a0Os paso el\u00a0gr\u00e1fico\u00a0del Puerto y el de Teatinos . Fuente Aemet.<\/strong><\/p>\n<p><a href=\"https:\/\/blogs.diariosur.es\/tormentas-y-rayos\/2013\/01\/28\/el-anticiclon-se-aduena-de-la-peninsula-las-temperaturas-sobrepasaran-los-20-grados\/terral-centro\/\" rel=\"attachment wp-att-4806\"><img loading=\"lazy\" class=\"aligncenter size-medium wp-image-4806\" title=\"terral centro\" src=\"\/tormentas-y-rayos\/wp-content\/uploads\/sites\/12\/2013\/01\/terral-centro.jpg\" alt=\"\" width=\"600\" height=\"256\" srcset=\"https:\/\/static-blogs.diariosur.es\/wp-content\/uploads\/sites\/12\/2013\/01\/terral-centro.jpg 716w, https:\/\/static-blogs.diariosur.es\/wp-content\/uploads\/sites\/12\/2013\/01\/terral-centro-640x274.jpg 640w\" sizes=\"(max-width: 600px) 100vw, 600px\" \/><\/a><a href=\"https:\/\/blogs.diariosur.es\/tormentas-y-rayos\/2013\/01\/28\/el-anticiclon-se-aduena-de-la-peninsula-las-temperaturas-sobrepasaran-los-20-grados\/terral-de-invierno\/\" rel=\"attachment wp-att-4807\"><img loading=\"lazy\" class=\"aligncenter size-medium wp-image-4807\" title=\"terral de invierno\" src=\"\/tormentas-y-rayos\/wp-content\/uploads\/sites\/12\/2013\/01\/terral-de-invierno.jpg\" alt=\"\" width=\"600\" height=\"253\" srcset=\"https:\/\/static-blogs.diariosur.es\/wp-content\/uploads\/sites\/12\/2013\/01\/terral-de-invierno.jpg 714w, https:\/\/static-blogs.diariosur.es\/wp-content\/uploads\/sites\/12\/2013\/01\/terral-de-invierno-640x271.jpg 640w\" sizes=\"(max-width: 600px) 100vw, 600px\" \/><\/a><\/p>\n<p><strong>La foto de portada de hoy, es de Rafael Bejar Rueda, la tomo el viernes pasado en la desembocadura del Guadalhorce. Un fot\u00f3n amigo. Mas abajo la\u00a0ver\u00e9is\u00a0en tama\u00f1o un poco mas grande.<\/strong><\/p>\n<p><strong>Antes de daros el pron\u00f3stico para estos primeros d\u00edas de la semana, os hago un resumen en fotos de lo que dio el fin de semana.<\/strong><\/p>\n<p><strong>El s\u00e1bado registramos una m\u00e1xima de 19,6 grados y una m\u00ednima de 14. El viento de terral de invierno soplo moderado, registr\u00e1ndose algunas rachas cercanas a los 30 km\/h.<\/strong><\/p>\n<p><strong> Aunque trabaja de ma\u00f1ana me acerque un momento para fotografiar el amanecer, esta vez desde un sitio distinto a otras. Os paso la foto del amanecer del viernes y la del s\u00e1bado.\u00a0<\/strong><\/p>\n<p><a href=\"https:\/\/blogs.diariosur.es\/tormentas-y-rayos\/2013\/01\/28\/el-anticiclon-se-aduena-de-la-peninsula-las-temperaturas-sobrepasaran-los-20-grados\/8416325680_644fc10cd0_c\/\" rel=\"attachment wp-att-4784\"><img loading=\"lazy\" class=\"aligncenter size-full wp-image-4784\" title=\"8416325680_644fc10cd0_c\" src=\"\/tormentas-y-rayos\/wp-content\/uploads\/sites\/12\/2013\/01\/8416325680_644fc10cd0_c.jpg\" alt=\"\" width=\"670\" height=\"503\" srcset=\"https:\/\/static-blogs.diariosur.es\/wp-content\/uploads\/sites\/12\/2013\/01\/8416325680_644fc10cd0_c.jpg 670w, https:\/\/static-blogs.diariosur.es\/wp-content\/uploads\/sites\/12\/2013\/01\/8416325680_644fc10cd0_c-533x400.jpg 533w\" sizes=\"(max-width: 670px) 100vw, 670px\" \/><\/a><\/p>\n<p>&nbsp;<\/p>\n<p><a href=\"https:\/\/blogs.diariosur.es\/tormentas-y-rayos\/2013\/01\/28\/el-anticiclon-se-aduena-de-la-peninsula-las-temperaturas-sobrepasaran-los-20-grados\/olympus-digital-camera-1063\/\" rel=\"attachment wp-att-4785\"><img loading=\"lazy\" class=\"aligncenter size-full wp-image-4785\" title=\"OLYMPUS DIGITAL CAMERA\" src=\"\/tormentas-y-rayos\/wp-content\/uploads\/sites\/12\/2013\/01\/019_1.jpg\" alt=\"\" width=\"670\" height=\"503\" srcset=\"https:\/\/static-blogs.diariosur.es\/wp-content\/uploads\/sites\/12\/2013\/01\/019_1.jpg 670w, https:\/\/static-blogs.diariosur.es\/wp-content\/uploads\/sites\/12\/2013\/01\/019_1-533x400.jpg 533w\" sizes=\"(max-width: 670px) 100vw, 670px\" \/><\/a><\/p>\n<p><strong>Como pod\u00e9is apreciar en la foto del viernes, los lenticularis eran los protagonistas.<\/strong><\/p>\n<p>&nbsp;<\/p>\n<p>&nbsp;<\/p>\n<p><strong>Por la tarde noche del s\u00e1bado, tambi\u00e9n tuvimos lenticularis que acompa\u00f1aban a una bonita luna llena.<\/strong><\/p>\n<p><a href=\"https:\/\/blogs.diariosur.es\/tormentas-y-rayos\/2013\/01\/28\/el-anticiclon-se-aduena-de-la-peninsula-las-temperaturas-sobrepasaran-los-20-grados\/olympus-digital-camera-1064\/\" rel=\"attachment wp-att-4786\"><img loading=\"lazy\" class=\"aligncenter size-full wp-image-4786\" title=\"OLYMPUS DIGITAL CAMERA\" src=\"\/tormentas-y-rayos\/wp-content\/uploads\/sites\/12\/2013\/01\/71.jpg\" alt=\"\" width=\"670\" height=\"503\" srcset=\"https:\/\/static-blogs.diariosur.es\/wp-content\/uploads\/sites\/12\/2013\/01\/71.jpg 670w, https:\/\/static-blogs.diariosur.es\/wp-content\/uploads\/sites\/12\/2013\/01\/71-533x400.jpg 533w\" sizes=\"(max-width: 670px) 100vw, 670px\" \/><\/a><\/p>\n<p><strong>Nuestro amigo Pedro Toro\u00a0tambi\u00e9n\u00a0la cazaba el viernes, os paso la foto que me ha mandado, perd\u00f3n el fot\u00f3nnnnnnn.<\/strong><\/p>\n<p><a href=\"https:\/\/blogs.diariosur.es\/tormentas-y-rayos\/2013\/01\/28\/el-anticiclon-se-aduena-de-la-peninsula-las-temperaturas-sobrepasaran-los-20-grados\/z1-2\/\" rel=\"attachment wp-att-4787\"><img loading=\"lazy\" class=\"aligncenter size-full wp-image-4787\" title=\"z1\" src=\"\/tormentas-y-rayos\/wp-content\/uploads\/sites\/12\/2013\/01\/z1.jpg\" alt=\"\" width=\"670\" height=\"445\" srcset=\"https:\/\/static-blogs.diariosur.es\/wp-content\/uploads\/sites\/12\/2013\/01\/z1.jpg 670w, https:\/\/static-blogs.diariosur.es\/wp-content\/uploads\/sites\/12\/2013\/01\/z1-602x400.jpg 602w\" sizes=\"(max-width: 670px) 100vw, 670px\" \/><\/a><\/p>\n<p>&nbsp;<\/p>\n<p><strong>El domingo la m\u00e1xima fue de 17.8 grados y la m\u00ednima de 11,2. El viento de terral de invierno soplaba algo mas fuerte y hacia que la sensaci\u00f3n t\u00e9rmica fuera de mas fr\u00edo de madrugada. <\/strong><\/p>\n<p><strong>Al ver en el satelite que ten\u00edamos cirros, sobre las siete y media tire para la playa para fotografiar el amanecer.\u00a0All\u00ed\u00a0me encontr\u00e9 con varios amigos cazadores del crep\u00fasculo ( \u00a0Jose Manu, Paqui, Miguel Angel y Jose Reina) todos disfrutamos de un bonito candilazo. Os paso un par de fotos.<\/strong><\/p>\n<p><a href=\"https:\/\/blogs.diariosur.es\/tormentas-y-rayos\/2013\/01\/28\/el-anticiclon-se-aduena-de-la-peninsula-las-temperaturas-sobrepasaran-los-20-grados\/z-5\/\" rel=\"attachment wp-att-4788\"><img loading=\"lazy\" class=\"aligncenter size-full wp-image-4788\" title=\"z\" src=\"\/tormentas-y-rayos\/wp-content\/uploads\/sites\/12\/2013\/01\/z2.jpg\" alt=\"\" width=\"670\" height=\"503\" srcset=\"https:\/\/static-blogs.diariosur.es\/wp-content\/uploads\/sites\/12\/2013\/01\/z2.jpg 670w, https:\/\/static-blogs.diariosur.es\/wp-content\/uploads\/sites\/12\/2013\/01\/z2-533x400.jpg 533w\" sizes=\"(max-width: 670px) 100vw, 670px\" \/><\/a><\/p>\n<p>&nbsp;<\/p>\n<p><a href=\"https:\/\/blogs.diariosur.es\/tormentas-y-rayos\/2013\/01\/28\/el-anticiclon-se-aduena-de-la-peninsula-las-temperaturas-sobrepasaran-los-20-grados\/c-4\/\" rel=\"attachment wp-att-4789\"><img loading=\"lazy\" class=\"aligncenter size-full wp-image-4789\" title=\"c\" src=\"\/tormentas-y-rayos\/wp-content\/uploads\/sites\/12\" alt=\"\" width=\"670\" height=\"503\" \/><\/a><\/p>\n<p><strong>Sobre las once y media baje de nuevo a la playa, aun se pod\u00eda ver los restos de nieve en Sierra Tejeda y montones de gaviotas buscando comida.<\/strong><\/p>\n<p><a href=\"https:\/\/blogs.diariosur.es\/tormentas-y-rayos\/2013\/01\/28\/el-anticiclon-se-aduena-de-la-peninsula-las-temperaturas-sobrepasaran-los-20-grados\/olympus-digital-camera-1066\/\" rel=\"attachment wp-att-4791\"><img loading=\"lazy\" class=\"aligncenter size-full wp-image-4791\" title=\"OLYMPUS DIGITAL CAMERA\" src=\"\/tormentas-y-rayos\/wp-content\/uploads\/sites\/12\/2013\/01\/z22.jpg\" alt=\"\" width=\"670\" height=\"485\" srcset=\"https:\/\/static-blogs.diariosur.es\/wp-content\/uploads\/sites\/12\/2013\/01\/z22.jpg 670w, https:\/\/static-blogs.diariosur.es\/wp-content\/uploads\/sites\/12\/2013\/01\/z22-553x400.jpg 553w\" sizes=\"(max-width: 670px) 100vw, 670px\" \/><\/a><\/p>\n<p>&nbsp;<\/p>\n<p><a href=\"https:\/\/blogs.diariosur.es\/tormentas-y-rayos\/2013\/01\/28\/el-anticiclon-se-aduena-de-la-peninsula-las-temperaturas-sobrepasaran-los-20-grados\/olympus-digital-camera-1067\/\" rel=\"attachment wp-att-4792\"><img loading=\"lazy\" class=\"aligncenter size-full wp-image-4792\" title=\"OLYMPUS DIGITAL CAMERA\" src=\"\/tormentas-y-rayos\/wp-content\/uploads\/sites\/12\/2013\/01\/z3.jpg\" alt=\"\" width=\"670\" height=\"503\" srcset=\"https:\/\/static-blogs.diariosur.es\/wp-content\/uploads\/sites\/12\/2013\/01\/z3.jpg 670w, https:\/\/static-blogs.diariosur.es\/wp-content\/uploads\/sites\/12\/2013\/01\/z3-533x400.jpg 533w\" sizes=\"(max-width: 670px) 100vw, 670px\" \/><\/a><\/p>\n<p>&nbsp;<\/p>\n<p>&nbsp;<\/p>\n<p><strong>A las cinco y media de la tarde recib\u00ed un wassat, un compa\u00f1ero me comentaba que estaban saliendo de Granada y que se ve\u00eda un impresionante lenticular sobre Sierra Nevada. \u00a0Asi que tire para el Espig\u00f3n de la T\u00e9rmica y pude fotografiarlo. Aunque lo ideal hubiera sido fotografiarlo desde Salobre\u00f1a. Os paso la foto.<\/strong><\/p>\n<p><a href=\"https:\/\/blogs.diariosur.es\/tormentas-y-rayos\/2013\/01\/28\/el-anticiclon-se-aduena-de-la-peninsula-las-temperaturas-sobrepasaran-los-20-grados\/olympus-digital-camera-1068\/\" rel=\"attachment wp-att-4794\"><img loading=\"lazy\" class=\"aligncenter size-full wp-image-4794\" title=\"OLYMPUS DIGITAL CAMERA\" src=\"\/tormentas-y-rayos\/wp-content\/uploads\/sites\/12\/2013\/01\/lenteja.jpg\" alt=\"\" width=\"680\" height=\"510\" srcset=\"https:\/\/static-blogs.diariosur.es\/wp-content\/uploads\/sites\/12\/2013\/01\/lenteja.jpg 680w, https:\/\/static-blogs.diariosur.es\/wp-content\/uploads\/sites\/12\/2013\/01\/lenteja-533x400.jpg 533w\" sizes=\"(max-width: 680px) 100vw, 680px\" \/><\/a><\/p>\n<p>&nbsp;<\/p>\n<p><a href=\"https:\/\/blogs.diariosur.es\/tormentas-y-rayos\/2013\/01\/28\/el-anticiclon-se-aduena-de-la-peninsula-las-temperaturas-sobrepasaran-los-20-grados\/olympus-digital-camera-1070\/\" rel=\"attachment wp-att-4796\"><img loading=\"lazy\" class=\"aligncenter size-full wp-image-4796\" title=\"OLYMPUS DIGITAL CAMERA\" src=\"\/tormentas-y-rayos\/wp-content\/uploads\/sites\/12\/2013\/01\/0651.jpg\" alt=\"\" width=\"680\" height=\"364\" srcset=\"https:\/\/static-blogs.diariosur.es\/wp-content\/uploads\/sites\/12\/2013\/01\/0651.jpg 680w, https:\/\/static-blogs.diariosur.es\/wp-content\/uploads\/sites\/12\/2013\/01\/0651-640x343.jpg 640w\" sizes=\"(max-width: 680px) 100vw, 680px\" \/><\/a><\/p>\n<p>&nbsp;<\/p>\n<p><strong>Pero me paso una cosa que no me suele pasar amigos, como estaba tan embobado viendo el lenticular, no me di cuenta que a mi espalda\u00a0hab\u00eda\u00a0otro\u00a0form\u00e1ndose.\u00a0Cog\u00ed\u00a0la moto y tire para la casa sin percatarme de lo que iba a suceder grrrrrrrrrrrr, me estoy haciendo mayor. Ese lenticular si lo cazo Paqui Carnero desde los Ba\u00f1os del Carmen. Precioso lenticular con candilazo. Mis felicitaciones.<\/strong><\/p>\n<p><a href=\"https:\/\/blogs.diariosur.es\/tormentas-y-rayos\/2013\/01\/28\/el-anticiclon-se-aduena-de-la-peninsula-las-temperaturas-sobrepasaran-los-20-grados\/bb-5\/\" rel=\"attachment wp-att-4808\"><img loading=\"lazy\" class=\"aligncenter size-full wp-image-4808\" title=\"bb\" src=\"\/tormentas-y-rayos\/wp-content\/uploads\/sites\/12\/2013\/01\/bb1.jpg\" alt=\"\" width=\"670\" height=\"377\" srcset=\"https:\/\/static-blogs.diariosur.es\/wp-content\/uploads\/sites\/12\/2013\/01\/bb1.jpg 670w, https:\/\/static-blogs.diariosur.es\/wp-content\/uploads\/sites\/12\/2013\/01\/bb1-640x360.jpg 640w\" sizes=\"(max-width: 670px) 100vw, 670px\" \/><\/a><\/p>\n<p>&nbsp;<\/p>\n<p><strong>Poco mas que contar, os doy la predicci\u00f3n para estos primeros d\u00edas de la semana.<\/strong><\/p>\n<p><strong>Asi es amigos de la meteo, el anticicl\u00f3n \u00a0se adue\u00f1a de Andaluc\u00eda. Y de casi toda la pen\u00ednsula. Te doy una buena noticia \u00a0Paco, sobre el medio entrara el levante y el pu\u00f1etero terral nos dejara un par de dias.<\/strong><\/p>\n<p><a href=\"https:\/\/blogs.diariosur.es\/tormentas-y-rayos\/2013\/01\/28\/el-anticiclon-se-aduena-de-la-peninsula-las-temperaturas-sobrepasaran-los-20-grados\/martes-5\/\" rel=\"attachment wp-att-4797\"><img loading=\"lazy\" class=\"aligncenter size-medium wp-image-4797\" title=\"martes\" src=\"\/tormentas-y-rayos\/wp-content\/uploads\/sites\/12\/2013\/01\/martes1.jpg\" alt=\"\" width=\"520\" height=\"400\" srcset=\"https:\/\/static-blogs.diariosur.es\/wp-content\/uploads\/sites\/12\/2013\/01\/martes1.jpg 707w, https:\/\/static-blogs.diariosur.es\/wp-content\/uploads\/sites\/12\/2013\/01\/martes1-521x400.jpg 521w\" sizes=\"(max-width: 520px) 100vw, 520px\" \/><\/a><\/p>\n<p><strong>Esto traer\u00e1 consigo que las nieblas sean las protagonistas en muchos puntos del interior, sobre todo en los valles de los r\u00edos. Incluso en la Costa Malague\u00f1a se pueden dar. \u00a0Las m\u00ednimas bajaran y las\u00a0m\u00e1ximas\u00a0alcanzaran \u00a0valores bastantes altos \u00a0desde el martes hasta el viernes. En este mapa previsto para el martes y el\u00a0mi\u00e9rcoles\u00a0 la temperatura a 1500 hpa\u00a0estar\u00e1\u00a0sobre los 15 grados. Con este mapas tenemos garantizados mas de 20 grados estos dias.\u00a0<\/strong><\/p>\n<p><a href=\"https:\/\/blogs.diariosur.es\/tormentas-y-rayos\/2013\/01\/28\/el-anticiclon-se-aduena-de-la-peninsula-las-temperaturas-sobrepasaran-los-20-grados\/isos-4\/\" rel=\"attachment wp-att-4798\"><img loading=\"lazy\" class=\"aligncenter size-full wp-image-4798\" title=\"isos\" src=\"\/tormentas-y-rayos\/wp-content\/uploads\/sites\/12\/2013\/01\/isos1.jpg\" alt=\"\" width=\"699\" height=\"543\" srcset=\"https:\/\/static-blogs.diariosur.es\/wp-content\/uploads\/sites\/12\/2013\/01\/isos1.jpg 699w, https:\/\/static-blogs.diariosur.es\/wp-content\/uploads\/sites\/12\/2013\/01\/isos1-515x400.jpg 515w\" sizes=\"(max-width: 699px) 100vw, 699px\" \/><\/a><\/p>\n<p>&nbsp;<\/p>\n<p>&nbsp;<\/p>\n<p><strong>Solo la parte mas al \u00a0noroeste de la pen\u00ednsula pueden tener algunos chubascos. Las colas de los frentes se aproximaran sobre todo a Galicia.<\/strong><\/p>\n<p><strong>Poco mas que contar \u00a0amigos, os dejo con una serie de fotos de nuestros amigos.<\/strong><\/p>\n<p><strong>La primera ya la\u00a0hab\u00e9is\u00a0visto de portada, preciosa foto Rafael<\/strong>.<\/p>\n<p><a href=\"https:\/\/blogs.diariosur.es\/tormentas-y-rayos\/2013\/01\/28\/el-anticiclon-se-aduena-de-la-peninsula-las-temperaturas-sobrepasaran-los-20-grados\/z-ra-2\/\" rel=\"attachment wp-att-4800\"><img loading=\"lazy\" class=\"aligncenter size-full wp-image-4800\" title=\"z ra\" src=\"\/tormentas-y-rayos\/wp-content\/uploads\/sites\/12\/2013\/01\/z-ra1.jpg\" alt=\"\" width=\"670\" height=\"447\" srcset=\"https:\/\/static-blogs.diariosur.es\/wp-content\/uploads\/sites\/12\/2013\/01\/z-ra1.jpg 670w, https:\/\/static-blogs.diariosur.es\/wp-content\/uploads\/sites\/12\/2013\/01\/z-ra1-600x400.jpg 600w\" sizes=\"(max-width: 670px) 100vw, 670px\" \/><\/a><\/p>\n<p><strong>Miguel Angel \u00c1vila nos manda este amanecer del\u00a0s\u00e1bado. Muy bonita Miguel me encanta.<\/strong><\/p>\n<p><a href=\"https:\/\/blogs.diariosur.es\/tormentas-y-rayos\/2013\/01\/28\/el-anticiclon-se-aduena-de-la-peninsula-las-temperaturas-sobrepasaran-los-20-grados\/img_26496\/\" rel=\"attachment wp-att-4801\"><img loading=\"lazy\" class=\"aligncenter size-full wp-image-4801\" title=\"IMG_26496\" src=\"\/tormentas-y-rayos\/wp-content\/uploads\/sites\/12\/2013\/01\/IMG_26496.jpg\" alt=\"\" width=\"670\" height=\"503\" srcset=\"https:\/\/static-blogs.diariosur.es\/wp-content\/uploads\/sites\/12\/2013\/01\/IMG_26496.jpg 670w, https:\/\/static-blogs.diariosur.es\/wp-content\/uploads\/sites\/12\/2013\/01\/IMG_26496-533x400.jpg 533w\" sizes=\"(max-width: 670px) 100vw, 670px\" \/><\/a><\/p>\n<p>&nbsp;<\/p>\n<p><strong>Fernando Berrocal fotografiaba el amanecer del\u00a0s\u00e1bado\u00a0desde los alamos Torremolinos. Bonita serie que me has mandado.<\/strong><\/p>\n<p><a href=\"https:\/\/blogs.diariosur.es\/tormentas-y-rayos\/2013\/01\/28\/el-anticiclon-se-aduena-de-la-peninsula-las-temperaturas-sobrepasaran-los-20-grados\/2013-01-26_08-26-05_988\/\" rel=\"attachment wp-att-4805\"><img loading=\"lazy\" class=\"aligncenter size-full wp-image-4805\" title=\"2013-01-26_08-26-05_988\" src=\"\/tormentas-y-rayos\/wp-content\/uploads\/sites\/12\/2013\/01\/2013-01-26_08-26-05_988.jpg\" alt=\"\" width=\"670\" height=\"378\" srcset=\"https:\/\/static-blogs.diariosur.es\/wp-content\/uploads\/sites\/12\/2013\/01\/2013-01-26_08-26-05_988.jpg 670w, https:\/\/static-blogs.diariosur.es\/wp-content\/uploads\/sites\/12\/2013\/01\/2013-01-26_08-26-05_988-640x361.jpg 640w\" sizes=\"(max-width: 670px) 100vw, 670px\" \/><\/a><\/p>\n<p>&nbsp;<\/p>\n<p><strong>Jose Manu Rodriguez me fotografio a mi je je, me ha encantado la foto amigo. Un abrazo<\/strong><\/p>\n<p>&nbsp;<\/p>\n<p><a href=\"https:\/\/blogs.diariosur.es\/tormentas-y-rayos\/2013\/01\/28\/el-anticiclon-se-aduena-de-la-peninsula-las-temperaturas-sobrepasaran-los-20-grados\/yo-mismo-fotografiando\/\" rel=\"attachment wp-att-4809\"><img loading=\"lazy\" class=\"aligncenter size-full wp-image-4809\" title=\"yo mismo fotografiando\" src=\"\/tormentas-y-rayos\/wp-content\/uploads\/sites\/12\/2013\/01\/yo-mismo-fotografiando.jpg\" alt=\"\" width=\"670\" height=\"447\" srcset=\"https:\/\/static-blogs.diariosur.es\/wp-content\/uploads\/sites\/12\/2013\/01\/yo-mismo-fotografiando.jpg 670w, https:\/\/static-blogs.diariosur.es\/wp-content\/uploads\/sites\/12\/2013\/01\/yo-mismo-fotografiando-600x400.jpg 600w\" sizes=\"(max-width: 670px) 100vw, 670px\" \/><\/a><\/p>\n<p>&nbsp;<\/p>\n<p><strong>Y por ultimo estas dos fotos de nieve en nuestras sierras, que seguro en unas horas ya no\u00a0habr\u00e1\u00a0nada.\u00a0<\/strong><\/p>\n<p><strong>Marina Aranda quiere compartir esta bonita foto de Sierra Tejeda.<\/strong><\/p>\n<p><a href=\"https:\/\/blogs.diariosur.es\/tormentas-y-rayos\/2013\/01\/28\/el-anticiclon-se-aduena-de-la-peninsula-las-temperaturas-sobrepasaran-los-20-grados\/marina-aranda\/\" rel=\"attachment wp-att-4803\"><img loading=\"lazy\" class=\"aligncenter size-full wp-image-4803\" title=\"marina aranda\" src=\"\/tormentas-y-rayos\/wp-content\/uploads\/sites\/12\/2013\/01\/marina-aranda.jpg\" alt=\"\" width=\"670\" height=\"503\" srcset=\"https:\/\/static-blogs.diariosur.es\/wp-content\/uploads\/sites\/12\/2013\/01\/marina-aranda.jpg 670w, https:\/\/static-blogs.diariosur.es\/wp-content\/uploads\/sites\/12\/2013\/01\/marina-aranda-533x400.jpg 533w\" sizes=\"(max-width: 670px) 100vw, 670px\" \/><\/a><\/p>\n<p><strong>Antonia Maria Ramirez , nos manda esta otra bonita foto de nieve, en esta ocasi\u00f3n es la Sierra de las Nieves.<\/strong><\/p>\n<p><a href=\"https:\/\/blogs.diariosur.es\/tormentas-y-rayos\/2013\/01\/28\/el-anticiclon-se-aduena-de-la-peninsula-las-temperaturas-sobrepasaran-los-20-grados\/antonia-maria-ramirez\/\" rel=\"attachment wp-att-4804\"><img loading=\"lazy\" class=\"aligncenter size-full wp-image-4804\" title=\"antonia maria ramirez\" src=\"\/tormentas-y-rayos\/wp-content\/uploads\/sites\/12\/2013\/01\/antonia-maria-ramirez.jpg\" alt=\"\" width=\"670\" height=\"503\" srcset=\"https:\/\/static-blogs.diariosur.es\/wp-content\/uploads\/sites\/12\/2013\/01\/antonia-maria-ramirez.jpg 670w, https:\/\/static-blogs.diariosur.es\/wp-content\/uploads\/sites\/12\/2013\/01\/antonia-maria-ramirez-533x400.jpg 533w\" sizes=\"(max-width: 670px) 100vw, 670px\" \/><\/a><\/p>\n<p>&nbsp;<\/p>\n","protected":false},"excerpt":{"rendered":"<p>Buenos dias amigos de la meteo. Son las seis de la ma\u00f1ana y cinco minutos ji ji, es para no decir siempre la misma hora. Registro 12 grados y los cielos est\u00e1n despejados. El protagonista esta pasada madrugada ha sido de nuevo el terral de invierno, que ha soplado entre moderado y fuerte. Yo particularmente [&hellip;]<\/p>\n","protected":false},"author":16,"featured_media":4799,"comment_status":"open","ping_status":"closed","sticky":false,"template":"","format":"standard","meta":[],"categories":[2],"tags":[114,934,962],"_links":{"self":[{"href":"https:\/\/blogs.diariosur.es\/tormentas-y-rayos\/wp-json\/wp\/v2\/posts\/4783"}],"collection":[{"href":"https:\/\/blogs.diariosur.es\/tormentas-y-rayos\/wp-json\/wp\/v2\/posts"}],"about":[{"href":"https:\/\/blogs.diariosur.es\/tormentas-y-rayos\/wp-json\/wp\/v2\/types\/post"}],"author":[{"embeddable":true,"href":"https:\/\/blogs.diariosur.es\/tormentas-y-rayos\/wp-json\/wp\/v2\/users\/16"}],"replies":[{"embeddable":true,"href":"https:\/\/blogs.diariosur.es\/tormentas-y-rayos\/wp-json\/wp\/v2\/comments?post=4783"}],"version-history":[{"count":0,"href":"https:\/\/blogs.diariosur.es\/tormentas-y-rayos\/wp-json\/wp\/v2\/posts\/4783\/revisions"}],"wp:featuredmedia":[{"embeddable":true,"href":"https:\/\/blogs.diariosur.es\/tormentas-y-rayos\/wp-json\/wp\/v2\/media\/4799"}],"wp:attachment":[{"href":"https:\/\/blogs.diariosur.es\/tormentas-y-rayos\/wp-json\/wp\/v2\/media?parent=4783"}],"wp:term":[{"taxonomy":"category","embeddable":true,"href":"https:\/\/blogs.diariosur.es\/tormentas-y-rayos\/wp-json\/wp\/v2\/categories?post=4783"},{"taxonomy":"post_tag","embeddable":true,"href":"https:\/\/blogs.diariosur.es\/tormentas-y-rayos\/wp-json\/wp\/v2\/tags?post=4783"}],"curies":[{"name":"wp","href":"https:\/\/api.w.org\/{rel}","templated":true}]}}