{"id":47977,"date":"2025-11-27T08:36:41","date_gmt":"2025-11-27T07:36:41","guid":{"rendered":"https:\/\/blogs.diariosur.es\/tormentas-y-rayos\/?p=47977"},"modified":"2025-11-27T08:36:41","modified_gmt":"2025-11-27T07:36:41","slug":"que-tiempo-hara-el-fin-de-semana-en-la-provincia-de-malaga-volvera-el-terral-y-el-poniente-primera-helada-del-otono-en-antequera","status":"publish","type":"post","link":"https:\/\/blogs.diariosur.es\/tormentas-y-rayos\/2025\/11\/27\/que-tiempo-hara-el-fin-de-semana-en-la-provincia-de-malaga-volvera-el-terral-y-el-poniente-primera-helada-del-otono-en-antequera\/","title":{"rendered":"\u00bfQu\u00e9 tiempo har\u00e1 el fin de semana en la provincia de M\u00e1laga? \u00bfVolver\u00e1 el terral y el poniente? Primera helada del oto\u00f1o en Antequera"},"content":{"rendered":"<p><a href=\"https:\/\/static-blogs.diariosur.es\/wp-content\/uploads\/sites\/12\/2025\/10\/444912498_10228884468795449_97962860407814916_n-e1763121197919.jpg\"><img loading=\"lazy\" class=\"aligncenter size-thumbnail wp-image-46969\" src=\"https:\/\/static-blogs.diariosur.es\/wp-content\/uploads\/sites\/12\/2025\/10\/444912498_10228884468795449_97962860407814916_n-150x150.jpg\" alt=\"\" width=\"150\" height=\"150\" \/><\/a><\/p>\n<p data-pm-slice=\"1 1 []\">Buenos d\u00edas, amigos de la meteo. La temperatura m\u00ednima hoy jueves en la estaci\u00f3n de la Aemet del Aeropuerto ha sido de 6,4 \u00baC, los cielos est\u00e1n poco nubosos y el viento sopla flojo en mi zona. Antequera ha registrado la primera helada del oto\u00f1o con -1,1 \u00baC bajo cero.<\/p>\n<p data-pm-slice=\"1 1 []\">Hoy jueves se esperan estas temperaturas m\u00e1ximas en la provincia malague\u00f1a. Fuente Aemet.<\/p>\n<p data-pm-slice=\"1 1 []\">\n<p data-pm-slice=\"1 1 []\"><a href=\"https:\/\/static-blogs.diariosur.es\/wp-content\/uploads\/sites\/12\/2025\/11\/jueves-1.jpg\"><img loading=\"lazy\" class=\"aligncenter size-full wp-image-47984\" src=\"https:\/\/static-blogs.diariosur.es\/wp-content\/uploads\/sites\/12\/2025\/11\/jueves-1.jpg\" alt=\"\" width=\"1036\" height=\"825\" srcset=\"https:\/\/static-blogs.diariosur.es\/wp-content\/uploads\/sites\/12\/2025\/11\/jueves-1.jpg 1036w, https:\/\/static-blogs.diariosur.es\/wp-content\/uploads\/sites\/12\/2025\/11\/jueves-1-502x400.jpg 502w, https:\/\/static-blogs.diariosur.es\/wp-content\/uploads\/sites\/12\/2025\/11\/jueves-1-512x408.jpg 512w, https:\/\/static-blogs.diariosur.es\/wp-content\/uploads\/sites\/12\/2025\/11\/jueves-1-768x612.jpg 768w\" sizes=\"(max-width: 1036px) 100vw, 1036px\" \/><\/a><\/p>\n<p>&nbsp;<\/p>\n<p>Ma\u00f1ana viernes el viento soplar\u00e1 flojo de direcci\u00f3n variable; la probabilidad de precipitaciones es del 0%.<\/p>\n<p>La Aemet espera estas temperaturas m\u00e1ximas y m\u00ednimas para ma\u00f1ana viernes.<\/p>\n<p>&nbsp;<\/p>\n<p>&nbsp;<\/p>\n<p><a href=\"https:\/\/static-blogs.diariosur.es\/wp-content\/uploads\/sites\/12\/2025\/11\/malaga-viernes.jpg\"><img loading=\"lazy\" class=\"aligncenter size-full wp-image-47978\" src=\"https:\/\/static-blogs.diariosur.es\/wp-content\/uploads\/sites\/12\/2025\/11\/malaga-viernes.jpg\" alt=\"\" width=\"1043\" height=\"830\" srcset=\"https:\/\/static-blogs.diariosur.es\/wp-content\/uploads\/sites\/12\/2025\/11\/malaga-viernes.jpg 1043w, https:\/\/static-blogs.diariosur.es\/wp-content\/uploads\/sites\/12\/2025\/11\/malaga-viernes-503x400.jpg 503w, https:\/\/static-blogs.diariosur.es\/wp-content\/uploads\/sites\/12\/2025\/11\/malaga-viernes-513x408.jpg 513w, https:\/\/static-blogs.diariosur.es\/wp-content\/uploads\/sites\/12\/2025\/11\/malaga-viernes-768x611.jpg 768w\" sizes=\"(max-width: 1043px) 100vw, 1043px\" \/><\/a><\/p>\n<p>&nbsp;<\/p>\n<h3><span style=\"color: #ff0000;\">\u00bfQu\u00e9 tiempo har\u00e1 el fin de semana en M\u00e1laga? \u00bfVolver\u00e1 el terral y el poniente?<\/span><\/h3>\n<p>&nbsp;<\/p>\n<p><strong>Predicci\u00f3n s\u00e1bado 29 de noviembre<\/strong><\/p>\n<p>El viento soplar\u00e1 flojo,\u00a0 pero a \u00faltima hora la tarde noche rolar\u00e1 a componente oeste moderado. La probabilidad de precipitaciones es muy baja.<\/p>\n<p>La Aemet espera estas temperaturas m\u00e1ximas y m\u00ednimas.<\/p>\n<p>&nbsp;<\/p>\n<p><a href=\"https:\/\/static-blogs.diariosur.es\/wp-content\/uploads\/sites\/12\/2025\/11\/malaga-sabado.jpg\"><img loading=\"lazy\" class=\"aligncenter size-full wp-image-47979\" src=\"https:\/\/static-blogs.diariosur.es\/wp-content\/uploads\/sites\/12\/2025\/11\/malaga-sabado.jpg\" alt=\"\" width=\"1044\" height=\"831\" srcset=\"https:\/\/static-blogs.diariosur.es\/wp-content\/uploads\/sites\/12\/2025\/11\/malaga-sabado.jpg 1044w, https:\/\/static-blogs.diariosur.es\/wp-content\/uploads\/sites\/12\/2025\/11\/malaga-sabado-503x400.jpg 503w, https:\/\/static-blogs.diariosur.es\/wp-content\/uploads\/sites\/12\/2025\/11\/malaga-sabado-513x408.jpg 513w, https:\/\/static-blogs.diariosur.es\/wp-content\/uploads\/sites\/12\/2025\/11\/malaga-sabado-768x611.jpg 768w\" sizes=\"(max-width: 1044px) 100vw, 1044px\" \/><\/a><\/p>\n<p>&nbsp;<\/p>\n<p><strong>Predicci\u00f3n domingo 30 de noviembre<\/strong><\/p>\n<p>El terral de oto\u00f1o y el poniente tomar\u00e1n protagonismo en toda la costa malague\u00f1a; se esperan rachas moderadas y en algunos momentos fuertes. El paso de un frente muy poco activo durante la madrugada y primeras horas de la ma\u00f1ana puede dejar alguna precipitaci\u00f3n <strong>d\u00e9bil y ocasional<\/strong> por\u00a0 algunos puntos del interior de la provincia. En zona de costa la probabilidad es muy baja.<\/p>\n<p>El modelo europeo da estos acumulados en 24 horas, muy poca cosa.<\/p>\n<p>&nbsp;<\/p>\n<p><a href=\"https:\/\/static-blogs.diariosur.es\/wp-content\/uploads\/sites\/12\/2025\/11\/z-4.jpg\"><img loading=\"lazy\" class=\"aligncenter size-full wp-image-47985\" src=\"https:\/\/static-blogs.diariosur.es\/wp-content\/uploads\/sites\/12\/2025\/11\/z-4.jpg\" alt=\"\" width=\"1147\" height=\"1232\" srcset=\"https:\/\/static-blogs.diariosur.es\/wp-content\/uploads\/sites\/12\/2025\/11\/z-4.jpg 1147w, https:\/\/static-blogs.diariosur.es\/wp-content\/uploads\/sites\/12\/2025\/11\/z-4-372x400.jpg 372w, https:\/\/static-blogs.diariosur.es\/wp-content\/uploads\/sites\/12\/2025\/11\/z-4-380x408.jpg 380w, https:\/\/static-blogs.diariosur.es\/wp-content\/uploads\/sites\/12\/2025\/11\/z-4-768x825.jpg 768w\" sizes=\"(max-width: 1147px) 100vw, 1147px\" \/><\/a><\/p>\n<p>&nbsp;<\/p>\n<p>La Aemet espera estas temperaturas m\u00e1ximas y m\u00ednimas.<\/p>\n<p>&nbsp;<\/p>\n<p>&nbsp;<\/p>\n<p><a href=\"https:\/\/static-blogs.diariosur.es\/wp-content\/uploads\/sites\/12\/2025\/11\/malaga-domingo.jpg\"><img loading=\"lazy\" class=\"aligncenter size-full wp-image-47980\" src=\"https:\/\/static-blogs.diariosur.es\/wp-content\/uploads\/sites\/12\/2025\/11\/malaga-domingo.jpg\" alt=\"\" width=\"1048\" height=\"820\" srcset=\"https:\/\/static-blogs.diariosur.es\/wp-content\/uploads\/sites\/12\/2025\/11\/malaga-domingo.jpg 1048w, https:\/\/static-blogs.diariosur.es\/wp-content\/uploads\/sites\/12\/2025\/11\/malaga-domingo-511x400.jpg 511w, https:\/\/static-blogs.diariosur.es\/wp-content\/uploads\/sites\/12\/2025\/11\/malaga-domingo-521x408.jpg 521w, https:\/\/static-blogs.diariosur.es\/wp-content\/uploads\/sites\/12\/2025\/11\/malaga-domingo-768x601.jpg 768w\" sizes=\"(max-width: 1048px) 100vw, 1048px\" \/><\/a><\/p>\n<p>&nbsp;<\/p>\n<p>&nbsp;<\/p>\n<p>&nbsp;<\/p>\n<p>&nbsp;<\/p>\n<p>Os dejo con estas fotos de archivo.<\/p>\n<p>&nbsp;<\/p>\n<p><a href=\"https:\/\/static-blogs.diariosur.es\/wp-content\/uploads\/sites\/12\/2025\/11\/589130420_10235404631875451_1016784048987442276_n-e1764222757402.jpg\"><img loading=\"lazy\" class=\"aligncenter size-full wp-image-47981\" src=\"https:\/\/static-blogs.diariosur.es\/wp-content\/uploads\/sites\/12\/2025\/11\/589130420_10235404631875451_1016784048987442276_n-e1764222757402.jpg\" alt=\"\" width=\"1200\" height=\"800\" \/><\/a><\/p>\n<p>&nbsp;<\/p>\n<p><a href=\"https:\/\/static-blogs.diariosur.es\/wp-content\/uploads\/sites\/12\/2025\/11\/589161445_10235404630435415_7852314182069841377_n-e1764222787446.jpg\"><img loading=\"lazy\" class=\"aligncenter size-full wp-image-47982\" src=\"https:\/\/static-blogs.diariosur.es\/wp-content\/uploads\/sites\/12\/2025\/11\/589161445_10235404630435415_7852314182069841377_n-e1764222787446.jpg\" alt=\"\" width=\"1200\" height=\"800\" \/><\/a><\/p>\n<p>&nbsp;<\/p>\n<p><a href=\"https:\/\/static-blogs.diariosur.es\/wp-content\/uploads\/sites\/12\/2025\/11\/589500848_10235404631235435_5473380333409186239_n-e1764222812916.jpg\"><img loading=\"lazy\" class=\"aligncenter size-full wp-image-47983\" src=\"https:\/\/static-blogs.diariosur.es\/wp-content\/uploads\/sites\/12\/2025\/11\/589500848_10235404631235435_5473380333409186239_n-e1764222812916.jpg\" alt=\"\" width=\"1200\" height=\"800\" \/><\/a><\/p>\n<p>&nbsp;<\/p>\n","protected":false},"excerpt":{"rendered":"<p>Buenos d\u00edas, amigos de la meteo. La temperatura m\u00ednima hoy jueves en la estaci\u00f3n de la Aemet del Aeropuerto ha sido de 6,4 \u00baC, los cielos est\u00e1n poco nubosos y el viento sopla flojo en mi zona. Antequera ha registrado la primera helada del oto\u00f1o con -1,1 \u00baC bajo cero. Hoy jueves se esperan estas [&hellip;]<\/p>\n","protected":false},"author":16,"featured_media":47981,"comment_status":"open","ping_status":"open","sticky":false,"template":"","format":"standard","meta":[],"categories":[2],"tags":[358,587,791,800,975],"_links":{"self":[{"href":"https:\/\/blogs.diariosur.es\/tormentas-y-rayos\/wp-json\/wp\/v2\/posts\/47977"}],"collection":[{"href":"https:\/\/blogs.diariosur.es\/tormentas-y-rayos\/wp-json\/wp\/v2\/posts"}],"about":[{"href":"https:\/\/blogs.diariosur.es\/tormentas-y-rayos\/wp-json\/wp\/v2\/types\/post"}],"author":[{"embeddable":true,"href":"https:\/\/blogs.diariosur.es\/tormentas-y-rayos\/wp-json\/wp\/v2\/users\/16"}],"replies":[{"embeddable":true,"href":"https:\/\/blogs.diariosur.es\/tormentas-y-rayos\/wp-json\/wp\/v2\/comments?post=47977"}],"version-history":[{"count":1,"href":"https:\/\/blogs.diariosur.es\/tormentas-y-rayos\/wp-json\/wp\/v2\/posts\/47977\/revisions"}],"predecessor-version":[{"id":47986,"href":"https:\/\/blogs.diariosur.es\/tormentas-y-rayos\/wp-json\/wp\/v2\/posts\/47977\/revisions\/47986"}],"wp:featuredmedia":[{"embeddable":true,"href":"https:\/\/blogs.diariosur.es\/tormentas-y-rayos\/wp-json\/wp\/v2\/media\/47981"}],"wp:attachment":[{"href":"https:\/\/blogs.diariosur.es\/tormentas-y-rayos\/wp-json\/wp\/v2\/media?parent=47977"}],"wp:term":[{"taxonomy":"category","embeddable":true,"href":"https:\/\/blogs.diariosur.es\/tormentas-y-rayos\/wp-json\/wp\/v2\/categories?post=47977"},{"taxonomy":"post_tag","embeddable":true,"href":"https:\/\/blogs.diariosur.es\/tormentas-y-rayos\/wp-json\/wp\/v2\/tags?post=47977"}],"curies":[{"name":"wp","href":"https:\/\/api.w.org\/{rel}","templated":true}]}}