{"id":47987,"date":"2025-11-29T07:54:38","date_gmt":"2025-11-29T06:54:38","guid":{"rendered":"https:\/\/blogs.diariosur.es\/tormentas-y-rayos\/?p=47987"},"modified":"2025-11-29T07:55:14","modified_gmt":"2025-11-29T06:55:14","slug":"la-patronal-anticiclonica-llega-a-un-acuerdo-con-las-borrascas-para-desconvocar-la-huelga","status":"publish","type":"post","link":"https:\/\/blogs.diariosur.es\/tormentas-y-rayos\/2025\/11\/29\/la-patronal-anticiclonica-llega-a-un-acuerdo-con-las-borrascas-para-desconvocar-la-huelga\/","title":{"rendered":"La patronal anticicl\u00f3nica llega a un acuerdo con las borrascas para desconvocar la huelga"},"content":{"rendered":"<p data-pm-slice=\"1 1 []\"><a href=\"https:\/\/static-blogs.diariosur.es\/wp-content\/uploads\/sites\/12\/2025\/10\/444912498_10228884468795449_97962860407814916_n-e1763121197919.jpg\"><img loading=\"lazy\" class=\"aligncenter size-thumbnail wp-image-46969\" src=\"https:\/\/static-blogs.diariosur.es\/wp-content\/uploads\/sites\/12\/2025\/10\/444912498_10228884468795449_97962860407814916_n-150x150.jpg\" alt=\"\" width=\"150\" height=\"150\" \/><\/a><\/p>\n<p data-pm-slice=\"1 1 []\">Buenos d\u00edas, amigos de la meteo. Cuando son las siete de la ma\u00f1ana en M\u00e1laga capital, la estaci\u00f3n de la Aemet del Aeropuerto registra 6,2 \u00b0C, los cielos est\u00e1n poco nubosos y el viento sopla flojo de direcci\u00f3n variable en mi zona.<\/p>\n<h3 data-pm-slice=\"1 1 []\"><span style=\"color: #ff0000;\"><strong>La patronal anticicl\u00f3nica llega a un acuerdo con las borrascas para desconvocar la huelga<\/strong><\/span><\/h3>\n<p>El humor es muy sano.<\/p>\n<p data-pm-slice=\"1 1 []\">Esperemos que la patronal anticicl\u00f3nica cumpla los acuerdos y podamos tener precipitaciones en diciembre. Una de las primeras exigencias es para ma\u00f1ana domingo, \u00faltimo d\u00eda del oto\u00f1o meteorol\u00f3gico: el frente que cruzar\u00e1 la provincia malague\u00f1a dejar\u00e1 algunos litros m\u00e1s de los que se esperaban, sobre todo por el interior m\u00e1s occidental, as\u00ed como tambi\u00e9n en otras provincias. Hace 24 horas apenas se esperaba nada del frente en la provincia de M\u00e1laga; lo que no se ha conseguido es que llueva en todos los portales. Lo siento, pero las negociaciones est\u00e1n siendo muy duras.<\/p>\n<p data-pm-slice=\"1 1 []\">A partir del lunes 1 de diciembre ir\u00e9 dando la predicci\u00f3n de la primera semana de diciembre; esperemos que la patronal anticicl\u00f3nica cumpla con los acuerdos.<\/p>\n<p>Os dejo con esta bonita foto de mi amigo Crist\u00f3bal Gambero en Mijas Pueblo.<\/p>\n<p>&nbsp;<\/p>\n<p><a href=\"https:\/\/static-blogs.diariosur.es\/wp-content\/uploads\/sites\/12\/2025\/11\/583209411_10237256067675559_716938536450721862_n.jpg\"><img loading=\"lazy\" class=\"aligncenter size-full wp-image-47993\" src=\"https:\/\/static-blogs.diariosur.es\/wp-content\/uploads\/sites\/12\/2025\/11\/583209411_10237256067675559_716938536450721862_n.jpg\" alt=\"\" width=\"1170\" height=\"729\" srcset=\"https:\/\/static-blogs.diariosur.es\/wp-content\/uploads\/sites\/12\/2025\/11\/583209411_10237256067675559_716938536450721862_n.jpg 1170w, https:\/\/static-blogs.diariosur.es\/wp-content\/uploads\/sites\/12\/2025\/11\/583209411_10237256067675559_716938536450721862_n-640x400.jpg 640w, https:\/\/static-blogs.diariosur.es\/wp-content\/uploads\/sites\/12\/2025\/11\/583209411_10237256067675559_716938536450721862_n-655x408.jpg 655w, https:\/\/static-blogs.diariosur.es\/wp-content\/uploads\/sites\/12\/2025\/11\/583209411_10237256067675559_716938536450721862_n-768x479.jpg 768w\" sizes=\"(max-width: 1170px) 100vw, 1170px\" \/><\/a><\/p>\n","protected":false},"excerpt":{"rendered":"<p>Buenos d\u00edas, amigos de la meteo. Cuando son las siete de la ma\u00f1ana en M\u00e1laga capital, la estaci\u00f3n de la Aemet del Aeropuerto registra 6,2 \u00b0C, los cielos est\u00e1n poco nubosos y el viento sopla flojo de direcci\u00f3n variable en mi zona. La patronal anticicl\u00f3nica llega a un acuerdo con las borrascas para desconvocar la [&hellip;]<\/p>\n","protected":false},"author":16,"featured_media":47994,"comment_status":"open","ping_status":"open","sticky":false,"template":"","format":"standard","meta":[],"categories":[2],"tags":[94,151,1541,332,358,569,587,800],"_links":{"self":[{"href":"https:\/\/blogs.diariosur.es\/tormentas-y-rayos\/wp-json\/wp\/v2\/posts\/47987"}],"collection":[{"href":"https:\/\/blogs.diariosur.es\/tormentas-y-rayos\/wp-json\/wp\/v2\/posts"}],"about":[{"href":"https:\/\/blogs.diariosur.es\/tormentas-y-rayos\/wp-json\/wp\/v2\/types\/post"}],"author":[{"embeddable":true,"href":"https:\/\/blogs.diariosur.es\/tormentas-y-rayos\/wp-json\/wp\/v2\/users\/16"}],"replies":[{"embeddable":true,"href":"https:\/\/blogs.diariosur.es\/tormentas-y-rayos\/wp-json\/wp\/v2\/comments?post=47987"}],"version-history":[{"count":6,"href":"https:\/\/blogs.diariosur.es\/tormentas-y-rayos\/wp-json\/wp\/v2\/posts\/47987\/revisions"}],"predecessor-version":[{"id":47996,"href":"https:\/\/blogs.diariosur.es\/tormentas-y-rayos\/wp-json\/wp\/v2\/posts\/47987\/revisions\/47996"}],"wp:featuredmedia":[{"embeddable":true,"href":"https:\/\/blogs.diariosur.es\/tormentas-y-rayos\/wp-json\/wp\/v2\/media\/47994"}],"wp:attachment":[{"href":"https:\/\/blogs.diariosur.es\/tormentas-y-rayos\/wp-json\/wp\/v2\/media?parent=47987"}],"wp:term":[{"taxonomy":"category","embeddable":true,"href":"https:\/\/blogs.diariosur.es\/tormentas-y-rayos\/wp-json\/wp\/v2\/categories?post=47987"},{"taxonomy":"post_tag","embeddable":true,"href":"https:\/\/blogs.diariosur.es\/tormentas-y-rayos\/wp-json\/wp\/v2\/tags?post=47987"}],"curies":[{"name":"wp","href":"https:\/\/api.w.org\/{rel}","templated":true}]}}