{"id":47997,"date":"2025-12-01T07:55:25","date_gmt":"2025-12-01T06:55:25","guid":{"rendered":"https:\/\/blogs.diariosur.es\/tormentas-y-rayos\/?p=47997"},"modified":"2025-12-01T07:56:24","modified_gmt":"2025-12-01T06:56:24","slug":"como-ha-sido-noviembre-en-temperaturas-y-precipitacion-en-malaga-capital-prediccion-del-tiempo-martes-y-miercoles","status":"publish","type":"post","link":"https:\/\/blogs.diariosur.es\/tormentas-y-rayos\/2025\/12\/01\/como-ha-sido-noviembre-en-temperaturas-y-precipitacion-en-malaga-capital-prediccion-del-tiempo-martes-y-miercoles\/","title":{"rendered":"\u00bfC\u00f3mo ha sido noviembre en temperaturas y precipitaci\u00f3n en M\u00e1laga capital? Predicci\u00f3n del tiempo martes y mi\u00e9rcoles"},"content":{"rendered":"<p data-pm-slice=\"1 1 []\"><a href=\"https:\/\/static-blogs.diariosur.es\/wp-content\/uploads\/sites\/12\/2025\/10\/444912498_10228884468795449_97962860407814916_n-e1763121197919.jpg\"><img loading=\"lazy\" class=\"aligncenter size-thumbnail wp-image-46969\" src=\"https:\/\/static-blogs.diariosur.es\/wp-content\/uploads\/sites\/12\/2025\/10\/444912498_10228884468795449_97962860407814916_n-150x150.jpg\" alt=\"\" width=\"150\" height=\"150\" \/><\/a><\/p>\n<p data-pm-slice=\"1 1 []\">Buenos d\u00edas, amigos de la meteo. Cuando son las siete de la ma\u00f1ana en M\u00e1laga capital, la estaci\u00f3n de la Aemet del Aeropuerto registra 11,6 \u00b0C, los cielos est\u00e1n muy nubosos en la costa malague\u00f1a y el viento sopla flojo de direcci\u00f3n variable. Han ca\u00eddo algunas gotillas por el litoral; en estos momentos lo hace en mi zona, Avda. Ortega y Gasset.<\/p>\n<h3><span style=\"color: #ff0000;\"><strong>\u00bfC\u00f3mo ha sido noviembre en temperaturas y precipitaci\u00f3n en M\u00e1laga capital?<\/strong><\/span><\/h3>\n<p>La estaci\u00f3n de la Aemet que se coge como oficial es M\u00e1laga Aeropuerto; tiene datos desde el a\u00f1o 1942.<\/p>\n<p>La temperatura media en M\u00e1laga Aeropuerto ha sido de 16,3\u00b0C, cuatro d\u00e9cimas por encima de la media; se considera normal. Acordaros de que el a\u00f1o pasado la temperatura media fue de 18,1 \u00b0C, fue un noviembre extremadamente c\u00e1lido.<\/p>\n<p>La temperatura media de las m\u00ednimas ha sido de 11,5 \u00b0C; ha estado dentro de la media.<\/p>\n<p>La temperatura media de las m\u00e1ximas ha sido de 21,1, unas d\u00e9cimas por encima de la media.<\/p>\n<p>La temperatura m\u00e1xima m\u00e1s alta se registr\u00f3 el d\u00eda 1 con 26 \u00b0C.<\/p>\n<p>La temperatura m\u00ednima m\u00e1s baja se registr\u00f3 el d\u00eda 29 con 5,9 \u00b0C.<\/p>\n<p data-pm-slice=\"1 1 []\">Aunque el mes de noviembre ha estado dentro de la media, el oto\u00f1o de 2025 pasar\u00e1 como muy c\u00e1lido en M\u00e1laga capital.<\/p>\n<p>En cuanto a las precipitaciones, el acumulado del mes ha sido de <strong>64,1 mm.<\/strong> El d\u00eda que m\u00e1s litros se recogieron fue el 14 con 20,3 mm.<\/p>\n<h3><span style=\"color: #0000ff;\"><strong>Predicci\u00f3n del tiempo martes y mi\u00e9rcoles<\/strong><\/span><\/h3>\n<p><strong>Martes 2 de diciembre<\/strong><\/p>\n<p data-pm-slice=\"1 1 []\">Ma\u00f1ana martes, a partir de primeras horas de la tarde, llegar\u00e1 a la provincia malague\u00f1a un frente fr\u00edo no muy activo; dejar\u00e1 chubascos d\u00e9biles por el interior de la provincia, no se mojar\u00e1n todos los portales. El viento soplar\u00e1 moderado de terral de invierno y poniente en la costa y zonas monta\u00f1osas.<\/p>\n<p data-pm-slice=\"1 1 []\"><strong>Mi\u00e9rcoles 3 de diciembre<\/strong><\/p>\n<p data-pm-slice=\"1 1 []\">Durante la madrugada y primeras horas de la ma\u00f1ana nos visitar\u00e1 otro frente fr\u00edo; este frente puede ser un poco m\u00e1s activo y mojar m\u00e1s portales, incluso los de M\u00e1laga capital. Tampoco esper\u00e9is mucho.<\/p>\n<p>En zonas de monta\u00f1a a partir de 1500 o 1600 metros, estas precipitaciones pueden ser nieve.<\/p>\n<p>El viento de terral de invierno y el poniente tomar\u00e1n protagonismo con rachas fuertes.<\/p>\n<p>&nbsp;<\/p>\n<p>&nbsp;<\/p>\n<p>&nbsp;<\/p>\n<p>&nbsp;<\/p>\n","protected":false},"excerpt":{"rendered":"<p>Buenos d\u00edas, amigos de la meteo. Cuando son las siete de la ma\u00f1ana en M\u00e1laga capital, la estaci\u00f3n de la Aemet del Aeropuerto registra 11,6 \u00b0C, los cielos est\u00e1n muy nubosos en la costa malague\u00f1a y el viento sopla flojo de direcci\u00f3n variable. Han ca\u00eddo algunas gotillas por el litoral; en estos momentos lo hace [&hellip;]<\/p>\n","protected":false},"author":16,"featured_media":48007,"comment_status":"open","ping_status":"open","sticky":false,"template":"","format":"standard","meta":[],"categories":[2],"tags":[358,517,569,587,645,800],"_links":{"self":[{"href":"https:\/\/blogs.diariosur.es\/tormentas-y-rayos\/wp-json\/wp\/v2\/posts\/47997"}],"collection":[{"href":"https:\/\/blogs.diariosur.es\/tormentas-y-rayos\/wp-json\/wp\/v2\/posts"}],"about":[{"href":"https:\/\/blogs.diariosur.es\/tormentas-y-rayos\/wp-json\/wp\/v2\/types\/post"}],"author":[{"embeddable":true,"href":"https:\/\/blogs.diariosur.es\/tormentas-y-rayos\/wp-json\/wp\/v2\/users\/16"}],"replies":[{"embeddable":true,"href":"https:\/\/blogs.diariosur.es\/tormentas-y-rayos\/wp-json\/wp\/v2\/comments?post=47997"}],"version-history":[{"count":11,"href":"https:\/\/blogs.diariosur.es\/tormentas-y-rayos\/wp-json\/wp\/v2\/posts\/47997\/revisions"}],"predecessor-version":[{"id":48009,"href":"https:\/\/blogs.diariosur.es\/tormentas-y-rayos\/wp-json\/wp\/v2\/posts\/47997\/revisions\/48009"}],"wp:featuredmedia":[{"embeddable":true,"href":"https:\/\/blogs.diariosur.es\/tormentas-y-rayos\/wp-json\/wp\/v2\/media\/48007"}],"wp:attachment":[{"href":"https:\/\/blogs.diariosur.es\/tormentas-y-rayos\/wp-json\/wp\/v2\/media?parent=47997"}],"wp:term":[{"taxonomy":"category","embeddable":true,"href":"https:\/\/blogs.diariosur.es\/tormentas-y-rayos\/wp-json\/wp\/v2\/categories?post=47997"},{"taxonomy":"post_tag","embeddable":true,"href":"https:\/\/blogs.diariosur.es\/tormentas-y-rayos\/wp-json\/wp\/v2\/tags?post=47997"}],"curies":[{"name":"wp","href":"https:\/\/api.w.org\/{rel}","templated":true}]}}