{"id":48010,"date":"2025-12-02T07:45:01","date_gmt":"2025-12-02T06:45:01","guid":{"rendered":"https:\/\/blogs.diariosur.es\/tormentas-y-rayos\/?p=48010"},"modified":"2025-12-02T07:45:01","modified_gmt":"2025-12-02T06:45:01","slug":"el-tiempo-en-la-provincia-de-malaga-manana-miercoles-tendremos-tres-protagonistas-el-jueves-aviso-amarillo","status":"publish","type":"post","link":"https:\/\/blogs.diariosur.es\/tormentas-y-rayos\/2025\/12\/02\/el-tiempo-en-la-provincia-de-malaga-manana-miercoles-tendremos-tres-protagonistas-el-jueves-aviso-amarillo\/","title":{"rendered":"El tiempo en la provincia de M\u00e1laga. Ma\u00f1ana mi\u00e9rcoles tendremos tres protagonistas. El jueves aviso amarillo"},"content":{"rendered":"<p data-pm-slice=\"1 1 []\"><a href=\"https:\/\/static-blogs.diariosur.es\/wp-content\/uploads\/sites\/12\/2025\/10\/444912498_10228884468795449_97962860407814916_n-e1763121197919.jpg\"><img loading=\"lazy\" class=\"aligncenter size-thumbnail wp-image-46969\" src=\"https:\/\/static-blogs.diariosur.es\/wp-content\/uploads\/sites\/12\/2025\/10\/444912498_10228884468795449_97962860407814916_n-150x150.jpg\" alt=\"\" width=\"150\" height=\"150\" \/><\/a><\/p>\n<p data-pm-slice=\"1 1 []\">Muy buenos d\u00edas, amigos de la meteo. Cuando son las siete de la ma\u00f1ana en M\u00e1laga capital, la estaci\u00f3n de la Aemet del Aeropuerto registra 7,6 \u00baC, los cielos est\u00e1n poco nubosos y el viento sopla flojo de terral de invierno y poniente. Hoy martes nos cruzar\u00e1 un frente muy poco activo que dejar\u00e1 algunos chubascos por el interior de la provincia; son menos probables en zonas de costa.<\/p>\n<h3 data-pm-slice=\"1 1 []\"><span style=\"color: #0000ff;\"><strong>Ma\u00f1ana mi\u00e9rcoles tendremos tres protagonistas<\/strong><\/span><\/h3>\n<p data-pm-slice=\"1 1 []\">Durante la madrugada y primeras horas de la ma\u00f1ana nos visitar\u00e1 otro frente fr\u00edo, pero m\u00e1s activo que el de hoy, que dejar\u00e1 precipitaciones en m\u00e1s puntos de la provincia, sin descartarlas en algunos puntos de la costa. Hay probabilidad de que la Sierra de las Nieves y sobre todo Sierra Tejeda tengan nevadas a partir de 1500 metros; este ser\u00eda el primer protagonista.<\/p>\n<p>El segundo protagonista ser\u00e1 la bajada de las temperaturas m\u00e1ximas en toda la provincia malague\u00f1a. Os pongo las temperaturas m\u00e1ximas que se esperan ma\u00f1ana.<\/p>\n<p>Fuente Aemet<\/p>\n<p>&nbsp;<\/p>\n<p><a href=\"https:\/\/static-blogs.diariosur.es\/wp-content\/uploads\/sites\/12\/2025\/12\/Captura-de-pantalla-2025-12-02-072414.jpg\"><img loading=\"lazy\" class=\"aligncenter size-full wp-image-48011\" src=\"https:\/\/static-blogs.diariosur.es\/wp-content\/uploads\/sites\/12\/2025\/12\/Captura-de-pantalla-2025-12-02-072414.jpg\" alt=\"\" width=\"1037\" height=\"822\" srcset=\"https:\/\/static-blogs.diariosur.es\/wp-content\/uploads\/sites\/12\/2025\/12\/Captura-de-pantalla-2025-12-02-072414.jpg 1037w, https:\/\/static-blogs.diariosur.es\/wp-content\/uploads\/sites\/12\/2025\/12\/Captura-de-pantalla-2025-12-02-072414-505x400.jpg 505w, https:\/\/static-blogs.diariosur.es\/wp-content\/uploads\/sites\/12\/2025\/12\/Captura-de-pantalla-2025-12-02-072414-515x408.jpg 515w, https:\/\/static-blogs.diariosur.es\/wp-content\/uploads\/sites\/12\/2025\/12\/Captura-de-pantalla-2025-12-02-072414-768x609.jpg 768w\" sizes=\"(max-width: 1037px) 100vw, 1037px\" \/><\/a><\/p>\n<p>&nbsp;<\/p>\n<p data-pm-slice=\"1 1 []\">Y el tercer protagonista, y c\u00f3mo no podr\u00eda faltar, ser\u00e1 el terral de invierno y el poniente; se esperan rachas fuertes. El viento har\u00e1 que la sensaci\u00f3n t\u00e9rmica de fr\u00edo sea mayor.<\/p>\n<p data-pm-slice=\"1 1 []\">El jueves la Aemet activa el aviso amarillo por fen\u00f3menos costeros a partir de las 18:00 horas: viento del oeste de 50 a 60 km\/h (fuerza 7) con olas de 2 a 3 m.<\/p>\n<p data-pm-slice=\"1 1 []\">\n<p data-pm-slice=\"1 1 []\"><a href=\"https:\/\/static-blogs.diariosur.es\/wp-content\/uploads\/sites\/12\/2025\/12\/Captura-de-pantalla-2025-12-02-073959.jpg\"><img loading=\"lazy\" class=\"aligncenter size-full wp-image-48012\" src=\"https:\/\/static-blogs.diariosur.es\/wp-content\/uploads\/sites\/12\/2025\/12\/Captura-de-pantalla-2025-12-02-073959.jpg\" alt=\"\" width=\"1053\" height=\"819\" srcset=\"https:\/\/static-blogs.diariosur.es\/wp-content\/uploads\/sites\/12\/2025\/12\/Captura-de-pantalla-2025-12-02-073959.jpg 1053w, https:\/\/static-blogs.diariosur.es\/wp-content\/uploads\/sites\/12\/2025\/12\/Captura-de-pantalla-2025-12-02-073959-514x400.jpg 514w, https:\/\/static-blogs.diariosur.es\/wp-content\/uploads\/sites\/12\/2025\/12\/Captura-de-pantalla-2025-12-02-073959-525x408.jpg 525w, https:\/\/static-blogs.diariosur.es\/wp-content\/uploads\/sites\/12\/2025\/12\/Captura-de-pantalla-2025-12-02-073959-768x597.jpg 768w\" sizes=\"(max-width: 1053px) 100vw, 1053px\" \/><\/a><\/p>\n<p data-pm-slice=\"1 1 []\">\n<p data-pm-slice=\"1 1 []\">Os dejo con esta bonita foto de mi amigo Crist\u00f3bal Gambero en Mijas Pueblo. En esta zona las rachas de viento tambi\u00e9n ser\u00e1n fuertes.<\/p>\n<p data-pm-slice=\"1 1 []\">\n<p data-pm-slice=\"1 1 []\"><a href=\"https:\/\/static-blogs.diariosur.es\/wp-content\/uploads\/sites\/12\/2025\/12\/569365230_24761382103484117_6312697157805878427_n-e1764657887793.jpg\"><img loading=\"lazy\" class=\"aligncenter size-full wp-image-48013\" src=\"https:\/\/static-blogs.diariosur.es\/wp-content\/uploads\/sites\/12\/2025\/12\/569365230_24761382103484117_6312697157805878427_n-e1764657887793.jpg\" alt=\"\" width=\"1000\" height=\"750\" \/><\/a><\/p>\n","protected":false},"excerpt":{"rendered":"<p>Muy buenos d\u00edas, amigos de la meteo. Cuando son las siete de la ma\u00f1ana en M\u00e1laga capital, la estaci\u00f3n de la Aemet del Aeropuerto registra 7,6 \u00baC, los cielos est\u00e1n poco nubosos y el viento sopla flojo de terral de invierno y poniente. Hoy martes nos cruzar\u00e1 un frente muy poco activo que dejar\u00e1 algunos [&hellip;]<\/p>\n","protected":false},"author":16,"featured_media":48013,"comment_status":"open","ping_status":"open","sticky":false,"template":"","format":"standard","meta":[],"categories":[2],"tags":[94,151,358,440,587,800,840,975,1059],"_links":{"self":[{"href":"https:\/\/blogs.diariosur.es\/tormentas-y-rayos\/wp-json\/wp\/v2\/posts\/48010"}],"collection":[{"href":"https:\/\/blogs.diariosur.es\/tormentas-y-rayos\/wp-json\/wp\/v2\/posts"}],"about":[{"href":"https:\/\/blogs.diariosur.es\/tormentas-y-rayos\/wp-json\/wp\/v2\/types\/post"}],"author":[{"embeddable":true,"href":"https:\/\/blogs.diariosur.es\/tormentas-y-rayos\/wp-json\/wp\/v2\/users\/16"}],"replies":[{"embeddable":true,"href":"https:\/\/blogs.diariosur.es\/tormentas-y-rayos\/wp-json\/wp\/v2\/comments?post=48010"}],"version-history":[{"count":1,"href":"https:\/\/blogs.diariosur.es\/tormentas-y-rayos\/wp-json\/wp\/v2\/posts\/48010\/revisions"}],"predecessor-version":[{"id":48014,"href":"https:\/\/blogs.diariosur.es\/tormentas-y-rayos\/wp-json\/wp\/v2\/posts\/48010\/revisions\/48014"}],"wp:featuredmedia":[{"embeddable":true,"href":"https:\/\/blogs.diariosur.es\/tormentas-y-rayos\/wp-json\/wp\/v2\/media\/48013"}],"wp:attachment":[{"href":"https:\/\/blogs.diariosur.es\/tormentas-y-rayos\/wp-json\/wp\/v2\/media?parent=48010"}],"wp:term":[{"taxonomy":"category","embeddable":true,"href":"https:\/\/blogs.diariosur.es\/tormentas-y-rayos\/wp-json\/wp\/v2\/categories?post=48010"},{"taxonomy":"post_tag","embeddable":true,"href":"https:\/\/blogs.diariosur.es\/tormentas-y-rayos\/wp-json\/wp\/v2\/tags?post=48010"}],"curies":[{"name":"wp","href":"https:\/\/api.w.org\/{rel}","templated":true}]}}