{"id":48015,"date":"2025-12-03T08:05:11","date_gmt":"2025-12-03T07:05:11","guid":{"rendered":"https:\/\/blogs.diariosur.es\/tormentas-y-rayos\/?p=48015"},"modified":"2025-12-03T08:05:11","modified_gmt":"2025-12-03T07:05:11","slug":"tan-dificil-es-dar-los-buenos-dias-si-seguidor-se-han-mojado-todos-los-portales-de-malaga-esta-pasada-madrugada-aunque-veas-el-suelo-seco","status":"publish","type":"post","link":"https:\/\/blogs.diariosur.es\/tormentas-y-rayos\/2025\/12\/03\/tan-dificil-es-dar-los-buenos-dias-si-seguidor-se-han-mojado-todos-los-portales-de-malaga-esta-pasada-madrugada-aunque-veas-el-suelo-seco\/","title":{"rendered":"Tan dif\u00edcil es dar los buenos d\u00edas. S\u00ed, seguidor, se han mojado todos los portales de M\u00e1laga esta pasada madrugada, aunque veas el suelo seco"},"content":{"rendered":"<p data-pm-slice=\"1 1 []\"><a href=\"https:\/\/static-blogs.diariosur.es\/wp-content\/uploads\/sites\/12\/2025\/10\/444912498_10228884468795449_97962860407814916_n-e1763121197919.jpg\"><img loading=\"lazy\" class=\"aligncenter size-thumbnail wp-image-46969\" src=\"https:\/\/static-blogs.diariosur.es\/wp-content\/uploads\/sites\/12\/2025\/10\/444912498_10228884468795449_97962860407814916_n-150x150.jpg\" alt=\"\" width=\"150\" height=\"150\" \/><\/a><\/p>\n<p data-pm-slice=\"1 1 []\">Buenos d\u00edas, amigos de la meteo. Cuando son las siete y media de la ma\u00f1ana en M\u00e1laga capital, la estaci\u00f3n de la Aemet del aeropuerto registra 9,8 \u00baC, pero debido a las rachas fuertes de viento, la sensaci\u00f3n t\u00e9rmica es de 4 \u00baC. Los cielos est\u00e1n ya poco nubosos al pasar el frente muy r\u00e1pidamente; la m\u00e1xima prevista en la capital es de 16 \u00baC; a \u00faltima hora de la noche las rachas fuertes de viento tender\u00e1n a disminuir.<\/p>\n<h3 data-pm-slice=\"1 1 []\"><span style=\"color: #0000ff;\">Tan dif\u00edcil es dar los buenos d\u00edas. S\u00ed, seguidor, se han mojado todos los portales de M\u00e1laga esta pasada madrugada, aunque veas el suelo seco<\/span><\/h3>\n<p data-pm-slice=\"1 1 []\">Hace un rato desayunando, la primera discusi\u00f3n &#8220;sana&#8221; con uno que me sigue en el blog. Se dirige a m\u00ed y, sin <strong>dar los buenos d\u00edas<\/strong>, me dice: &#8220;Hace viento y fr\u00edo, pero no ha llovido como comentaba ayer en el blog; se ha equivocado&#8221;. Con lo tranquilo que me gusta a m\u00ed desayunar y saborear un buen caf\u00e9. Como tengo educaci\u00f3n y me ha pillado de buenas, le ha dado las explicaciones pertinentes.<\/p>\n<p>Lo primero, le he dado los buenos d\u00edas; luego le he comentado que, debido al viento, el suelo se ha secado muy pronto y que ha llovido en M\u00e1laga capital y toda la provincia, en algunos puntos entre 3 mm y\u00a06,5 mm y en otros entre 0,8 y 2 mm.<\/p>\n<p>Le he tenido que ense\u00f1ar los registros del Aeropuerto con 2 mm, Centro Meteorol\u00f3gico con 3 mm, el Puerto con 2,1 mm y mi estaci\u00f3n en Avda. Ortega y Gasset con 2,2 mm. En Meteoclimatic todas las estaciones de la provincia han registrado precipitaci\u00f3n; tambi\u00e9n puedes ver registros en Wunderground y Red Hidrosur. <strong>Al final me he tomado el caf\u00e9 fr\u00edo.<\/strong><\/p>\n<p>No s\u00e9 c\u00f3mo te llamas, seguidor del blog, pero \u00bftan dif\u00edcil es dar los buenos d\u00edas? no te perdono lo del caf\u00e9.<\/p>\n<p>Hasta ma\u00f1ana.<\/p>\n<p>&nbsp;<\/p>\n<p><a href=\"https:\/\/static-blogs.diariosur.es\/wp-content\/uploads\/sites\/12\/2025\/12\/503727932_10233012619756643_1498721982757911064_n-e1764744475233.jpg\"><img loading=\"lazy\" class=\"aligncenter size-full wp-image-48019\" src=\"https:\/\/static-blogs.diariosur.es\/wp-content\/uploads\/sites\/12\/2025\/12\/503727932_10233012619756643_1498721982757911064_n-e1764744475233.jpg\" alt=\"\" width=\"1000\" height=\"750\" \/><\/a><\/p>\n<p>&nbsp;<\/p>\n","protected":false},"excerpt":{"rendered":"<p>Buenos d\u00edas, amigos de la meteo. Cuando son las siete y media de la ma\u00f1ana en M\u00e1laga capital, la estaci\u00f3n de la Aemet del aeropuerto registra 9,8 \u00baC, pero debido a las rachas fuertes de viento, la sensaci\u00f3n t\u00e9rmica es de 4 \u00baC. Los cielos est\u00e1n ya poco nubosos al pasar el frente muy r\u00e1pidamente; [&hellip;]<\/p>\n","protected":false},"author":16,"featured_media":48019,"comment_status":"open","ping_status":"open","sticky":false,"template":"","format":"standard","meta":[],"categories":[2],"tags":[94,151,358,517,587,791,800,975],"_links":{"self":[{"href":"https:\/\/blogs.diariosur.es\/tormentas-y-rayos\/wp-json\/wp\/v2\/posts\/48015"}],"collection":[{"href":"https:\/\/blogs.diariosur.es\/tormentas-y-rayos\/wp-json\/wp\/v2\/posts"}],"about":[{"href":"https:\/\/blogs.diariosur.es\/tormentas-y-rayos\/wp-json\/wp\/v2\/types\/post"}],"author":[{"embeddable":true,"href":"https:\/\/blogs.diariosur.es\/tormentas-y-rayos\/wp-json\/wp\/v2\/users\/16"}],"replies":[{"embeddable":true,"href":"https:\/\/blogs.diariosur.es\/tormentas-y-rayos\/wp-json\/wp\/v2\/comments?post=48015"}],"version-history":[{"count":3,"href":"https:\/\/blogs.diariosur.es\/tormentas-y-rayos\/wp-json\/wp\/v2\/posts\/48015\/revisions"}],"predecessor-version":[{"id":48020,"href":"https:\/\/blogs.diariosur.es\/tormentas-y-rayos\/wp-json\/wp\/v2\/posts\/48015\/revisions\/48020"}],"wp:featuredmedia":[{"embeddable":true,"href":"https:\/\/blogs.diariosur.es\/tormentas-y-rayos\/wp-json\/wp\/v2\/media\/48019"}],"wp:attachment":[{"href":"https:\/\/blogs.diariosur.es\/tormentas-y-rayos\/wp-json\/wp\/v2\/media?parent=48015"}],"wp:term":[{"taxonomy":"category","embeddable":true,"href":"https:\/\/blogs.diariosur.es\/tormentas-y-rayos\/wp-json\/wp\/v2\/categories?post=48015"},{"taxonomy":"post_tag","embeddable":true,"href":"https:\/\/blogs.diariosur.es\/tormentas-y-rayos\/wp-json\/wp\/v2\/tags?post=48015"}],"curies":[{"name":"wp","href":"https:\/\/api.w.org\/{rel}","templated":true}]}}