{"id":48025,"date":"2025-12-05T08:00:34","date_gmt":"2025-12-05T07:00:34","guid":{"rendered":"https:\/\/blogs.diariosur.es\/tormentas-y-rayos\/?p=48025"},"modified":"2025-12-05T08:06:01","modified_gmt":"2025-12-05T07:06:01","slug":"este-puente-toca-tomar-vitamina-d","status":"publish","type":"post","link":"https:\/\/blogs.diariosur.es\/tormentas-y-rayos\/2025\/12\/05\/este-puente-toca-tomar-vitamina-d\/","title":{"rendered":"Este puente toca tomar vitamina D, pero leer el prospecto"},"content":{"rendered":"<p><a href=\"https:\/\/static-blogs.diariosur.es\/wp-content\/uploads\/sites\/12\/2025\/06\/130738248_10221381944997043_6257362087676436516_n.jpg\"><img loading=\"lazy\" class=\"aligncenter wp-image-44989 size-thumbnail\" src=\"https:\/\/static-blogs.diariosur.es\/wp-content\/uploads\/sites\/12\/2025\/06\/130738248_10221381944997043_6257362087676436516_n-150x150.jpg\" alt=\"\" width=\"150\" height=\"150\" srcset=\"https:\/\/static-blogs.diariosur.es\/wp-content\/uploads\/sites\/12\/2025\/06\/130738248_10221381944997043_6257362087676436516_n-150x150.jpg 150w, https:\/\/static-blogs.diariosur.es\/wp-content\/uploads\/sites\/12\/2025\/06\/130738248_10221381944997043_6257362087676436516_n-400x400.jpg 400w, https:\/\/static-blogs.diariosur.es\/wp-content\/uploads\/sites\/12\/2025\/06\/130738248_10221381944997043_6257362087676436516_n-408x408.jpg 408w, https:\/\/static-blogs.diariosur.es\/wp-content\/uploads\/sites\/12\/2025\/06\/130738248_10221381944997043_6257362087676436516_n.jpg 768w\" sizes=\"(max-width: 150px) 100vw, 150px\" \/><\/a><\/p>\n<p data-pm-slice=\"1 1 []\">Muy buenos d\u00edas, amigos de la meteo. Cuando son las siete de la ma\u00f1ana en M\u00e1laga capital, mi estaci\u00f3n registra 13,6 \u00b0C, los cielos est\u00e1n nubosos y sopla viento moderado de terral de invierno en mi zona. Hoy viernes nos cruzar\u00e1 un frente que dejar\u00e1 precipitaciones por el interior de la provincia, menos probables en la costa. Ayer la temperatura m\u00e1xima en M\u00e1laga capital se registr\u00f3 en el Centro Meteorol\u00f3gico con 19,2 \u00b0C; destacar Rinc\u00f3n de la Victoria con 21,1 \u00b0C.<\/p>\n<h3><strong>Este puente toca tomar vitamina D<\/strong><\/h3>\n<p>Despu\u00e9s de una semana con muchas nubes, pero que no han dejado mucha precipitaci\u00f3n, este puente toca tomar el sol, la mejor vitamina D que tenemos en M\u00e1laga, siempre y cuando no se tome en exceso en la playa o en el campo, lo dice en el prospecto.<\/p>\n<p>Este puente e incluso el pr\u00f3ximo martes tendremos anomal\u00edas positivas de temperatura a 850 hPa (1500 metros).<\/p>\n<p>Fijaros en este mapa de an\u00f3malas positivas previsto para el lunes. Fuente meteociel, europeo<\/p>\n<p>&nbsp;<\/p>\n<p><a href=\"https:\/\/static-blogs.diariosur.es\/wp-content\/uploads\/sites\/12\/2025\/12\/Captura-de-pantalla-2025-12-05-072107.jpg\"><img loading=\"lazy\" class=\"aligncenter size-full wp-image-48038\" src=\"https:\/\/static-blogs.diariosur.es\/wp-content\/uploads\/sites\/12\/2025\/12\/Captura-de-pantalla-2025-12-05-072107.jpg\" alt=\"\" width=\"1145\" height=\"1161\" srcset=\"https:\/\/static-blogs.diariosur.es\/wp-content\/uploads\/sites\/12\/2025\/12\/Captura-de-pantalla-2025-12-05-072107.jpg 1145w, https:\/\/static-blogs.diariosur.es\/wp-content\/uploads\/sites\/12\/2025\/12\/Captura-de-pantalla-2025-12-05-072107-394x400.jpg 394w, https:\/\/static-blogs.diariosur.es\/wp-content\/uploads\/sites\/12\/2025\/12\/Captura-de-pantalla-2025-12-05-072107-402x408.jpg 402w, https:\/\/static-blogs.diariosur.es\/wp-content\/uploads\/sites\/12\/2025\/12\/Captura-de-pantalla-2025-12-05-072107-768x779.jpg 768w\" sizes=\"(max-width: 1145px) 100vw, 1145px\" \/><\/a><\/p>\n<p>&nbsp;<\/p>\n<p>Os pongo las temperaturas m\u00e1ximas y m\u00ednimas que prev\u00e9 la Aemet para el puente.<\/p>\n<p>&nbsp;<\/p>\n<p><strong>S\u00e1bado<\/strong><\/p>\n<p>&nbsp;<\/p>\n<p><a href=\"https:\/\/static-blogs.diariosur.es\/wp-content\/uploads\/sites\/12\/2025\/12\/1.jpg\"><img loading=\"lazy\" class=\"aligncenter size-full wp-image-48033\" src=\"https:\/\/static-blogs.diariosur.es\/wp-content\/uploads\/sites\/12\/2025\/12\/1.jpg\" alt=\"\" width=\"1047\" height=\"822\" srcset=\"https:\/\/static-blogs.diariosur.es\/wp-content\/uploads\/sites\/12\/2025\/12\/1.jpg 1047w, https:\/\/static-blogs.diariosur.es\/wp-content\/uploads\/sites\/12\/2025\/12\/1-509x400.jpg 509w, https:\/\/static-blogs.diariosur.es\/wp-content\/uploads\/sites\/12\/2025\/12\/1-520x408.jpg 520w, https:\/\/static-blogs.diariosur.es\/wp-content\/uploads\/sites\/12\/2025\/12\/1-768x603.jpg 768w\" sizes=\"(max-width: 1047px) 100vw, 1047px\" \/><\/a><\/p>\n<p><strong>Domingo<\/strong><\/p>\n<p><a href=\"https:\/\/static-blogs.diariosur.es\/wp-content\/uploads\/sites\/12\/2025\/12\/2.jpg\"><img loading=\"lazy\" class=\"aligncenter size-full wp-image-48034\" src=\"https:\/\/static-blogs.diariosur.es\/wp-content\/uploads\/sites\/12\/2025\/12\/2.jpg\" alt=\"\" width=\"1046\" height=\"823\" srcset=\"https:\/\/static-blogs.diariosur.es\/wp-content\/uploads\/sites\/12\/2025\/12\/2.jpg 1046w, https:\/\/static-blogs.diariosur.es\/wp-content\/uploads\/sites\/12\/2025\/12\/2-508x400.jpg 508w, https:\/\/static-blogs.diariosur.es\/wp-content\/uploads\/sites\/12\/2025\/12\/2-519x408.jpg 519w, https:\/\/static-blogs.diariosur.es\/wp-content\/uploads\/sites\/12\/2025\/12\/2-768x604.jpg 768w\" sizes=\"(max-width: 1046px) 100vw, 1046px\" \/><\/a><\/p>\n<p><strong>Lunes<\/strong><\/p>\n<p><a href=\"https:\/\/static-blogs.diariosur.es\/wp-content\/uploads\/sites\/12\/2025\/12\/3.jpg\"><br \/>\n<img loading=\"lazy\" class=\"aligncenter size-full wp-image-48035\" src=\"https:\/\/static-blogs.diariosur.es\/wp-content\/uploads\/sites\/12\/2025\/12\/3.jpg\" alt=\"\" width=\"1042\" height=\"822\" srcset=\"https:\/\/static-blogs.diariosur.es\/wp-content\/uploads\/sites\/12\/2025\/12\/3.jpg 1042w, https:\/\/static-blogs.diariosur.es\/wp-content\/uploads\/sites\/12\/2025\/12\/3-507x400.jpg 507w, https:\/\/static-blogs.diariosur.es\/wp-content\/uploads\/sites\/12\/2025\/12\/3-517x408.jpg 517w, https:\/\/static-blogs.diariosur.es\/wp-content\/uploads\/sites\/12\/2025\/12\/3-768x606.jpg 768w\" sizes=\"(max-width: 1042px) 100vw, 1042px\" \/><\/a><\/p>\n<p>&nbsp;<\/p>\n<p data-pm-slice=\"1 1 []\">Os dejo con esta foto de archivo; espero que cargu\u00e9is bien las pilas, sea en la playa o en el campo.<\/p>\n<p data-pm-slice=\"1 1 []\"><a href=\"https:\/\/static-blogs.diariosur.es\/wp-content\/uploads\/sites\/12\/2025\/12\/595516358_10235518877331516_8186181349748206793_n-e1764915595508.jpg\"><img loading=\"lazy\" class=\"aligncenter size-full wp-image-48037\" src=\"https:\/\/static-blogs.diariosur.es\/wp-content\/uploads\/sites\/12\/2025\/12\/595516358_10235518877331516_8186181349748206793_n-e1764915595508.jpg\" alt=\"\" width=\"1000\" height=\"712\" \/><\/a><\/p>\n","protected":false},"excerpt":{"rendered":"<p>Muy buenos d\u00edas, amigos de la meteo. Cuando son las siete de la ma\u00f1ana en M\u00e1laga capital, mi estaci\u00f3n registra 13,6 \u00b0C, los cielos est\u00e1n nubosos y sopla viento moderado de terral de invierno en mi zona. Hoy viernes nos cruzar\u00e1 un frente que dejar\u00e1 precipitaciones por el interior de la provincia, menos probables en [&hellip;]<\/p>\n","protected":false},"author":16,"featured_media":48037,"comment_status":"open","ping_status":"open","sticky":false,"template":"","format":"standard","meta":[],"categories":[2],"tags":[100,2084,358,587,1429,924,2083],"_links":{"self":[{"href":"https:\/\/blogs.diariosur.es\/tormentas-y-rayos\/wp-json\/wp\/v2\/posts\/48025"}],"collection":[{"href":"https:\/\/blogs.diariosur.es\/tormentas-y-rayos\/wp-json\/wp\/v2\/posts"}],"about":[{"href":"https:\/\/blogs.diariosur.es\/tormentas-y-rayos\/wp-json\/wp\/v2\/types\/post"}],"author":[{"embeddable":true,"href":"https:\/\/blogs.diariosur.es\/tormentas-y-rayos\/wp-json\/wp\/v2\/users\/16"}],"replies":[{"embeddable":true,"href":"https:\/\/blogs.diariosur.es\/tormentas-y-rayos\/wp-json\/wp\/v2\/comments?post=48025"}],"version-history":[{"count":12,"href":"https:\/\/blogs.diariosur.es\/tormentas-y-rayos\/wp-json\/wp\/v2\/posts\/48025\/revisions"}],"predecessor-version":[{"id":48042,"href":"https:\/\/blogs.diariosur.es\/tormentas-y-rayos\/wp-json\/wp\/v2\/posts\/48025\/revisions\/48042"}],"wp:featuredmedia":[{"embeddable":true,"href":"https:\/\/blogs.diariosur.es\/tormentas-y-rayos\/wp-json\/wp\/v2\/media\/48037"}],"wp:attachment":[{"href":"https:\/\/blogs.diariosur.es\/tormentas-y-rayos\/wp-json\/wp\/v2\/media?parent=48025"}],"wp:term":[{"taxonomy":"category","embeddable":true,"href":"https:\/\/blogs.diariosur.es\/tormentas-y-rayos\/wp-json\/wp\/v2\/categories?post=48025"},{"taxonomy":"post_tag","embeddable":true,"href":"https:\/\/blogs.diariosur.es\/tormentas-y-rayos\/wp-json\/wp\/v2\/tags?post=48025"}],"curies":[{"name":"wp","href":"https:\/\/api.w.org\/{rel}","templated":true}]}}