{"id":48043,"date":"2025-12-05T18:34:56","date_gmt":"2025-12-05T17:34:56","guid":{"rendered":"https:\/\/blogs.diariosur.es\/tormentas-y-rayos\/?p=48043"},"modified":"2025-12-06T07:08:37","modified_gmt":"2025-12-06T06:08:37","slug":"ademas-de-mojarse-portales-en-la-provincia-malaguena-tambien-hemos-dado-la-temperatura-maxima-de-la-peninsula","status":"publish","type":"post","link":"https:\/\/blogs.diariosur.es\/tormentas-y-rayos\/2025\/12\/05\/ademas-de-mojarse-portales-en-la-provincia-malaguena-tambien-hemos-dado-la-temperatura-maxima-de-la-peninsula\/","title":{"rendered":"Adem\u00e1s de mojarse portales en la provincia malague\u00f1a, tambi\u00e9n hemos dado la temperatura m\u00e1xima de Espa\u00f1a"},"content":{"rendered":"<p data-pm-slice=\"1 1 []\"><a href=\"https:\/\/static-blogs.diariosur.es\/wp-content\/uploads\/sites\/12\/2025\/10\/444912498_10228884468795449_97962860407814916_n-e1763121197919.jpg\"><img loading=\"lazy\" class=\"aligncenter size-thumbnail wp-image-46969\" src=\"https:\/\/static-blogs.diariosur.es\/wp-content\/uploads\/sites\/12\/2025\/10\/444912498_10228884468795449_97962860407814916_n-150x150.jpg\" alt=\"\" width=\"150\" height=\"150\" \/><\/a><\/p>\n<p data-pm-slice=\"1 1 []\">Buenas tardes noches, amigos de la meteo. Muy poquito que leer. Destacar que el Rinc\u00f3n de la Victoria ha registrado la temperatura m\u00e1xima de Espa\u00f1a con 24,4 \u00b0C.<\/p>\n<p><span style=\"color: #ff0000;\"><strong>Temperaturas m\u00e1ximas hoy 5 de diciembre en la provincia de M\u00e1laga.<\/strong><\/span><\/p>\n<p>V\u00e9lez M\u00e1laga 23,3 \u00baC<\/p>\n<p>Algarrobo 22,2 \u00baC<\/p>\n<p>M\u00e1laga Aeropuerto 21,3 \u00baC<\/p>\n<p>Nerja 21,2<\/p>\n<p>\u00c1lora 21,1 \u00baC<\/p>\n<p><span style=\"color: #0000ff;\"><strong>Acumulados de precipitaci\u00f3n en la provincia de M\u00e1laga hasta las 21:00 horas.<\/strong><\/span><\/p>\n<p>Fuentes Aemet, Meteoclimatic, Wunderground, Red Hidrosur.<\/p>\n<p>R\u00edo Guadiaro Majaceite 16,7 mm<\/p>\n<p>Archidona Huertas del R\u00edo 21,3 mm<\/p>\n<p>Villanueva del Trabuco 25 mm<\/p>\n<p>Villanueva del Rosario 23,5mm<\/p>\n<p>Villanueva de Tapia 18,1 mm<\/p>\n<p>Alfarnate 18 mm<\/p>\n<p>R\u00edo Genal Jubrique 8,1 mm<\/p>\n<p>Cuevas del Becerro 14,4 mm<\/p>\n<p>El Torcal 11,3 mm<\/p>\n<p>Ca\u00f1ete La Real 8,2 mm<\/p>\n<p>Majada de las Lomas 6,6 mm<\/p>\n<p>Sierra Yeguas 6,5 mm<\/p>\n<p>Almargen 5,9 mm<\/p>\n<p>Villanueva de la Concepci\u00f3n 8,2 mm<\/p>\n<p>Colmenar\u00a0 8,2 mm<\/p>\n<p>Gauc\u00edn 8 mm<\/p>\n<p>Cortes de la frontera 10 mm<\/p>\n<p>Alpandeire 3,6 mm<\/p>\n<p>Ronda 3,6 mm<\/p>\n<p data-pm-slice=\"1 1 []\">Os dejo con este bonito arco\u00edris que hemos tenido esta tarde.<\/p>\n<p data-pm-slice=\"1 1 []\"><a href=\"https:\/\/static-blogs.diariosur.es\/wp-content\/uploads\/sites\/12\/2025\/12\/G7asEYyXwAAfaoG-scaled-e1764955982262.jpg\"><img loading=\"lazy\" class=\"aligncenter size-full wp-image-48046\" src=\"https:\/\/static-blogs.diariosur.es\/wp-content\/uploads\/sites\/12\/2025\/12\/G7asEYyXwAAfaoG-scaled-e1764955982262.jpg\" alt=\"\" width=\"1100\" height=\"825\" \/><\/a><\/p>\n<p>&nbsp;<\/p>\n","protected":false},"excerpt":{"rendered":"<p>Buenas tardes noches, amigos de la meteo. Muy poquito que leer. Destacar que el Rinc\u00f3n de la Victoria ha registrado la temperatura m\u00e1xima de Espa\u00f1a con 24,4 \u00b0C. Temperaturas m\u00e1ximas hoy 5 de diciembre en la provincia de M\u00e1laga. V\u00e9lez M\u00e1laga 23,3 \u00baC Algarrobo 22,2 \u00baC M\u00e1laga Aeropuerto 21,3 \u00baC Nerja 21,2 \u00c1lora 21,1 \u00baC [&hellip;]<\/p>\n","protected":false},"author":16,"featured_media":48046,"comment_status":"open","ping_status":"open","sticky":false,"template":"","format":"standard","meta":[],"categories":[2],"tags":[587,624,961],"_links":{"self":[{"href":"https:\/\/blogs.diariosur.es\/tormentas-y-rayos\/wp-json\/wp\/v2\/posts\/48043"}],"collection":[{"href":"https:\/\/blogs.diariosur.es\/tormentas-y-rayos\/wp-json\/wp\/v2\/posts"}],"about":[{"href":"https:\/\/blogs.diariosur.es\/tormentas-y-rayos\/wp-json\/wp\/v2\/types\/post"}],"author":[{"embeddable":true,"href":"https:\/\/blogs.diariosur.es\/tormentas-y-rayos\/wp-json\/wp\/v2\/users\/16"}],"replies":[{"embeddable":true,"href":"https:\/\/blogs.diariosur.es\/tormentas-y-rayos\/wp-json\/wp\/v2\/comments?post=48043"}],"version-history":[{"count":10,"href":"https:\/\/blogs.diariosur.es\/tormentas-y-rayos\/wp-json\/wp\/v2\/posts\/48043\/revisions"}],"predecessor-version":[{"id":48054,"href":"https:\/\/blogs.diariosur.es\/tormentas-y-rayos\/wp-json\/wp\/v2\/posts\/48043\/revisions\/48054"}],"wp:featuredmedia":[{"embeddable":true,"href":"https:\/\/blogs.diariosur.es\/tormentas-y-rayos\/wp-json\/wp\/v2\/media\/48046"}],"wp:attachment":[{"href":"https:\/\/blogs.diariosur.es\/tormentas-y-rayos\/wp-json\/wp\/v2\/media?parent=48043"}],"wp:term":[{"taxonomy":"category","embeddable":true,"href":"https:\/\/blogs.diariosur.es\/tormentas-y-rayos\/wp-json\/wp\/v2\/categories?post=48043"},{"taxonomy":"post_tag","embeddable":true,"href":"https:\/\/blogs.diariosur.es\/tormentas-y-rayos\/wp-json\/wp\/v2\/tags?post=48043"}],"curies":[{"name":"wp","href":"https:\/\/api.w.org\/{rel}","templated":true}]}}