{"id":48057,"date":"2025-12-08T08:09:17","date_gmt":"2025-12-08T07:09:17","guid":{"rendered":"https:\/\/blogs.diariosur.es\/tormentas-y-rayos\/?p=48057"},"modified":"2025-12-08T08:09:17","modified_gmt":"2025-12-08T07:09:17","slug":"se-espera-un-frente-y-una-dana-esta-semana-en-la-provincia-de-malaga","status":"publish","type":"post","link":"https:\/\/blogs.diariosur.es\/tormentas-y-rayos\/2025\/12\/08\/se-espera-un-frente-y-una-dana-esta-semana-en-la-provincia-de-malaga\/","title":{"rendered":"\u00bfSe espera un frente y una dana esta semana en la provincia de M\u00e1laga?"},"content":{"rendered":"<p data-pm-slice=\"1 1 []\"><a href=\"https:\/\/static-blogs.diariosur.es\/wp-content\/uploads\/sites\/12\/2025\/10\/444912498_10228884468795449_97962860407814916_n-e1763121197919.jpg\"><img loading=\"lazy\" class=\"aligncenter size-thumbnail wp-image-46969\" src=\"https:\/\/static-blogs.diariosur.es\/wp-content\/uploads\/sites\/12\/2025\/10\/444912498_10228884468795449_97962860407814916_n-150x150.jpg\" alt=\"\" width=\"150\" height=\"150\" \/><\/a><\/p>\n<p data-pm-slice=\"1 1 []\">Buenos d\u00edas, amigos de la meteo. Cuando son las siete de la ma\u00f1ana en M\u00e1laga capital, mi estaci\u00f3n registra 12,2 \u00b0C, el viento sopla flojo de direcci\u00f3n variable y la humedad ronda el 78%. Nuevamente, las temperaturas m\u00e1ximas estar\u00e1n por encima de la media en toda la provincia.<\/p>\n<p>Ayer domingo, la m\u00e1xima en M\u00e1laga capital se registr\u00f3 en el Centro Meteorol\u00f3gico con 21,9 \u00baC; destacar V\u00e9lez M\u00e1laga con 23,8 \u00baC. Las estaciones de la Aemet de Co\u00edn y Manilva no las comento al estar dando ratos err\u00f3neos. Los paseos mar\u00edtimos de nuestra costa malague\u00f1a se llenaron para tomar vitamina D. Os paso una foto de ayer en Torre del Mar.<\/p>\n<p>&nbsp;<\/p>\n<p><a href=\"https:\/\/static-blogs.diariosur.es\/wp-content\/uploads\/sites\/12\/2025\/12\/596404386_10235559058736026_1345563693688683769_n-e1765175219466.jpg\"><img loading=\"lazy\" class=\"aligncenter size-full wp-image-48059\" src=\"https:\/\/static-blogs.diariosur.es\/wp-content\/uploads\/sites\/12\/2025\/12\/596404386_10235559058736026_1345563693688683769_n-e1765175219466.jpg\" alt=\"\" width=\"900\" height=\"675\" \/><\/a><\/p>\n<h3><\/h3>\n<h3><a href=\"https:\/\/static-blogs.diariosur.es\/wp-content\/uploads\/sites\/12\/2025\/12\/594971855_10235548224025165_3479005873152436827_n-e1765175549379.jpg\"><img loading=\"lazy\" class=\"aligncenter size-full wp-image-48060\" src=\"https:\/\/static-blogs.diariosur.es\/wp-content\/uploads\/sites\/12\/2025\/12\/594971855_10235548224025165_3479005873152436827_n-e1765175549379.jpg\" alt=\"\" width=\"900\" height=\"675\" \/><\/a><\/h3>\n<h3><\/h3>\n<h3><span style=\"color: #0000ff;\"><strong>\u00bfSe esperan un frente y una dana esta semana en la provincia de M\u00e1laga?<\/strong><\/span><\/h3>\n<p data-pm-slice=\"1 1 []\">El mi\u00e9rcoles se espera que un frente afecte a Andaluc\u00eda occidental y zonas de la provincia malague\u00f1a. Ma\u00f1ana con los modelos actualizados veremos qu\u00e9 zonas de la provincia se ver\u00e1n m\u00e1s beneficiadas.<\/p>\n<p data-pm-slice=\"1 1 []\">Os paso el mapa de superficie de la Aemet previsto para el mi\u00e9rcoles.<\/p>\n<p>&nbsp;<\/p>\n<p><a href=\"https:\/\/static-blogs.diariosur.es\/wp-content\/uploads\/sites\/12\/2025\/12\/2025120712060_ww_g1x0a2c2-e1765176438240.gif\"><img loading=\"lazy\" class=\"aligncenter size-full wp-image-48061\" src=\"https:\/\/static-blogs.diariosur.es\/wp-content\/uploads\/sites\/12\/2025\/12\/2025120712060_ww_g1x0a2c2-e1765176438240.gif\" alt=\"\" width=\"900\" height=\"630\" \/><\/a><\/p>\n<p>&nbsp;<\/p>\n<p data-pm-slice=\"1 1 []\">Es probable que el viernes se forme una<span style=\"color: #ff0000;\"><strong> dana<\/strong><\/span> cerca del golfo de C\u00e1diz; de momento, el modelo europeo y americano la pronostican. El mi\u00e9rcoles estar\u00e1 m\u00e1s claro y veremos c\u00f3mo afecta a la provincia de M\u00e1laga.<\/p>\n<p data-pm-slice=\"1 1 []\">Os paso dos mapas a 500 hpa del modelo europeo y americano.<\/p>\n<p data-pm-slice=\"1 1 []\">\n<p data-pm-slice=\"1 1 []\"><a href=\"https:\/\/static-blogs.diariosur.es\/wp-content\/uploads\/sites\/12\/2025\/12\/europeo.jpg\"><img loading=\"lazy\" class=\"aligncenter size-full wp-image-48062\" src=\"https:\/\/static-blogs.diariosur.es\/wp-content\/uploads\/sites\/12\/2025\/12\/europeo.jpg\" alt=\"\" width=\"1166\" height=\"1144\" srcset=\"https:\/\/static-blogs.diariosur.es\/wp-content\/uploads\/sites\/12\/2025\/12\/europeo.jpg 1166w, https:\/\/static-blogs.diariosur.es\/wp-content\/uploads\/sites\/12\/2025\/12\/europeo-408x400.jpg 408w, https:\/\/static-blogs.diariosur.es\/wp-content\/uploads\/sites\/12\/2025\/12\/europeo-416x408.jpg 416w, https:\/\/static-blogs.diariosur.es\/wp-content\/uploads\/sites\/12\/2025\/12\/europeo-768x754.jpg 768w\" sizes=\"(max-width: 1166px) 100vw, 1166px\" \/><\/a><\/p>\n<p data-pm-slice=\"1 1 []\">\n<p data-pm-slice=\"1 1 []\"><a href=\"https:\/\/static-blogs.diariosur.es\/wp-content\/uploads\/sites\/12\/2025\/12\/americano.jpg\"><img loading=\"lazy\" class=\"aligncenter size-full wp-image-48063\" src=\"https:\/\/static-blogs.diariosur.es\/wp-content\/uploads\/sites\/12\/2025\/12\/americano.jpg\" alt=\"\" width=\"1141\" height=\"1141\" srcset=\"https:\/\/static-blogs.diariosur.es\/wp-content\/uploads\/sites\/12\/2025\/12\/americano.jpg 1141w, https:\/\/static-blogs.diariosur.es\/wp-content\/uploads\/sites\/12\/2025\/12\/americano-400x400.jpg 400w, https:\/\/static-blogs.diariosur.es\/wp-content\/uploads\/sites\/12\/2025\/12\/americano-408x408.jpg 408w, https:\/\/static-blogs.diariosur.es\/wp-content\/uploads\/sites\/12\/2025\/12\/americano-150x150.jpg 150w, https:\/\/static-blogs.diariosur.es\/wp-content\/uploads\/sites\/12\/2025\/12\/americano-768x768.jpg 768w\" sizes=\"(max-width: 1141px) 100vw, 1141px\" \/><\/a><\/p>\n<p data-pm-slice=\"1 1 []\">\n<p data-pm-slice=\"1 1 []\">\n<p>Os dejo, hasta ma\u00f1ana con esta bonita foto de mi amigo Crist\u00f3bal Gambero en Mijas Pueblo. Esperemos ver muchas cortinas de lluvia esta semana.<\/p>\n<p>&nbsp;<\/p>\n<p><a href=\"https:\/\/static-blogs.diariosur.es\/wp-content\/uploads\/sites\/12\/2025\/12\/596164006_25156250243997299_2671202725986229985_n-e1765177628773.jpg\"><img loading=\"lazy\" class=\"aligncenter size-full wp-image-48064\" src=\"https:\/\/static-blogs.diariosur.es\/wp-content\/uploads\/sites\/12\/2025\/12\/596164006_25156250243997299_2671202725986229985_n-e1765177628773.jpg\" alt=\"\" width=\"1000\" height=\"563\" \/><\/a><\/p>\n","protected":false},"excerpt":{"rendered":"<p>Buenos d\u00edas, amigos de la meteo. Cuando son las siete de la ma\u00f1ana en M\u00e1laga capital, mi estaci\u00f3n registra 12,2 \u00b0C, el viento sopla flojo de direcci\u00f3n variable y la humedad ronda el 78%. Nuevamente, las temperaturas m\u00e1ximas estar\u00e1n por encima de la media en toda la provincia. Ayer domingo, la m\u00e1xima en M\u00e1laga capital [&hellip;]<\/p>\n","protected":false},"author":16,"featured_media":48064,"comment_status":"open","ping_status":"open","sticky":false,"template":"","format":"standard","meta":[],"categories":[2],"tags":[94,100,151,307,358,569,587,800],"_links":{"self":[{"href":"https:\/\/blogs.diariosur.es\/tormentas-y-rayos\/wp-json\/wp\/v2\/posts\/48057"}],"collection":[{"href":"https:\/\/blogs.diariosur.es\/tormentas-y-rayos\/wp-json\/wp\/v2\/posts"}],"about":[{"href":"https:\/\/blogs.diariosur.es\/tormentas-y-rayos\/wp-json\/wp\/v2\/types\/post"}],"author":[{"embeddable":true,"href":"https:\/\/blogs.diariosur.es\/tormentas-y-rayos\/wp-json\/wp\/v2\/users\/16"}],"replies":[{"embeddable":true,"href":"https:\/\/blogs.diariosur.es\/tormentas-y-rayos\/wp-json\/wp\/v2\/comments?post=48057"}],"version-history":[{"count":2,"href":"https:\/\/blogs.diariosur.es\/tormentas-y-rayos\/wp-json\/wp\/v2\/posts\/48057\/revisions"}],"predecessor-version":[{"id":48065,"href":"https:\/\/blogs.diariosur.es\/tormentas-y-rayos\/wp-json\/wp\/v2\/posts\/48057\/revisions\/48065"}],"wp:featuredmedia":[{"embeddable":true,"href":"https:\/\/blogs.diariosur.es\/tormentas-y-rayos\/wp-json\/wp\/v2\/media\/48064"}],"wp:attachment":[{"href":"https:\/\/blogs.diariosur.es\/tormentas-y-rayos\/wp-json\/wp\/v2\/media?parent=48057"}],"wp:term":[{"taxonomy":"category","embeddable":true,"href":"https:\/\/blogs.diariosur.es\/tormentas-y-rayos\/wp-json\/wp\/v2\/categories?post=48057"},{"taxonomy":"post_tag","embeddable":true,"href":"https:\/\/blogs.diariosur.es\/tormentas-y-rayos\/wp-json\/wp\/v2\/tags?post=48057"}],"curies":[{"name":"wp","href":"https:\/\/api.w.org\/{rel}","templated":true}]}}