{"id":48066,"date":"2025-12-09T08:07:29","date_gmt":"2025-12-09T07:07:29","guid":{"rendered":"https:\/\/blogs.diariosur.es\/tormentas-y-rayos\/?p=48066"},"modified":"2025-12-10T13:45:35","modified_gmt":"2025-12-10T12:45:35","slug":"probables-acumulados-cada-24-horas-del-frente-de-manana-y-la-probable-dana-en-la-provincia-de-malaga","status":"publish","type":"post","link":"https:\/\/blogs.diariosur.es\/tormentas-y-rayos\/2025\/12\/09\/probables-acumulados-cada-24-horas-del-frente-de-manana-y-la-probable-dana-en-la-provincia-de-malaga\/","title":{"rendered":"Probables acumulados cada 24 horas del frente de ma\u00f1ana y la probable dana en la provincia de M\u00e1laga"},"content":{"rendered":"<p data-pm-slice=\"1 1 []\"><a href=\"https:\/\/static-blogs.diariosur.es\/wp-content\/uploads\/sites\/12\/2025\/10\/444912498_10228884468795449_97962860407814916_n-e1763121197919.jpg\"><img loading=\"lazy\" class=\"aligncenter size-thumbnail wp-image-46969\" src=\"https:\/\/static-blogs.diariosur.es\/wp-content\/uploads\/sites\/12\/2025\/10\/444912498_10228884468795449_97962860407814916_n-150x150.jpg\" alt=\"\" width=\"150\" height=\"150\" \/><\/a><\/p>\n<p data-pm-slice=\"1 1 []\">Buenos d\u00edas, amigos de la meteo. Cuando son las siete de la ma\u00f1ana en M\u00e1laga capital, la estaci\u00f3n de la Aemet del aeropuerto registra 7,4 \u00baC, los cielos est\u00e1n despejados y el viento sopla flojo de direcci\u00f3n variable.<\/p>\n<p>Ayer lunes, la temperatura m\u00e1xima de la provincia malague\u00f1a se registr\u00f3 en \u00c1lora con 22,9 \u00baC; destacar tambi\u00e9n V\u00e9lez M\u00e1laga con 21,8 \u00baC y Rinc\u00f3n de la Victoria con 21,8; en M\u00e1laga capital, la m\u00e1xima fue de 20,6 \u00baC.<\/p>\n<h3><span style=\"color: #0000ff;\"><strong>Probables acumulados cada 24 horas del frente de ma\u00f1ana y la probable dana en la provincia de M\u00e1laga<\/strong><\/span><\/h3>\n<p><strong>MI\u00c9RCOLES<\/strong><\/p>\n<p data-pm-slice=\"1 1 []\">Os paso el mapa de superficie de ma\u00f1ana elaborado por la Aemet, donde se ve un frente estacionario. Ser\u00e1n las provincias de Huelva, Sevilla, C\u00e1diz y C\u00f3rdoba las m\u00e1s beneficiadas.<\/p>\n<p>&nbsp;<\/p>\n<p>&nbsp;<\/p>\n<p><a href=\"https:\/\/static-blogs.diariosur.es\/wp-content\/uploads\/sites\/12\/2025\/12\/miercoles-horz-e1765262923904.jpg\"><img loading=\"lazy\" class=\"aligncenter size-full wp-image-48067\" src=\"https:\/\/static-blogs.diariosur.es\/wp-content\/uploads\/sites\/12\/2025\/12\/miercoles-horz-e1765262923904.jpg\" alt=\"\" width=\"1200\" height=\"491\" \/><\/a><\/p>\n<p><strong>Acumulado provincia de M\u00e1laga<\/strong><a href=\"https:\/\/static-blogs.diariosur.es\/wp-content\/uploads\/sites\/12\/2025\/12\/acumulado-malaga-miercoles.jpg\"><br \/>\n<img loading=\"lazy\" class=\"aligncenter size-full wp-image-48068\" src=\"https:\/\/static-blogs.diariosur.es\/wp-content\/uploads\/sites\/12\/2025\/12\/acumulado-malaga-miercoles.jpg\" alt=\"\" width=\"1146\" height=\"1144\" srcset=\"https:\/\/static-blogs.diariosur.es\/wp-content\/uploads\/sites\/12\/2025\/12\/acumulado-malaga-miercoles.jpg 1146w, https:\/\/static-blogs.diariosur.es\/wp-content\/uploads\/sites\/12\/2025\/12\/acumulado-malaga-miercoles-401x400.jpg 401w, https:\/\/static-blogs.diariosur.es\/wp-content\/uploads\/sites\/12\/2025\/12\/acumulado-malaga-miercoles-409x408.jpg 409w, https:\/\/static-blogs.diariosur.es\/wp-content\/uploads\/sites\/12\/2025\/12\/acumulado-malaga-miercoles-150x150.jpg 150w, https:\/\/static-blogs.diariosur.es\/wp-content\/uploads\/sites\/12\/2025\/12\/acumulado-malaga-miercoles-768x767.jpg 768w\" sizes=\"(max-width: 1146px) 100vw, 1146px\" \/><\/a><\/p>\n<h3><strong>VAGUADA VIERNES Y DANA S\u00c1BADO<\/strong><\/h3>\n<p data-pm-slice=\"1 1 []\">El jueves sabremos con m\u00e1s seguridad c\u00f3mo evolucionar\u00e1 la vaguada y d\u00f3nde se cerrar\u00e1 para ver la ubicaci\u00f3n de la dana. Os paso primeramente los mapas a 500 hPa del modelo europeo; comentaros que el americano es muy parecido.<\/p>\n<p>&nbsp;<\/p>\n<p><a href=\"https:\/\/static-blogs.diariosur.es\/wp-content\/uploads\/sites\/12\/2025\/12\/1-1.jpg\"><img loading=\"lazy\" class=\"aligncenter size-full wp-image-48069\" src=\"https:\/\/static-blogs.diariosur.es\/wp-content\/uploads\/sites\/12\/2025\/12\/1-1.jpg\" alt=\"\" width=\"1138\" height=\"1146\" srcset=\"https:\/\/static-blogs.diariosur.es\/wp-content\/uploads\/sites\/12\/2025\/12\/1-1.jpg 1138w, https:\/\/static-blogs.diariosur.es\/wp-content\/uploads\/sites\/12\/2025\/12\/1-1-397x400.jpg 397w, https:\/\/static-blogs.diariosur.es\/wp-content\/uploads\/sites\/12\/2025\/12\/1-1-405x408.jpg 405w, https:\/\/static-blogs.diariosur.es\/wp-content\/uploads\/sites\/12\/2025\/12\/1-1-150x150.jpg 150w, https:\/\/static-blogs.diariosur.es\/wp-content\/uploads\/sites\/12\/2025\/12\/1-1-768x773.jpg 768w\" sizes=\"(max-width: 1138px) 100vw, 1138px\" \/><\/a><\/p>\n<p>&nbsp;<\/p>\n<p><a href=\"https:\/\/static-blogs.diariosur.es\/wp-content\/uploads\/sites\/12\/2025\/12\/2-1.jpg\"><img loading=\"lazy\" class=\"aligncenter size-full wp-image-48070\" src=\"https:\/\/static-blogs.diariosur.es\/wp-content\/uploads\/sites\/12\/2025\/12\/2-1.jpg\" alt=\"\" width=\"1148\" height=\"1145\" srcset=\"https:\/\/static-blogs.diariosur.es\/wp-content\/uploads\/sites\/12\/2025\/12\/2-1.jpg 1148w, https:\/\/static-blogs.diariosur.es\/wp-content\/uploads\/sites\/12\/2025\/12\/2-1-401x400.jpg 401w, https:\/\/static-blogs.diariosur.es\/wp-content\/uploads\/sites\/12\/2025\/12\/2-1-409x408.jpg 409w, https:\/\/static-blogs.diariosur.es\/wp-content\/uploads\/sites\/12\/2025\/12\/2-1-150x150.jpg 150w, https:\/\/static-blogs.diariosur.es\/wp-content\/uploads\/sites\/12\/2025\/12\/2-1-768x766.jpg 768w\" sizes=\"(max-width: 1148px) 100vw, 1148px\" \/><\/a><\/p>\n<p>&nbsp;<\/p>\n<p data-pm-slice=\"1 1 []\">De cumplirse esta situaci\u00f3n, en esta ocasi\u00f3n, la provincia de M\u00e1laga ser\u00eda la m\u00e1s beneficiada con los acumulados de lluvias.<\/p>\n<p data-pm-slice=\"1 1 []\">Os paso los acumulados del viernes y el s\u00e1bado. <span style=\"color: #ff0000;\"><strong>Pero recordar que pueden cambiar para peor o mejor. De seguir la dana por la misma zona, nuevamente podr\u00eda llover el domingo tambi\u00e9n. Pero lo veremos dentro de unos d\u00edas.<\/strong><\/span><\/p>\n<p><strong>Acumulado viernes<\/strong><\/p>\n<p>&nbsp;<\/p>\n<p><a href=\"https:\/\/static-blogs.diariosur.es\/wp-content\/uploads\/sites\/12\/2025\/12\/acumulado-viernes.jpg\"><img loading=\"lazy\" class=\"aligncenter size-full wp-image-48071\" src=\"https:\/\/static-blogs.diariosur.es\/wp-content\/uploads\/sites\/12\/2025\/12\/acumulado-viernes.jpg\" alt=\"\" width=\"1148\" height=\"1152\" srcset=\"https:\/\/static-blogs.diariosur.es\/wp-content\/uploads\/sites\/12\/2025\/12\/acumulado-viernes.jpg 1148w, https:\/\/static-blogs.diariosur.es\/wp-content\/uploads\/sites\/12\/2025\/12\/acumulado-viernes-399x400.jpg 399w, https:\/\/static-blogs.diariosur.es\/wp-content\/uploads\/sites\/12\/2025\/12\/acumulado-viernes-407x408.jpg 407w, https:\/\/static-blogs.diariosur.es\/wp-content\/uploads\/sites\/12\/2025\/12\/acumulado-viernes-150x150.jpg 150w, https:\/\/static-blogs.diariosur.es\/wp-content\/uploads\/sites\/12\/2025\/12\/acumulado-viernes-768x771.jpg 768w\" sizes=\"(max-width: 1148px) 100vw, 1148px\" \/><\/a><\/p>\n<p>&nbsp;<\/p>\n<p><strong>Acumulados s\u00e1bado<\/strong><\/p>\n<p>&nbsp;<\/p>\n<p><a href=\"https:\/\/static-blogs.diariosur.es\/wp-content\/uploads\/sites\/12\/2025\/12\/acumulado-sabado.jpg\"><img loading=\"lazy\" class=\"aligncenter size-full wp-image-48072\" src=\"https:\/\/static-blogs.diariosur.es\/wp-content\/uploads\/sites\/12\/2025\/12\/acumulado-sabado.jpg\" alt=\"\" width=\"1147\" height=\"1154\" srcset=\"https:\/\/static-blogs.diariosur.es\/wp-content\/uploads\/sites\/12\/2025\/12\/acumulado-sabado.jpg 1147w, https:\/\/static-blogs.diariosur.es\/wp-content\/uploads\/sites\/12\/2025\/12\/acumulado-sabado-398x400.jpg 398w, https:\/\/static-blogs.diariosur.es\/wp-content\/uploads\/sites\/12\/2025\/12\/acumulado-sabado-406x408.jpg 406w, https:\/\/static-blogs.diariosur.es\/wp-content\/uploads\/sites\/12\/2025\/12\/acumulado-sabado-150x150.jpg 150w, https:\/\/static-blogs.diariosur.es\/wp-content\/uploads\/sites\/12\/2025\/12\/acumulado-sabado-768x773.jpg 768w\" sizes=\"(max-width: 1147px) 100vw, 1147px\" \/><\/a><\/p>\n<p>&nbsp;<\/p>\n<p>Os dejo hasta ma\u00f1ana. Estaros atentos que har\u00e9 una porra.<\/p>\n","protected":false},"excerpt":{"rendered":"<p>Buenos d\u00edas, amigos de la meteo. Cuando son las siete de la ma\u00f1ana en M\u00e1laga capital, la estaci\u00f3n de la Aemet del aeropuerto registra 7,4 \u00baC, los cielos est\u00e1n despejados y el viento sopla flojo de direcci\u00f3n variable. Ayer lunes, la temperatura m\u00e1xima de la provincia malague\u00f1a se registr\u00f3 en \u00c1lora con 22,9 \u00baC; destacar [&hellip;]<\/p>\n","protected":false},"author":16,"featured_media":48074,"comment_status":"open","ping_status":"open","sticky":false,"template":"","format":"standard","meta":[],"categories":[2],"tags":[100,151,307,358,569,587,1039],"_links":{"self":[{"href":"https:\/\/blogs.diariosur.es\/tormentas-y-rayos\/wp-json\/wp\/v2\/posts\/48066"}],"collection":[{"href":"https:\/\/blogs.diariosur.es\/tormentas-y-rayos\/wp-json\/wp\/v2\/posts"}],"about":[{"href":"https:\/\/blogs.diariosur.es\/tormentas-y-rayos\/wp-json\/wp\/v2\/types\/post"}],"author":[{"embeddable":true,"href":"https:\/\/blogs.diariosur.es\/tormentas-y-rayos\/wp-json\/wp\/v2\/users\/16"}],"replies":[{"embeddable":true,"href":"https:\/\/blogs.diariosur.es\/tormentas-y-rayos\/wp-json\/wp\/v2\/comments?post=48066"}],"version-history":[{"count":2,"href":"https:\/\/blogs.diariosur.es\/tormentas-y-rayos\/wp-json\/wp\/v2\/posts\/48066\/revisions"}],"predecessor-version":[{"id":48076,"href":"https:\/\/blogs.diariosur.es\/tormentas-y-rayos\/wp-json\/wp\/v2\/posts\/48066\/revisions\/48076"}],"wp:featuredmedia":[{"embeddable":true,"href":"https:\/\/blogs.diariosur.es\/tormentas-y-rayos\/wp-json\/wp\/v2\/media\/48074"}],"wp:attachment":[{"href":"https:\/\/blogs.diariosur.es\/tormentas-y-rayos\/wp-json\/wp\/v2\/media?parent=48066"}],"wp:term":[{"taxonomy":"category","embeddable":true,"href":"https:\/\/blogs.diariosur.es\/tormentas-y-rayos\/wp-json\/wp\/v2\/categories?post=48066"},{"taxonomy":"post_tag","embeddable":true,"href":"https:\/\/blogs.diariosur.es\/tormentas-y-rayos\/wp-json\/wp\/v2\/tags?post=48066"}],"curies":[{"name":"wp","href":"https:\/\/api.w.org\/{rel}","templated":true}]}}