{"id":48077,"date":"2025-12-11T07:48:54","date_gmt":"2025-12-11T06:48:54","guid":{"rendered":"https:\/\/blogs.diariosur.es\/tormentas-y-rayos\/?p=48077"},"modified":"2025-12-11T07:48:54","modified_gmt":"2025-12-11T06:48:54","slug":"probables-acumulados-de-la-dana-cada-24-horas-en-la-provincia-de-malaga-hasta-el-domingo","status":"publish","type":"post","link":"https:\/\/blogs.diariosur.es\/tormentas-y-rayos\/2025\/12\/11\/probables-acumulados-de-la-dana-cada-24-horas-en-la-provincia-de-malaga-hasta-el-domingo\/","title":{"rendered":"Probables acumulados de la dana cada 24 horas en la provincia de M\u00e1laga hasta el domingo"},"content":{"rendered":"<p data-pm-slice=\"1 1 []\"><a href=\"https:\/\/static-blogs.diariosur.es\/wp-content\/uploads\/sites\/12\/2025\/10\/444912498_10228884468795449_97962860407814916_n-e1763121197919.jpg\"><img loading=\"lazy\" class=\"aligncenter size-thumbnail wp-image-46969\" src=\"https:\/\/static-blogs.diariosur.es\/wp-content\/uploads\/sites\/12\/2025\/10\/444912498_10228884468795449_97962860407814916_n-150x150.jpg\" alt=\"\" width=\"150\" height=\"150\" \/><\/a><\/p>\n<p data-pm-slice=\"1 1 []\">Buenos d\u00edas, amigos de la meteo. Cuando son las siete menos cuarto de la ma\u00f1ana en M\u00e1laga capital, mi estaci\u00f3n registra 13,5 \u00b0C, los cielos est\u00e1n nubosos y el cielo sopla flojo de direcci\u00f3n variable.<\/p>\n<p>Ayer el frente dej\u00f3 m\u00e1s lluvias de las esperadas; hasta mi portal se moj\u00f3; sinceramente, no lo esperaba; acumul\u00e9 casi 1 mm. Incluso por la Axarqu\u00eda dej\u00f3 algunos litros.<\/p>\n<p>Os paso algunos acumulados m\u00e1s destacados en la provincia, nada del otro mundo, pero todo lo que caiga es bueno. Fuente: Aemet, Meteoclimatic, Red Hidrosur.<\/p>\n<p>Gauc\u00edn 20,4 mm<\/p>\n<p>Benaoj\u00e1n 20,9 mm<\/p>\n<p>Alpande\u00edre 18,8 mm<\/p>\n<p>Cortes de la Frontera 16,8 mm<\/p>\n<p>Estepona, que entra en la porra, 6,6 mm.<\/p>\n<p>El Colmenar las Buitreras 18 mm<\/p>\n<p>Algatoc\u00edn 19,5 mm<\/p>\n<p>Los Reales 12,5 mm<\/p>\n<p>Majada de las Lomas 18,2 mm<\/p>\n<p>R\u00edo Genal Jubrique 14,7 mm<\/p>\n<p>Pujerra 9,1 mm<\/p>\n<p>Campillos 9,9 mm<\/p>\n<p>Cuevas del Becerro 12,4 mm<\/p>\n<p>Ca\u00f1ete La Real 10,3 mm<\/p>\n<p>Antes de daros los acumulados cada 24 horas, os pongo un video y una foto del amanecer que tuvimos ayer.<\/p>\n<p>&nbsp;<\/p>\n<p><iframe loading=\"lazy\" title=\"Amanecer 10 de noviembre en M\u00e1laga capital \" width=\"500\" height=\"281\" src=\"https:\/\/www.youtube.com\/embed\/C7MO6hVhlVM?feature=oembed\" frameborder=\"0\" allow=\"accelerometer; autoplay; clipboard-write; encrypted-media; gyroscope; picture-in-picture; web-share\" referrerpolicy=\"strict-origin-when-cross-origin\" allowfullscreen><\/iframe><\/p>\n<p>&nbsp;<\/p>\n<p><a href=\"https:\/\/static-blogs.diariosur.es\/wp-content\/uploads\/sites\/12\/2025\/12\/1-2-scaled-e1765432189591.jpg\"><img loading=\"lazy\" class=\"aligncenter size-full wp-image-48084\" src=\"https:\/\/static-blogs.diariosur.es\/wp-content\/uploads\/sites\/12\/2025\/12\/1-2-scaled-e1765432189591.jpg\" alt=\"\" width=\"1000\" height=\"667\" \/><\/a><\/p>\n<p>&nbsp;<\/p>\n<p>&nbsp;<\/p>\n<h3><span style=\"color: #0000ff;\"><strong>Probables acumulados de la dana cada 24 horas en la provincia de M\u00e1laga hasta el domingo\u00a0<\/strong><\/span><\/h3>\n<p data-pm-slice=\"1 1 []\">Como siempre, os recuerdo que con la dana puede <strong>caer mucho en una zona y en otras nada<\/strong>. La mayor\u00eda de las veces, donde m\u00e1s llueve es en zona de costa; ojal\u00e1 lleguen m\u00e1s arriba y beneficien a los embalses.<\/p>\n<p data-pm-slice=\"1 1 []\">A d\u00eda de hoy a\u00fan no est\u00e1 muy clara qu\u00e9 posici\u00f3n tendr\u00e1. Yo prefiero los \u00e1bregos a las danas.<\/p>\n<p data-pm-slice=\"1 1 []\">La dana tambi\u00e9n favorecer\u00e1 que tengamos un temporal de levante; la Aemet activa el <strong>aviso amarillo<\/strong> el s\u00e1bado por fen\u00f3menos costeros: Viento del este de 50 a 60 km\/h (fuerza 7) y olas de 3 m.<\/p>\n<p>Os paso los probables acumulados, cada 24 horas, de los modelos europeo y americano hasta el domingo; a\u00fan pueden cambiar. Si os fij\u00e1is el s\u00e1bado es cuando menos probabilidad de precipitaciones hay. Ya iremos viendo como comienza la semana que viene.<\/p>\n<p><strong>VIERNES 12<\/strong><\/p>\n<p>&nbsp;<\/p>\n<p><a href=\"https:\/\/static-blogs.diariosur.es\/wp-content\/uploads\/sites\/12\/2025\/12\/1-3.jpg\"><img loading=\"lazy\" class=\"aligncenter size-full wp-image-48085\" src=\"https:\/\/static-blogs.diariosur.es\/wp-content\/uploads\/sites\/12\/2025\/12\/1-3.jpg\" alt=\"\" width=\"1142\" height=\"1238\" srcset=\"https:\/\/static-blogs.diariosur.es\/wp-content\/uploads\/sites\/12\/2025\/12\/1-3.jpg 1142w, https:\/\/static-blogs.diariosur.es\/wp-content\/uploads\/sites\/12\/2025\/12\/1-3-369x400.jpg 369w, https:\/\/static-blogs.diariosur.es\/wp-content\/uploads\/sites\/12\/2025\/12\/1-3-376x408.jpg 376w, https:\/\/static-blogs.diariosur.es\/wp-content\/uploads\/sites\/12\/2025\/12\/1-3-768x833.jpg 768w\" sizes=\"(max-width: 1142px) 100vw, 1142px\" \/><\/a><\/p>\n<p>&nbsp;<\/p>\n<p><a href=\"https:\/\/static-blogs.diariosur.es\/wp-content\/uploads\/sites\/12\/2025\/12\/2-2.jpg\"><img loading=\"lazy\" class=\"aligncenter size-full wp-image-48086\" src=\"https:\/\/static-blogs.diariosur.es\/wp-content\/uploads\/sites\/12\/2025\/12\/2-2.jpg\" alt=\"\" width=\"1150\" height=\"1210\" srcset=\"https:\/\/static-blogs.diariosur.es\/wp-content\/uploads\/sites\/12\/2025\/12\/2-2.jpg 1150w, https:\/\/static-blogs.diariosur.es\/wp-content\/uploads\/sites\/12\/2025\/12\/2-2-380x400.jpg 380w, https:\/\/static-blogs.diariosur.es\/wp-content\/uploads\/sites\/12\/2025\/12\/2-2-388x408.jpg 388w, https:\/\/static-blogs.diariosur.es\/wp-content\/uploads\/sites\/12\/2025\/12\/2-2-768x808.jpg 768w\" sizes=\"(max-width: 1150px) 100vw, 1150px\" \/><\/a><\/p>\n<p>&nbsp;<\/p>\n<p><strong>S\u00c1BADO 13<\/strong><\/p>\n<p>&nbsp;<\/p>\n<p><a href=\"https:\/\/static-blogs.diariosur.es\/wp-content\/uploads\/sites\/12\/2025\/12\/3-1.jpg\"><img loading=\"lazy\" class=\"aligncenter size-full wp-image-48087\" src=\"https:\/\/static-blogs.diariosur.es\/wp-content\/uploads\/sites\/12\/2025\/12\/3-1.jpg\" alt=\"\" width=\"1145\" height=\"1250\" srcset=\"https:\/\/static-blogs.diariosur.es\/wp-content\/uploads\/sites\/12\/2025\/12\/3-1.jpg 1145w, https:\/\/static-blogs.diariosur.es\/wp-content\/uploads\/sites\/12\/2025\/12\/3-1-366x400.jpg 366w, https:\/\/static-blogs.diariosur.es\/wp-content\/uploads\/sites\/12\/2025\/12\/3-1-374x408.jpg 374w, https:\/\/static-blogs.diariosur.es\/wp-content\/uploads\/sites\/12\/2025\/12\/3-1-768x838.jpg 768w\" sizes=\"(max-width: 1145px) 100vw, 1145px\" \/><\/a><\/p>\n<p>&nbsp;<\/p>\n<p><a href=\"https:\/\/static-blogs.diariosur.es\/wp-content\/uploads\/sites\/12\/2025\/12\/4.jpg\"><img loading=\"lazy\" class=\"aligncenter size-full wp-image-48088\" src=\"https:\/\/static-blogs.diariosur.es\/wp-content\/uploads\/sites\/12\/2025\/12\/4.jpg\" alt=\"\" width=\"1140\" height=\"1214\" srcset=\"https:\/\/static-blogs.diariosur.es\/wp-content\/uploads\/sites\/12\/2025\/12\/4.jpg 1140w, https:\/\/static-blogs.diariosur.es\/wp-content\/uploads\/sites\/12\/2025\/12\/4-376x400.jpg 376w, https:\/\/static-blogs.diariosur.es\/wp-content\/uploads\/sites\/12\/2025\/12\/4-383x408.jpg 383w, https:\/\/static-blogs.diariosur.es\/wp-content\/uploads\/sites\/12\/2025\/12\/4-768x818.jpg 768w\" sizes=\"(max-width: 1140px) 100vw, 1140px\" \/><\/a><\/p>\n<p>&nbsp;<\/p>\n<p><strong>DOMINGO 14\u00a0<\/strong><\/p>\n<p>&nbsp;<\/p>\n<p><a href=\"https:\/\/static-blogs.diariosur.es\/wp-content\/uploads\/sites\/12\/2025\/12\/5.jpg\"><img loading=\"lazy\" class=\"aligncenter size-full wp-image-48089\" src=\"https:\/\/static-blogs.diariosur.es\/wp-content\/uploads\/sites\/12\/2025\/12\/5.jpg\" alt=\"\" width=\"1144\" height=\"1228\" srcset=\"https:\/\/static-blogs.diariosur.es\/wp-content\/uploads\/sites\/12\/2025\/12\/5.jpg 1144w, https:\/\/static-blogs.diariosur.es\/wp-content\/uploads\/sites\/12\/2025\/12\/5-373x400.jpg 373w, https:\/\/static-blogs.diariosur.es\/wp-content\/uploads\/sites\/12\/2025\/12\/5-380x408.jpg 380w, https:\/\/static-blogs.diariosur.es\/wp-content\/uploads\/sites\/12\/2025\/12\/5-768x824.jpg 768w\" sizes=\"(max-width: 1144px) 100vw, 1144px\" \/><\/a><\/p>\n<p>&nbsp;<\/p>\n<p><a href=\"https:\/\/static-blogs.diariosur.es\/wp-content\/uploads\/sites\/12\/2025\/12\/6.jpg\"><img loading=\"lazy\" class=\"aligncenter size-full wp-image-48090\" src=\"https:\/\/static-blogs.diariosur.es\/wp-content\/uploads\/sites\/12\/2025\/12\/6.jpg\" alt=\"\" width=\"1152\" height=\"1199\" srcset=\"https:\/\/static-blogs.diariosur.es\/wp-content\/uploads\/sites\/12\/2025\/12\/6.jpg 1152w, https:\/\/static-blogs.diariosur.es\/wp-content\/uploads\/sites\/12\/2025\/12\/6-384x400.jpg 384w, https:\/\/static-blogs.diariosur.es\/wp-content\/uploads\/sites\/12\/2025\/12\/6-392x408.jpg 392w, https:\/\/static-blogs.diariosur.es\/wp-content\/uploads\/sites\/12\/2025\/12\/6-768x799.jpg 768w\" sizes=\"(max-width: 1152px) 100vw, 1152px\" \/><\/a><\/p>\n<p>&nbsp;<\/p>\n<p>&nbsp;<\/p>\n","protected":false},"excerpt":{"rendered":"<p>Buenos d\u00edas, amigos de la meteo. Cuando son las siete menos cuarto de la ma\u00f1ana en M\u00e1laga capital, mi estaci\u00f3n registra 13,5 \u00b0C, los cielos est\u00e1n nubosos y el cielo sopla flojo de direcci\u00f3n variable. Ayer el frente dej\u00f3 m\u00e1s lluvias de las esperadas; hasta mi portal se moj\u00f3; sinceramente, no lo esperaba; acumul\u00e9 casi [&hellip;]<\/p>\n","protected":false},"author":16,"featured_media":48091,"comment_status":"open","ping_status":"open","sticky":false,"template":"","format":"standard","meta":[],"categories":[2],"tags":[94,151,307,569,587,800],"_links":{"self":[{"href":"https:\/\/blogs.diariosur.es\/tormentas-y-rayos\/wp-json\/wp\/v2\/posts\/48077"}],"collection":[{"href":"https:\/\/blogs.diariosur.es\/tormentas-y-rayos\/wp-json\/wp\/v2\/posts"}],"about":[{"href":"https:\/\/blogs.diariosur.es\/tormentas-y-rayos\/wp-json\/wp\/v2\/types\/post"}],"author":[{"embeddable":true,"href":"https:\/\/blogs.diariosur.es\/tormentas-y-rayos\/wp-json\/wp\/v2\/users\/16"}],"replies":[{"embeddable":true,"href":"https:\/\/blogs.diariosur.es\/tormentas-y-rayos\/wp-json\/wp\/v2\/comments?post=48077"}],"version-history":[{"count":6,"href":"https:\/\/blogs.diariosur.es\/tormentas-y-rayos\/wp-json\/wp\/v2\/posts\/48077\/revisions"}],"predecessor-version":[{"id":48092,"href":"https:\/\/blogs.diariosur.es\/tormentas-y-rayos\/wp-json\/wp\/v2\/posts\/48077\/revisions\/48092"}],"wp:featuredmedia":[{"embeddable":true,"href":"https:\/\/blogs.diariosur.es\/tormentas-y-rayos\/wp-json\/wp\/v2\/media\/48091"}],"wp:attachment":[{"href":"https:\/\/blogs.diariosur.es\/tormentas-y-rayos\/wp-json\/wp\/v2\/media?parent=48077"}],"wp:term":[{"taxonomy":"category","embeddable":true,"href":"https:\/\/blogs.diariosur.es\/tormentas-y-rayos\/wp-json\/wp\/v2\/categories?post=48077"},{"taxonomy":"post_tag","embeddable":true,"href":"https:\/\/blogs.diariosur.es\/tormentas-y-rayos\/wp-json\/wp\/v2\/tags?post=48077"}],"curies":[{"name":"wp","href":"https:\/\/api.w.org\/{rel}","templated":true}]}}