{"id":48094,"date":"2025-12-11T12:01:20","date_gmt":"2025-12-11T11:01:20","guid":{"rendered":"https:\/\/blogs.diariosur.es\/tormentas-y-rayos\/?p=48094"},"modified":"2025-12-11T12:37:27","modified_gmt":"2025-12-11T11:37:27","slug":"aviso-amarillo-por-lluvias-en-sol-y-guadalhorce-y-por-fenomenos-costeros","status":"publish","type":"post","link":"https:\/\/blogs.diariosur.es\/tormentas-y-rayos\/2025\/12\/11\/aviso-amarillo-por-lluvias-en-sol-y-guadalhorce-y-por-fenomenos-costeros\/","title":{"rendered":"Aviso amarillo por lluvias en Sol y Guadalhorce y por fen\u00f3menos costeros"},"content":{"rendered":"<p><a href=\"https:\/\/static-blogs.diariosur.es\/wp-content\/uploads\/sites\/12\/2025\/10\/444912498_10228884468795449_97962860407814916_n-e1763121197919.jpg\"><img loading=\"lazy\" class=\"aligncenter size-thumbnail wp-image-46969\" src=\"https:\/\/static-blogs.diariosur.es\/wp-content\/uploads\/sites\/12\/2025\/10\/444912498_10228884468795449_97962860407814916_n-150x150.jpg\" alt=\"\" width=\"150\" height=\"150\" \/><\/a><\/p>\n<p>Hola de nuevo, amigos de la meteo. La aemet activa el aviso amarillo por fen\u00f3menos costeros en el litoral\u00a0 malague\u00f1o por rachas de 60 km\/h y olas de 3 metros, y por lluvias en Sol y Guadalhorce, precipitaci\u00f3na cumulada en 12 horas 40 mm. Aviso para el viernes y el s\u00e1bado hasta 6:00 horas de la ma\u00f1ana.<\/p>\n<p><a href=\"https:\/\/static-blogs.diariosur.es\/wp-content\/uploads\/sites\/12\/2025\/12\/Screenshot_20251211_115311_X-1-e1765450730731.jpg\"><img loading=\"lazy\" class=\"aligncenter size-full wp-image-48099\" src=\"https:\/\/static-blogs.diariosur.es\/wp-content\/uploads\/sites\/12\/2025\/12\/Screenshot_20251211_115311_X-1-e1765450730731.jpg\" alt=\"\" width=\"1100\" height=\"953\" \/><\/a><\/p>\n<p>&nbsp;<\/p>\n","protected":false},"excerpt":{"rendered":"<p>Hola de nuevo, amigos de la meteo. La aemet activa el aviso amarillo por fen\u00f3menos costeros en el litoral\u00a0 malague\u00f1o por rachas de 60 km\/h y olas de 3 metros, y por lluvias en Sol y Guadalhorce, precipitaci\u00f3na cumulada en 12 horas 40 mm. Aviso para el viernes y el s\u00e1bado hasta 6:00 horas de [&hellip;]<\/p>\n","protected":false},"author":16,"featured_media":48095,"comment_status":"open","ping_status":"open","sticky":false,"template":"","format":"standard","meta":[],"categories":[2],"tags":[94,1894,151,307,569],"_links":{"self":[{"href":"https:\/\/blogs.diariosur.es\/tormentas-y-rayos\/wp-json\/wp\/v2\/posts\/48094"}],"collection":[{"href":"https:\/\/blogs.diariosur.es\/tormentas-y-rayos\/wp-json\/wp\/v2\/posts"}],"about":[{"href":"https:\/\/blogs.diariosur.es\/tormentas-y-rayos\/wp-json\/wp\/v2\/types\/post"}],"author":[{"embeddable":true,"href":"https:\/\/blogs.diariosur.es\/tormentas-y-rayos\/wp-json\/wp\/v2\/users\/16"}],"replies":[{"embeddable":true,"href":"https:\/\/blogs.diariosur.es\/tormentas-y-rayos\/wp-json\/wp\/v2\/comments?post=48094"}],"version-history":[{"count":6,"href":"https:\/\/blogs.diariosur.es\/tormentas-y-rayos\/wp-json\/wp\/v2\/posts\/48094\/revisions"}],"predecessor-version":[{"id":48103,"href":"https:\/\/blogs.diariosur.es\/tormentas-y-rayos\/wp-json\/wp\/v2\/posts\/48094\/revisions\/48103"}],"wp:featuredmedia":[{"embeddable":true,"href":"https:\/\/blogs.diariosur.es\/tormentas-y-rayos\/wp-json\/wp\/v2\/media\/48095"}],"wp:attachment":[{"href":"https:\/\/blogs.diariosur.es\/tormentas-y-rayos\/wp-json\/wp\/v2\/media?parent=48094"}],"wp:term":[{"taxonomy":"category","embeddable":true,"href":"https:\/\/blogs.diariosur.es\/tormentas-y-rayos\/wp-json\/wp\/v2\/categories?post=48094"},{"taxonomy":"post_tag","embeddable":true,"href":"https:\/\/blogs.diariosur.es\/tormentas-y-rayos\/wp-json\/wp\/v2\/tags?post=48094"}],"curies":[{"name":"wp","href":"https:\/\/api.w.org\/{rel}","templated":true}]}}