{"id":48104,"date":"2025-12-11T17:29:42","date_gmt":"2025-12-11T16:29:42","guid":{"rendered":"https:\/\/blogs.diariosur.es\/tormentas-y-rayos\/?p=48104"},"modified":"2025-12-11T17:31:29","modified_gmt":"2025-12-11T16:31:29","slug":"borrasca-emilia-mucha-precaucion-en-el-mar-de-alboran-y-sus-litorales","status":"publish","type":"post","link":"https:\/\/blogs.diariosur.es\/tormentas-y-rayos\/2025\/12\/11\/borrasca-emilia-mucha-precaucion-en-el-mar-de-alboran-y-sus-litorales\/","title":{"rendered":"Borrasca Emilia. Mucha precauci\u00f3n en el mar de Albor\u00e1n y sus litorales"},"content":{"rendered":"<p><a href=\"https:\/\/static-blogs.diariosur.es\/wp-content\/uploads\/sites\/12\/2025\/10\/444912498_10228884468795449_97962860407814916_n-e1763121197919.jpg\"><img loading=\"lazy\" class=\"aligncenter size-thumbnail wp-image-46969\" src=\"https:\/\/static-blogs.diariosur.es\/wp-content\/uploads\/sites\/12\/2025\/10\/444912498_10228884468795449_97962860407814916_n-150x150.jpg\" alt=\"\" width=\"150\" height=\"150\" \/><\/a><\/p>\n<p>Buenas tardes, amigos de la meteo. Os pongo la \u00faltima hora. Mucha precauci\u00f3n estos d\u00edas si sal\u00eds a navegar. Espero que el viento no influya mucho para las lluvias previstas, veo m\u00e1s probabilidad el domingo.<\/p>\n<p>Nota informativa: temporal de viento, oleaje y precipitaciones intensasen Canarias y suroeste peninsular<br \/>\nInformaci\u00f3n elaborada el jueves 11 de diciembre de 2025<br \/>\nMa\u00f1ana viernes d\u00eda 12, un frente fr\u00edo atl\u00e1ntico llegar\u00e1 al oeste peninsular y, a partir del mediod\u00eda, a Canarias. Durante el d\u00eda, una incipiente baja alojada en el propio frente y localizada al suroeste de la Pen\u00ednsula, se profundizar\u00e1 originando la, reci\u00e9n nombrada por Aemet, borrasca Emilia que se situar\u00e1 entre el golfo de C\u00e1diz y el archipi\u00e9lago Canario entre el mediod\u00eda del viernes 12 y la jornada del domingo 14. La presencia de esta borrasca dar\u00e1 lugar a un temporal de viento, oleaje y lluvias en Canarias; as\u00ed como a lluvias fuertes y persistentes en el suroeste peninsular y \u00e1rea del Estrecho.<br \/>\nEl d\u00eda \u00e1lgido de este episodio en Canarias ser\u00e1 el s\u00e1bado 13. Este d\u00eda se esperan rachas muy fuertes de viento de componente norte, que podr\u00e1n superar los 90 km\/h en zonas altas y cumbres de las islas monta\u00f1osas. Tambi\u00e9n se prev\u00e9n chubascos fuertes, que podr\u00e1n ir acompa\u00f1ados de granizo y tormenta. Estos fen\u00f3menos afectar\u00e1n principalmente al norte de las islas monta\u00f1osas, a excepci\u00f3n de El Hierro, donde los acumulados superar\u00e1n los 60 mm\/12 horas.<br \/>\nLas precipitaciones m\u00e1s intensas se producir\u00e1n durante la madrugada y la primera mitad del s\u00e1bado en las islas orientales, y a partir del mediod\u00eda en las occidentales. En cumbres de Gran Canaria, Tenerife y La Palma, estas precipitaciones ser\u00e1n en forma de nieve.<br \/>\nTambi\u00e9n se prev\u00e9 fuerte oleaje en todas las zonas mar\u00edtimas de Canarias, especialmente el s\u00e1bado con viento fuerza 8 y mar combinada en torno a los 6 m.<br \/>\nLa borrasca Emilia tambi\u00e9n originar\u00e1, durante el viernes y el s\u00e1bado, precipitaciones localmente fuertes y persistentes en el suroeste peninsular e incluso muy fuertes en el \u00e1rea del Estrecho; as\u00ed como viento fuerte y temporal mar\u00edtimo <strong>en los litorales del mar de Albor\u00e1n.<\/strong><br \/>\nEs probable que a partir del domingo la situaci\u00f3n mejore en Canarias finalizando as\u00ed el episodio de fen\u00f3menos adversos. Tambi\u00e9n se prev\u00e9 que mejore en el suroeste peninsular <strong>pero es probable que las precipitaciones intensas se extiendan hacia el sureste y este de la Pen\u00ednsula.<\/strong><\/p>\n<p>&nbsp;<\/p>\n<p>&nbsp;<\/p>\n<p><a href=\"https:\/\/static-blogs.diariosur.es\/wp-content\/uploads\/sites\/12\/2025\/12\/22654924962_24f7df77bb_b.jpg\"><img loading=\"lazy\" class=\"aligncenter size-full wp-image-48108\" src=\"https:\/\/static-blogs.diariosur.es\/wp-content\/uploads\/sites\/12\/2025\/12\/22654924962_24f7df77bb_b.jpg\" alt=\"\" width=\"1023\" height=\"682\" srcset=\"https:\/\/static-blogs.diariosur.es\/wp-content\/uploads\/sites\/12\/2025\/12\/22654924962_24f7df77bb_b.jpg 1023w, https:\/\/static-blogs.diariosur.es\/wp-content\/uploads\/sites\/12\/2025\/12\/22654924962_24f7df77bb_b-600x400.jpg 600w, https:\/\/static-blogs.diariosur.es\/wp-content\/uploads\/sites\/12\/2025\/12\/22654924962_24f7df77bb_b-612x408.jpg 612w, https:\/\/static-blogs.diariosur.es\/wp-content\/uploads\/sites\/12\/2025\/12\/22654924962_24f7df77bb_b-768x512.jpg 768w\" sizes=\"(max-width: 1023px) 100vw, 1023px\" \/><\/a><\/p>\n","protected":false},"excerpt":{"rendered":"<p>Buenas tardes, amigos de la meteo. Os pongo la \u00faltima hora. Mucha precauci\u00f3n estos d\u00edas si sal\u00eds a navegar. Espero que el viento no influya mucho para las lluvias previstas, veo m\u00e1s probabilidad el domingo. Nota informativa: temporal de viento, oleaje y precipitaciones intensasen Canarias y suroeste peninsular Informaci\u00f3n elaborada el jueves 11 de diciembre [&hellip;]<\/p>\n","protected":false},"author":16,"featured_media":48105,"comment_status":"open","ping_status":"open","sticky":false,"template":"","format":"standard","meta":[],"categories":[2],"tags":[151,188,2085,569,736,800,1059],"_links":{"self":[{"href":"https:\/\/blogs.diariosur.es\/tormentas-y-rayos\/wp-json\/wp\/v2\/posts\/48104"}],"collection":[{"href":"https:\/\/blogs.diariosur.es\/tormentas-y-rayos\/wp-json\/wp\/v2\/posts"}],"about":[{"href":"https:\/\/blogs.diariosur.es\/tormentas-y-rayos\/wp-json\/wp\/v2\/types\/post"}],"author":[{"embeddable":true,"href":"https:\/\/blogs.diariosur.es\/tormentas-y-rayos\/wp-json\/wp\/v2\/users\/16"}],"replies":[{"embeddable":true,"href":"https:\/\/blogs.diariosur.es\/tormentas-y-rayos\/wp-json\/wp\/v2\/comments?post=48104"}],"version-history":[{"count":4,"href":"https:\/\/blogs.diariosur.es\/tormentas-y-rayos\/wp-json\/wp\/v2\/posts\/48104\/revisions"}],"predecessor-version":[{"id":48110,"href":"https:\/\/blogs.diariosur.es\/tormentas-y-rayos\/wp-json\/wp\/v2\/posts\/48104\/revisions\/48110"}],"wp:featuredmedia":[{"embeddable":true,"href":"https:\/\/blogs.diariosur.es\/tormentas-y-rayos\/wp-json\/wp\/v2\/media\/48105"}],"wp:attachment":[{"href":"https:\/\/blogs.diariosur.es\/tormentas-y-rayos\/wp-json\/wp\/v2\/media?parent=48104"}],"wp:term":[{"taxonomy":"category","embeddable":true,"href":"https:\/\/blogs.diariosur.es\/tormentas-y-rayos\/wp-json\/wp\/v2\/categories?post=48104"},{"taxonomy":"post_tag","embeddable":true,"href":"https:\/\/blogs.diariosur.es\/tormentas-y-rayos\/wp-json\/wp\/v2\/tags?post=48104"}],"curies":[{"name":"wp","href":"https:\/\/api.w.org\/{rel}","templated":true}]}}