{"id":48111,"date":"2025-12-12T07:38:10","date_gmt":"2025-12-12T06:38:10","guid":{"rendered":"https:\/\/blogs.diariosur.es\/tormentas-y-rayos\/?p=48111"},"modified":"2025-12-12T08:21:19","modified_gmt":"2025-12-12T07:21:19","slug":"muchos-no-lo-creereis-lo-que-paso-ayer-tarde-noche-y-esta-pasada-madrugada-en-malaga-capital","status":"publish","type":"post","link":"https:\/\/blogs.diariosur.es\/tormentas-y-rayos\/2025\/12\/12\/muchos-no-lo-creereis-lo-que-paso-ayer-tarde-noche-y-esta-pasada-madrugada-en-malaga-capital\/","title":{"rendered":"Muchos no lo creer\u00e9is, lo que pas\u00f3 ayer tarde noche y esta pasada madrugada en M\u00e1laga capital"},"content":{"rendered":"<blockquote>\n<p data-pm-slice=\"1 1 []\"><a href=\"https:\/\/static-blogs.diariosur.es\/wp-content\/uploads\/sites\/12\/2025\/10\/444912498_10228884468795449_97962860407814916_n-e1763121197919.jpg\"><img loading=\"lazy\" class=\"aligncenter size-thumbnail wp-image-46969\" src=\"https:\/\/static-blogs.diariosur.es\/wp-content\/uploads\/sites\/12\/2025\/10\/444912498_10228884468795449_97962860407814916_n-150x150.jpg\" alt=\"\" width=\"150\" height=\"150\" \/><\/a><\/p>\n<\/blockquote>\n<p data-pm-slice=\"1 1 []\">Buenos d\u00edas, amigos de la meteo. Os cuento: ayer por la tarde noche empezaron a caer algunos chubascos en M\u00e1laga capital, en algunos puntos poca cosa e incluso nada; durante la pasada madrugada ha pasado lo mismo. Pero lo curioso es que en apenas unos kil\u00f3metros llov\u00eda fuerte en Churriana, Campanillas, aeropuerto y Centro Meteorol\u00f3gico de Teatinos, como ha pasado esta pasada madrugada en esta \u00faltima estaci\u00f3n mencionada. Esto se ha debido a nubes convectivas que se forman debido a fuertes corrientes ascendentes de aire c\u00e1lido y h\u00famedo; curiosamente, no hemos tenido tormentas.<\/p>\n<p>Os paso algunos registros muy llamativos hasta las siete de la ma\u00f1ana.<\/p>\n<p>Estaci\u00f3n Aemet Aeropuerto en total lleva 38,5 mm.<\/p>\n<p>Estaci\u00f3n Aemet Puerto: 0,1 d\u00e9cima de litro.<\/p>\n<p>Mi estaci\u00f3n en Ortega y Gasset 1,5 mm.<\/p>\n<p>Centro Meteorol\u00f3gico de Teatinos 32 mm<\/p>\n<p>En zonas de Campanillas llevan acumulados m\u00e1s de 28 mm.<\/p>\n<p>Embalse de Casasola 20 mm, Embalse del Limonero 0,1 d\u00e9cima de litro.<\/p>\n<p>En otras zonas de M\u00e1laga capital, incluso apenas se han mojado los portales.<\/p>\n<p>Destacar tambi\u00e9n los 20 mm de Alhaur\u00edn de la Torre.<\/p>\n<p>C\u00e1rtama 21 mm<\/p>\n<p>\u00c1lora 19 mm<\/p>\n<p>As\u00ed es la meteo, amigos. En la porra hay muchos eliminados.<\/p>\n<p>El levante ha entrado hace un par de horas; ya tenemos olas en las playas de M\u00e1laga.<\/p>\n<p>Luego, m\u00e1s tarde, os dar\u00e9 la predicci\u00f3n hasta el domingo.<\/p>\n<p>&nbsp;<\/p>\n<p>&nbsp;<\/p>\n","protected":false},"excerpt":{"rendered":"<p>Buenos d\u00edas, amigos de la meteo. Os cuento: ayer por la tarde noche empezaron a caer algunos chubascos en M\u00e1laga capital, en algunos puntos poca cosa e incluso nada; durante la pasada madrugada ha pasado lo mismo. Pero lo curioso es que en apenas unos kil\u00f3metros llov\u00eda fuerte en Churriana, Campanillas, aeropuerto y Centro Meteorol\u00f3gico [&hellip;]<\/p>\n","protected":false},"author":16,"featured_media":48112,"comment_status":"open","ping_status":"open","sticky":false,"template":"","format":"standard","meta":[],"categories":[2],"tags":[94,151,307,2085],"_links":{"self":[{"href":"https:\/\/blogs.diariosur.es\/tormentas-y-rayos\/wp-json\/wp\/v2\/posts\/48111"}],"collection":[{"href":"https:\/\/blogs.diariosur.es\/tormentas-y-rayos\/wp-json\/wp\/v2\/posts"}],"about":[{"href":"https:\/\/blogs.diariosur.es\/tormentas-y-rayos\/wp-json\/wp\/v2\/types\/post"}],"author":[{"embeddable":true,"href":"https:\/\/blogs.diariosur.es\/tormentas-y-rayos\/wp-json\/wp\/v2\/users\/16"}],"replies":[{"embeddable":true,"href":"https:\/\/blogs.diariosur.es\/tormentas-y-rayos\/wp-json\/wp\/v2\/comments?post=48111"}],"version-history":[{"count":2,"href":"https:\/\/blogs.diariosur.es\/tormentas-y-rayos\/wp-json\/wp\/v2\/posts\/48111\/revisions"}],"predecessor-version":[{"id":48114,"href":"https:\/\/blogs.diariosur.es\/tormentas-y-rayos\/wp-json\/wp\/v2\/posts\/48111\/revisions\/48114"}],"wp:featuredmedia":[{"embeddable":true,"href":"https:\/\/blogs.diariosur.es\/tormentas-y-rayos\/wp-json\/wp\/v2\/media\/48112"}],"wp:attachment":[{"href":"https:\/\/blogs.diariosur.es\/tormentas-y-rayos\/wp-json\/wp\/v2\/media?parent=48111"}],"wp:term":[{"taxonomy":"category","embeddable":true,"href":"https:\/\/blogs.diariosur.es\/tormentas-y-rayos\/wp-json\/wp\/v2\/categories?post=48111"},{"taxonomy":"post_tag","embeddable":true,"href":"https:\/\/blogs.diariosur.es\/tormentas-y-rayos\/wp-json\/wp\/v2\/tags?post=48111"}],"curies":[{"name":"wp","href":"https:\/\/api.w.org\/{rel}","templated":true}]}}