{"id":48115,"date":"2025-12-13T19:44:10","date_gmt":"2025-12-13T18:44:10","guid":{"rendered":"https:\/\/blogs.diariosur.es\/tormentas-y-rayos\/?p=48115"},"modified":"2025-12-13T19:44:10","modified_gmt":"2025-12-13T18:44:10","slug":"se-activa-el-aviso-rojo-y-naranja-por-lluvias-en-las-provincias-de-almeria-granada-y-valencia","status":"publish","type":"post","link":"https:\/\/blogs.diariosur.es\/tormentas-y-rayos\/2025\/12\/13\/se-activa-el-aviso-rojo-y-naranja-por-lluvias-en-las-provincias-de-almeria-granada-y-valencia\/","title":{"rendered":"Se activa el aviso rojo y naranja por lluvias en las provincias de Almer\u00eda, Granada y Valencia"},"content":{"rendered":"<p><a href=\"https:\/\/static-blogs.diariosur.es\/wp-content\/uploads\/sites\/12\/2025\/10\/444912498_10228884468795449_97962860407814916_n-e1763121197919.jpg\"><img loading=\"lazy\" class=\"aligncenter size-thumbnail wp-image-46969\" src=\"https:\/\/static-blogs.diariosur.es\/wp-content\/uploads\/sites\/12\/2025\/10\/444912498_10228884468795449_97962860407814916_n-150x150.jpg\" alt=\"\" width=\"150\" height=\"150\" \/><\/a><\/p>\n<p data-pm-slice=\"1 1 []\">Buenas noches, amigos de la meteo. Lluvias que pueden hacer mucho da\u00f1o. Mucha precauci\u00f3n ma\u00f1ana si vais por estas zonas.<\/p>\n<p>La AEMET activa el aviso rojo y naranja por lluvias en las provincia de Almer\u00eda, Granada y Valencia ma\u00f1ana domingo; mucha precauci\u00f3n.<\/p>\n<p>Valle del Almanzora y Los V\u00e9lez-Almer\u00eda: Precipitaci\u00f3n acumulada en 12 horas: 120 mm.<\/p>\n<p>Nacimiento y Campo de Tabernas-Almer\u00eda: Precipitaci\u00f3n acumulada en 12 horas: 100 mm.<\/p>\n<p><span class=\"la-zona-zona\" data-zona-id=\"610403\">Poniente y Almer\u00eda Capital<\/span>&#8211;<span class=\"la-zona-provincia\" data-zona-id=\"6104\">Almer\u00eda: Precipitaci\u00f3n acumulada en 12 horas: 60 mm. M\u00e1s probables en el interior de la comarca.<\/span><\/p>\n<p><span class=\"la-zona-zona\" data-zona-id=\"610404\">Levante almeriense<\/span>&#8211;<span class=\"la-zona-provincia\" data-zona-id=\"6104\">Almer\u00eda: Precipitaci\u00f3n acumulada en 12 horas: 60 mm.<\/span><\/p>\n<p>Guadix y Baza-Granada: Precipitaci\u00f3n acumulada en 12 horas: 80 mm.<\/p>\n<p><span class=\"la-zona-zona\" data-zona-id=\"774602\">Litoral norte de Valencia<\/span>&#8211;<span class=\"la-zona-provincia\" data-zona-id=\"7746\">Val\u00e8ncia\/Valencia: Precipitaci\u00f3n acumulada en 12 horas: 180 mm. En el litoral norte, afectar\u00e1 principalmente a la mitad sur. Los totales del episodio de domingo y primeras horas del lunes podr\u00e1n superar los 250 mm<\/span><\/p>\n<p>&nbsp;<\/p>\n<p>&nbsp;<\/p>\n<p><a href=\"https:\/\/static-blogs.diariosur.es\/wp-content\/uploads\/sites\/12\/2025\/12\/z-1.jpg\"><img loading=\"lazy\" class=\"aligncenter size-full wp-image-48122\" src=\"https:\/\/static-blogs.diariosur.es\/wp-content\/uploads\/sites\/12\/2025\/12\/z-1.jpg\" alt=\"\" width=\"1042\" height=\"817\" srcset=\"https:\/\/static-blogs.diariosur.es\/wp-content\/uploads\/sites\/12\/2025\/12\/z-1.jpg 1042w, https:\/\/static-blogs.diariosur.es\/wp-content\/uploads\/sites\/12\/2025\/12\/z-1-510x400.jpg 510w, https:\/\/static-blogs.diariosur.es\/wp-content\/uploads\/sites\/12\/2025\/12\/z-1-520x408.jpg 520w, https:\/\/static-blogs.diariosur.es\/wp-content\/uploads\/sites\/12\/2025\/12\/z-1-768x602.jpg 768w\" sizes=\"(max-width: 1042px) 100vw, 1042px\" \/><\/a><\/p>\n","protected":false},"excerpt":{"rendered":"<p>Buenas noches, amigos de la meteo. Lluvias que pueden hacer mucho da\u00f1o. Mucha precauci\u00f3n ma\u00f1ana si vais por estas zonas. La AEMET activa el aviso rojo y naranja por lluvias en las provincia de Almer\u00eda, Granada y Valencia ma\u00f1ana domingo; mucha precauci\u00f3n. Valle del Almanzora y Los V\u00e9lez-Almer\u00eda: Precipitaci\u00f3n acumulada en 12 horas: 120 mm. [&hellip;]<\/p>\n","protected":false},"author":16,"featured_media":48122,"comment_status":"open","ping_status":"open","sticky":false,"template":"","format":"standard","meta":[],"categories":[2],"tags":[151,188,2085,872],"_links":{"self":[{"href":"https:\/\/blogs.diariosur.es\/tormentas-y-rayos\/wp-json\/wp\/v2\/posts\/48115"}],"collection":[{"href":"https:\/\/blogs.diariosur.es\/tormentas-y-rayos\/wp-json\/wp\/v2\/posts"}],"about":[{"href":"https:\/\/blogs.diariosur.es\/tormentas-y-rayos\/wp-json\/wp\/v2\/types\/post"}],"author":[{"embeddable":true,"href":"https:\/\/blogs.diariosur.es\/tormentas-y-rayos\/wp-json\/wp\/v2\/users\/16"}],"replies":[{"embeddable":true,"href":"https:\/\/blogs.diariosur.es\/tormentas-y-rayos\/wp-json\/wp\/v2\/comments?post=48115"}],"version-history":[{"count":7,"href":"https:\/\/blogs.diariosur.es\/tormentas-y-rayos\/wp-json\/wp\/v2\/posts\/48115\/revisions"}],"predecessor-version":[{"id":48124,"href":"https:\/\/blogs.diariosur.es\/tormentas-y-rayos\/wp-json\/wp\/v2\/posts\/48115\/revisions\/48124"}],"wp:featuredmedia":[{"embeddable":true,"href":"https:\/\/blogs.diariosur.es\/tormentas-y-rayos\/wp-json\/wp\/v2\/media\/48122"}],"wp:attachment":[{"href":"https:\/\/blogs.diariosur.es\/tormentas-y-rayos\/wp-json\/wp\/v2\/media?parent=48115"}],"wp:term":[{"taxonomy":"category","embeddable":true,"href":"https:\/\/blogs.diariosur.es\/tormentas-y-rayos\/wp-json\/wp\/v2\/categories?post=48115"},{"taxonomy":"post_tag","embeddable":true,"href":"https:\/\/blogs.diariosur.es\/tormentas-y-rayos\/wp-json\/wp\/v2\/tags?post=48115"}],"curies":[{"name":"wp","href":"https:\/\/api.w.org\/{rel}","templated":true}]}}