{"id":48125,"date":"2025-12-14T12:00:24","date_gmt":"2025-12-14T11:00:24","guid":{"rendered":"https:\/\/blogs.diariosur.es\/tormentas-y-rayos\/?p=48125"},"modified":"2025-12-14T21:50:17","modified_gmt":"2025-12-14T20:50:17","slug":"aviso-amarillo-esperemos-que-emilia-se-porte-mejor-manana-y-el-martes-en-la-provincia-malaguena","status":"publish","type":"post","link":"https:\/\/blogs.diariosur.es\/tormentas-y-rayos\/2025\/12\/14\/aviso-amarillo-esperemos-que-emilia-se-porte-mejor-manana-y-el-martes-en-la-provincia-malaguena\/","title":{"rendered":"Aviso amarillo. Esperemos que Emilia se porte mejor ma\u00f1ana y el martes en la provincia malague\u00f1a"},"content":{"rendered":"<p data-pm-slice=\"1 1 []\"><a href=\"https:\/\/static-blogs.diariosur.es\/wp-content\/uploads\/sites\/12\/2025\/10\/444912498_10228884468795449_97962860407814916_n-e1763121197919.jpg\"><img loading=\"lazy\" class=\"aligncenter size-thumbnail wp-image-46969\" src=\"https:\/\/static-blogs.diariosur.es\/wp-content\/uploads\/sites\/12\/2025\/10\/444912498_10228884468795449_97962860407814916_n-150x150.jpg\" alt=\"\" width=\"150\" height=\"150\" \/><\/a><\/p>\n<p data-pm-slice=\"1 1 []\">En la nueva actualizaci\u00f3n de los avisos,\u00a0 se desactiva para ma\u00f1ana en Sol y guadalhorce.<\/p>\n<p data-pm-slice=\"1 1 []\">Buenos d\u00edas, amigos de la meteo. Salvo el jueves, que se dieron chubascos fuertes en algunas zonas del distrito de M\u00e1laga capital y tambi\u00e9n en C\u00e1rtama y Alhaur\u00edn de la Torre, los dem\u00e1s d\u00edas muy poco; menos mal que esta pasada madrugada en la capital y en otras zonas de la costa malague\u00f1a han ca\u00eddo alrededor de 5 mm. Curiosamente, la estaci\u00f3n de la Aemet del Aeropuerto lleva 44 mm y la del Puerto 3,2 mm desde el jueves; espero que esta pr\u00f3xima madrugada y el martes contabilicemos m\u00e1s litros en m\u00e1s zonas de la provincia.<\/p>\n<p>La aemet activa el aviso amarillo por precipitaci\u00f3n acumulada en una hora: 15 mm en Sol y Guadalhorce ma\u00f1ana lunes.<\/p>\n<p>El martes se activa en la Axarqu\u00eda malague\u00f1a el aviso amarillo por precipitaci\u00f3n acumulada en una hora: 15 mm<\/p>\n<p>Nos vemos ma\u00f1ana.<\/p>\n<p>&nbsp;<\/p>\n","protected":false},"excerpt":{"rendered":"<p>En la nueva actualizaci\u00f3n de los avisos,\u00a0 se desactiva para ma\u00f1ana en Sol y guadalhorce. Buenos d\u00edas, amigos de la meteo. Salvo el jueves, que se dieron chubascos fuertes en algunas zonas del distrito de M\u00e1laga capital y tambi\u00e9n en C\u00e1rtama y Alhaur\u00edn de la Torre, los dem\u00e1s d\u00edas muy poco; menos mal que esta [&hellip;]<\/p>\n","protected":false},"author":16,"featured_media":48128,"comment_status":"open","ping_status":"open","sticky":false,"template":"","format":"standard","meta":[],"categories":[2],"tags":[94,151,188,307,358,2085,587,676,800,872],"_links":{"self":[{"href":"https:\/\/blogs.diariosur.es\/tormentas-y-rayos\/wp-json\/wp\/v2\/posts\/48125"}],"collection":[{"href":"https:\/\/blogs.diariosur.es\/tormentas-y-rayos\/wp-json\/wp\/v2\/posts"}],"about":[{"href":"https:\/\/blogs.diariosur.es\/tormentas-y-rayos\/wp-json\/wp\/v2\/types\/post"}],"author":[{"embeddable":true,"href":"https:\/\/blogs.diariosur.es\/tormentas-y-rayos\/wp-json\/wp\/v2\/users\/16"}],"replies":[{"embeddable":true,"href":"https:\/\/blogs.diariosur.es\/tormentas-y-rayos\/wp-json\/wp\/v2\/comments?post=48125"}],"version-history":[{"count":3,"href":"https:\/\/blogs.diariosur.es\/tormentas-y-rayos\/wp-json\/wp\/v2\/posts\/48125\/revisions"}],"predecessor-version":[{"id":48131,"href":"https:\/\/blogs.diariosur.es\/tormentas-y-rayos\/wp-json\/wp\/v2\/posts\/48125\/revisions\/48131"}],"wp:featuredmedia":[{"embeddable":true,"href":"https:\/\/blogs.diariosur.es\/tormentas-y-rayos\/wp-json\/wp\/v2\/media\/48128"}],"wp:attachment":[{"href":"https:\/\/blogs.diariosur.es\/tormentas-y-rayos\/wp-json\/wp\/v2\/media?parent=48125"}],"wp:term":[{"taxonomy":"category","embeddable":true,"href":"https:\/\/blogs.diariosur.es\/tormentas-y-rayos\/wp-json\/wp\/v2\/categories?post=48125"},{"taxonomy":"post_tag","embeddable":true,"href":"https:\/\/blogs.diariosur.es\/tormentas-y-rayos\/wp-json\/wp\/v2\/tags?post=48125"}],"curies":[{"name":"wp","href":"https:\/\/api.w.org\/{rel}","templated":true}]}}