{"id":4824,"date":"2013-01-30T07:05:29","date_gmt":"2013-01-30T06:05:29","guid":{"rendered":"http:\/\/blogs.diariosur.es\/tormentas-y-rayos\/?p=4824"},"modified":"2013-01-30T07:05:29","modified_gmt":"2013-01-30T06:05:29","slug":"ola-de-treinta-metros-en-portugal-amplitudes-termicas-como-se-forman-los-altocumulus-lenticularis-fotos","status":"publish","type":"post","link":"https:\/\/blogs.diariosur.es\/tormentas-y-rayos\/2013\/01\/30\/ola-de-treinta-metros-en-portugal-amplitudes-termicas-como-se-forman-los-altocumulus-lenticularis-fotos\/","title":{"rendered":"Ola de treinta metros en Portugal. Amplitudes t\u00e9rmicas. \u00bf Como se forman los Altoc\u00famulus Lenticularis ? fotos"},"content":{"rendered":"<p><strong>Muy buenos dias fresquitos amigos de la meteo. Son las seis de la ma\u00f1ana, registro 7, 9 \u00a0grados, el viento esta en calma y los cielos sin apenas nubes.<\/strong><\/p>\n<p><span style=\"color: #ff0000;\"><strong>Os acordais de la ciclog\u00e9nsis bestial, que se dio el\u00a0s\u00e1bado\u00a0pasado en el noroeste del Atlantico,<a href=\"https:\/\/blogs.diariosur.es\/tormentas-y-rayos\/2013\/01\/25\/prediccion-del-tiempo-fin-de-semana-subida-de-temperaturas-brutal-ciclogenesis-explosiva-en-el-noroeste-del-atlantico-el-sabado\/\"> os paso el enlace<\/a>. Pues este cicl\u00f3n que se llamaba Jolle, genero olas de mar de fondo, que llegaron hasta Portugal. Concretamente un lugar que se llama Nazare. El surfista Garret Mcnamara cabalgo sobre ella. Os paso un \u00a0video de ese lugar de\u00a0<span><span>\u00a0<\/span><\/span><span><span>CoastlineTobi<\/span><\/span><\/strong><\/span><\/p>\n<p><iframe loading=\"lazy\" src=\"\/\/www.youtube.com\/embed\/pOHDZpPvbIc\" frameborder=\"0\" width=\"640\" height=\"360\"><\/iframe><\/p>\n<p>&nbsp;<\/p>\n<p><strong>\u00a0En estos d\u00edas que el anticicl\u00f3n es el protagonista, las m\u00ednimas son mas bajas y por contra las\u00a0m\u00e1ximas\u00a0mas altas. La diferencia entre la maxima y la minima pueden ser de muchos grados. Como todos sab\u00e9is a esto se le llama amplitudes t\u00e9rmicas. Os pongo un ejemplo con un pueblo de Granada, concretamente Baza. A las nueve de la ma\u00f1ana registraban ayer martes menos tres grados bajo cero, sobre las cinco de la tarde llegaban a 19,1 grados. Fuente Aemet.\u00a0Tambi\u00e9n\u00a0es curioso ver como baja\u00a0r\u00e1pidamente\u00a0a partir de las cinco y cuarto.<\/strong><\/p>\n<p><a href=\"https:\/\/blogs.diariosur.es\/tormentas-y-rayos\/2013\/01\/30\/ola-de-treinta-metros-en-portugal-amplitudes-termicas-como-se-forman-los-altocumulus-lenticularis-fotos\/baza-2\/\" rel=\"attachment wp-att-4838\"><img loading=\"lazy\" class=\"aligncenter size-medium wp-image-4838\" title=\"baza\" src=\"\/tormentas-y-rayos\/wp-content\/uploads\/sites\/12\/2013\/01\/baza.jpg\" alt=\"\" width=\"600\" height=\"261\" srcset=\"https:\/\/static-blogs.diariosur.es\/wp-content\/uploads\/sites\/12\/2013\/01\/baza.jpg 709w, https:\/\/static-blogs.diariosur.es\/wp-content\/uploads\/sites\/12\/2013\/01\/baza-640x279.jpg 640w\" sizes=\"(max-width: 600px) 100vw, 600px\" \/><\/a><\/p>\n<p>&nbsp;<\/p>\n<p>&nbsp;<\/p>\n<p><span style=\"color: #ff00ff;\"><strong>Pero hay casos de mayor amplitud\u00a0t\u00e9rmicas\u00a0,\u00a0sab\u00e9is\u00a0donde se pueden dar? espero vuestras respuestas.<\/strong><\/span><\/p>\n<p><strong> Las nieblas tambi\u00e9n toman protagonismo, y si no se levantan, la m\u00ednima como la m\u00e1xima son casi iguales. Ahora mismo estamos de nuevo en una circulaci\u00f3n zonal, algunos frentes rozan el noroeste peninsular y hacen que los vientos vayan cambiando de direcci\u00f3n en la mayor parte de la\u00a0pen\u00ednsula.<\/strong><\/p>\n<p><strong>\u00a0Hoy mi\u00e9rcoles y ma\u00f1ana jueves hay posibilidad de que el viento entre del suroeste, si es asi se pueden dar nieblas en las Costas de M\u00e1laga. Pero tambi\u00e9n pueden entrar mas de poniente es decir terral de invierno. Si esto sucede hoy mi\u00e9rcoles y ma\u00f1ana jueves las\u00a0m\u00e1ximas\u00a0en la capital rondaran los 24 grados, ya que las isos a 850 hpa est\u00e1n a 12 grados. Mucho dir\u00e9is, as\u00ed acierta seguro je je, no es mi intenci\u00f3n de verdad. Es simplemente que se pueden dar estas dos posibilidades con una situaci\u00f3n anticiclonica y con frentes rozando el noroeste peninsular.<\/strong><\/p>\n<p><strong>Bueno amigos, os hago un peque\u00f1o resumen del lunes en fotos, con el martes no cont\u00e9is, porque no vi ni un m\u00edsero cumulo humilis ji ji.\u00a0 Luego os hablare de los lenticularis.<\/strong><\/p>\n<p><strong>La m\u00e1xima del lunes fue de casi 20 grados y la m\u00ednima de 9,9. Amaneci\u00f3 \u00a0sin ninguna nube, pero al\u00a0mediod\u00eda\u00a0 los cielos malague\u00f1os se llenaron de cirros uncinus, flocus, spissatus, fibratus, \u00a0etc. Os paso esta imagen del lunes del\u00a0sat\u00e9lite\u00a0modis que es una pasada. Y otra del martes con los cielos despejados.<\/strong><\/p>\n<p><strong>\u00a0<\/strong><\/p>\n<p>&nbsp;<\/p>\n<p><a href=\"https:\/\/blogs.diariosur.es\/tormentas-y-rayos\/2013\/01\/30\/ola-de-treinta-metros-en-portugal-amplitudes-termicas-como-se-forman-los-altocumulus-lenticularis-fotos\/modis-2\/\" rel=\"attachment wp-att-4825\"><img loading=\"lazy\" class=\"aligncenter size-full wp-image-4825\" title=\"modis\" src=\"\/tormentas-y-rayos\/wp-content\/uploads\/sites\/12\/2013\/01\/modis.jpg\" alt=\"\" width=\"670\" height=\"514\" srcset=\"https:\/\/static-blogs.diariosur.es\/wp-content\/uploads\/sites\/12\/2013\/01\/modis.jpg 670w, https:\/\/static-blogs.diariosur.es\/wp-content\/uploads\/sites\/12\/2013\/01\/modis-521x400.jpg 521w\" sizes=\"(max-width: 670px) 100vw, 670px\" \/><\/a><\/p>\n<p>&nbsp;<\/p>\n<p>&nbsp;<\/p>\n<p>&nbsp;<\/p>\n<p><strong>Ya hab\u00e9is visto los cirros desde el\u00a0sat\u00e9lite, ahora os paso unas cuantas fotos que tome el lunes con los pies en la tierra, y como colof\u00f3n el atardecer desde la playa de la ara\u00f1a.<\/strong><\/p>\n<p><a href=\"https:\/\/blogs.diariosur.es\/tormentas-y-rayos\/2013\/01\/30\/ola-de-treinta-metros-en-portugal-amplitudes-termicas-como-se-forman-los-altocumulus-lenticularis-fotos\/008-5\/\" rel=\"attachment wp-att-4826\"><img loading=\"lazy\" class=\"aligncenter size-full wp-image-4826\" title=\"008\" src=\"\/tormentas-y-rayos\/wp-content\/uploads\/sites\/12\/2013\/01\/0081.jpg\" alt=\"\" width=\"670\" height=\"503\" srcset=\"https:\/\/static-blogs.diariosur.es\/wp-content\/uploads\/sites\/12\/2013\/01\/0081.jpg 670w, https:\/\/static-blogs.diariosur.es\/wp-content\/uploads\/sites\/12\/2013\/01\/0081-533x400.jpg 533w\" sizes=\"(max-width: 670px) 100vw, 670px\" \/><\/a><\/p>\n<p>&nbsp;<\/p>\n<p><a href=\"https:\/\/blogs.diariosur.es\/tormentas-y-rayos\/2013\/01\/30\/ola-de-treinta-metros-en-portugal-amplitudes-termicas-como-se-forman-los-altocumulus-lenticularis-fotos\/olympus-digital-camera-1071\/\" rel=\"attachment wp-att-4827\"><img loading=\"lazy\" class=\"aligncenter size-full wp-image-4827\" title=\"OLYMPUS DIGITAL CAMERA\" src=\"\/tormentas-y-rayos\/wp-content\/uploads\/sites\/12\/2013\/01\/0062.jpg\" alt=\"\" width=\"670\" height=\"503\" srcset=\"https:\/\/static-blogs.diariosur.es\/wp-content\/uploads\/sites\/12\/2013\/01\/0062.jpg 670w, https:\/\/static-blogs.diariosur.es\/wp-content\/uploads\/sites\/12\/2013\/01\/0062-533x400.jpg 533w\" sizes=\"(max-width: 670px) 100vw, 670px\" \/><\/a><\/p>\n<p>&nbsp;<\/p>\n<p><a href=\"https:\/\/blogs.diariosur.es\/tormentas-y-rayos\/2013\/01\/30\/ola-de-treinta-metros-en-portugal-amplitudes-termicas-como-se-forman-los-altocumulus-lenticularis-fotos\/olympus-digital-camera-1072\/\" rel=\"attachment wp-att-4828\"><img loading=\"lazy\" class=\"aligncenter size-full wp-image-4828\" title=\"OLYMPUS DIGITAL CAMERA\" src=\"\/tormentas-y-rayos\/wp-content\/uploads\/sites\/12\/2013\/01\/0022.jpg\" alt=\"\" width=\"670\" height=\"503\" srcset=\"https:\/\/static-blogs.diariosur.es\/wp-content\/uploads\/sites\/12\/2013\/01\/0022.jpg 670w, https:\/\/static-blogs.diariosur.es\/wp-content\/uploads\/sites\/12\/2013\/01\/0022-533x400.jpg 533w\" sizes=\"(max-width: 670px) 100vw, 670px\" \/><\/a><\/p>\n<p>&nbsp;<\/p>\n<p><a href=\"https:\/\/blogs.diariosur.es\/tormentas-y-rayos\/2013\/01\/30\/ola-de-treinta-metros-en-portugal-amplitudes-termicas-como-se-forman-los-altocumulus-lenticularis-fotos\/olympus-digital-camera-1073\/\" rel=\"attachment wp-att-4829\"><img loading=\"lazy\" class=\"aligncenter size-full wp-image-4829\" title=\"OLYMPUS DIGITAL CAMERA\" src=\"\/tormentas-y-rayos\/wp-content\/uploads\/sites\/12\/2013\/01\/blog.jpg\" alt=\"\" width=\"670\" height=\"482\" srcset=\"https:\/\/static-blogs.diariosur.es\/wp-content\/uploads\/sites\/12\/2013\/01\/blog.jpg 670w, https:\/\/static-blogs.diariosur.es\/wp-content\/uploads\/sites\/12\/2013\/01\/blog-556x400.jpg 556w\" sizes=\"(max-width: 670px) 100vw, 670px\" \/><\/a><\/p>\n<p><strong>El martes la maxima la dio Teatinos con 21 grados y el Puerto con 18,9, las brisas marinas no dejaron que subiera mas la temperatura en el Puerto. La\u00a0m\u00ednima\u00a0en los dos centros\u00a0meteorol\u00f3gicos\u00a0fue casi la misma \u00a0con 8,3 grados.<\/strong><\/p>\n<p><span style=\"color: #ff0000;\"><strong>Bueno amigos hablemos de estas \u00a0bellas nubes que se llaman altocum\u00falus lenticularis.<\/strong><\/span><\/p>\n<p>&nbsp;<\/p>\n<p><span style=\"color: #0000ff;\"><strong>Los altoc\u00famulus lenticularis tienen forma de lentejas o de almendras, en algunos ocasiones se les confunden con los ovnis . Se forman a sotavento de los sistemas monta\u00f1osos y casi siempre con vientos de terral con efecto foehn. A sotavento de nuestras Sierras Malague\u00f1as se suelen dar, pero donde mas se producen es en Sierra Nevada. Durante los meses de invierno cuando nos cruzan algunos frentes y enseguida entran cu\u00f1as anticicl\u00f3nicas por el oeste, si el viento de terral de invierno es suficientemente fuerte suele formar estas nubes. Cuando el aire atraviesa la cordillera se forman unas ondas de aire a sotavento, si hay vapor en la parte superior de las ondas se forman estas nubes. Al soplar el viento constantemente y encontr\u00e1ndose con aire h\u00famedo y seco, las nubes se apilan formando espectaculares lenticularis. Si el viento sigue soplando ese lenticular puede estar en ese sitio horas y horas. Os paso varias fotos lenticularis tomadas por mi desde hace unos a\u00f1os. En algunas\u00a0ver\u00e9is\u00a0altocum\u00fa<\/strong><\/span><strong style=\"color: #0000ff;\">lus lenticularis duplicatus con formaciones Kelvin -Helmholtz. Y\u00a0tambi\u00e9n\u00a0radiatus.<\/strong><\/p>\n<p><span><strong><span style=\"color: #0000ff;\">La mejor que tengo es esta, la tome desde la terraza mirando hacia los montes de M\u00e1laga. Lenticular que\u00a0permaneci\u00f3\u00a0en ese lugar casi 5 horas, a\u00a0medida\u00a0que pasaban las horas se hizo mas grande.<\/span><\/strong><\/span><\/p>\n<p><a href=\"https:\/\/blogs.diariosur.es\/tormentas-y-rayos\/2013\/01\/30\/ola-de-treinta-metros-en-portugal-amplitudes-termicas-como-se-forman-los-altocumulus-lenticularis-fotos\/olympus-digital-camera-1074\/\" rel=\"attachment wp-att-4830\"><img loading=\"lazy\" class=\"aligncenter size-full wp-image-4830\" title=\"OLYMPUS DIGITAL CAMERA\" src=\"\/tormentas-y-rayos\/wp-content\/uploads\/sites\/12\/2013\/01\/l9_1.jpg\" alt=\"\" width=\"690\" height=\"411\" srcset=\"https:\/\/static-blogs.diariosur.es\/wp-content\/uploads\/sites\/12\/2013\/01\/l9_1.jpg 690w, https:\/\/static-blogs.diariosur.es\/wp-content\/uploads\/sites\/12\/2013\/01\/l9_1-640x381.jpg 640w\" sizes=\"(max-width: 690px) 100vw, 690px\" \/><\/a><\/p>\n<p><span style=\"color: #0000ff;\"><strong>Duplicatus con<\/strong>\u00a0<strong>formaciones Kelvin -Helmholtz<\/strong><\/span><\/p>\n<p><a href=\"https:\/\/blogs.diariosur.es\/tormentas-y-rayos\/2013\/01\/30\/ola-de-treinta-metros-en-portugal-amplitudes-termicas-como-se-forman-los-altocumulus-lenticularis-fotos\/l6\/\" rel=\"attachment wp-att-4831\"><img loading=\"lazy\" class=\"aligncenter size-full wp-image-4831\" title=\"l6\" src=\"\/tormentas-y-rayos\/wp-content\/uploads\/sites\/12\/2013\/01\/l6.jpg\" alt=\"\" width=\"640\" height=\"427\" srcset=\"https:\/\/static-blogs.diariosur.es\/wp-content\/uploads\/sites\/12\/2013\/01\/l6.jpg 640w, https:\/\/static-blogs.diariosur.es\/wp-content\/uploads\/sites\/12\/2013\/01\/l6-600x400.jpg 600w\" sizes=\"(max-width: 640px) 100vw, 640px\" \/><\/a><\/p>\n<p>&nbsp;<\/p>\n<p><span style=\"color: #0000ff;\"><strong>\u00a0Radiatus<\/strong><\/span><\/p>\n<p>&nbsp;<\/p>\n<p><a href=\"https:\/\/blogs.diariosur.es\/tormentas-y-rayos\/2013\/01\/30\/ola-de-treinta-metros-en-portugal-amplitudes-termicas-como-se-forman-los-altocumulus-lenticularis-fotos\/l5\/\" rel=\"attachment wp-att-4832\"><img loading=\"lazy\" class=\"aligncenter size-full wp-image-4832\" title=\"l5\" src=\"\/tormentas-y-rayos\/wp-content\/uploads\/sites\/12\/2013\/01\/l5.jpg\" alt=\"\" width=\"640\" height=\"427\" srcset=\"https:\/\/static-blogs.diariosur.es\/wp-content\/uploads\/sites\/12\/2013\/01\/l5.jpg 640w, https:\/\/static-blogs.diariosur.es\/wp-content\/uploads\/sites\/12\/2013\/01\/l5-600x400.jpg 600w\" sizes=\"(max-width: 640px) 100vw, 640px\" \/><\/a><\/p>\n<p><span style=\"color: #0000ff;\"><strong>Algunos lenticularis mas<\/strong><\/span><\/p>\n<p><a href=\"https:\/\/blogs.diariosur.es\/tormentas-y-rayos\/2013\/01\/30\/ola-de-treinta-metros-en-portugal-amplitudes-termicas-como-se-forman-los-altocumulus-lenticularis-fotos\/l-1\/\" rel=\"attachment wp-att-4833\"><img loading=\"lazy\" class=\"aligncenter size-full wp-image-4833\" title=\"l 1\" src=\"\/tormentas-y-rayos\/wp-content\/uploads\/sites\/12\/2013\/01\/l-1.jpg\" alt=\"\" width=\"700\" height=\"466\" srcset=\"https:\/\/static-blogs.diariosur.es\/wp-content\/uploads\/sites\/12\/2013\/01\/l-1.jpg 700w, https:\/\/static-blogs.diariosur.es\/wp-content\/uploads\/sites\/12\/2013\/01\/l-1-601x400.jpg 601w\" sizes=\"(max-width: 700px) 100vw, 700px\" \/><\/a><\/p>\n<p>&nbsp;<\/p>\n<p><a href=\"https:\/\/blogs.diariosur.es\/tormentas-y-rayos\/2013\/01\/30\/ola-de-treinta-metros-en-portugal-amplitudes-termicas-como-se-forman-los-altocumulus-lenticularis-fotos\/olympus-digital-camera-1075\/\" rel=\"attachment wp-att-4834\"><img loading=\"lazy\" class=\"aligncenter size-medium wp-image-4834\" title=\"OLYMPUS DIGITAL CAMERA\" src=\"\/tormentas-y-rayos\/wp-content\/uploads\/sites\/12\/2013\/01\/l2.jpg\" alt=\"\" width=\"576\" height=\"400\" srcset=\"https:\/\/static-blogs.diariosur.es\/wp-content\/uploads\/sites\/12\/2013\/01\/l2.jpg 800w, https:\/\/static-blogs.diariosur.es\/wp-content\/uploads\/sites\/12\/2013\/01\/l2-577x400.jpg 577w, https:\/\/static-blogs.diariosur.es\/wp-content\/uploads\/sites\/12\/2013\/01\/l2-768x533.jpg 768w\" sizes=\"(max-width: 576px) 100vw, 576px\" \/><\/a><\/p>\n<p><a href=\"https:\/\/blogs.diariosur.es\/tormentas-y-rayos\/2013\/01\/30\/ola-de-treinta-metros-en-portugal-amplitudes-termicas-como-se-forman-los-altocumulus-lenticularis-fotos\/olympus-digital-camera-1076\/\" rel=\"attachment wp-att-4835\"><img loading=\"lazy\" class=\"aligncenter size-medium wp-image-4835\" title=\"OLYMPUS DIGITAL CAMERA\" src=\"\/tormentas-y-rayos\/wp-content\/uploads\/sites\/12\/2013\/01\/l3.jpg\" alt=\"\" width=\"533\" height=\"400\" srcset=\"https:\/\/static-blogs.diariosur.es\/wp-content\/uploads\/sites\/12\/2013\/01\/l3.jpg 800w, https:\/\/static-blogs.diariosur.es\/wp-content\/uploads\/sites\/12\/2013\/01\/l3-533x400.jpg 533w, https:\/\/static-blogs.diariosur.es\/wp-content\/uploads\/sites\/12\/2013\/01\/l3-768x576.jpg 768w\" sizes=\"(max-width: 533px) 100vw, 533px\" \/><\/a><\/p>\n<p>&nbsp;<\/p>\n<p><a href=\"https:\/\/blogs.diariosur.es\/tormentas-y-rayos\/2013\/01\/30\/ola-de-treinta-metros-en-portugal-amplitudes-termicas-como-se-forman-los-altocumulus-lenticularis-fotos\/olympus-digital-camera-1077\/\" rel=\"attachment wp-att-4836\"><img loading=\"lazy\" class=\"aligncenter size-medium wp-image-4836\" title=\"OLYMPUS DIGITAL CAMERA\" src=\"\/tormentas-y-rayos\/wp-content\/uploads\/sites\/12\/2013\/01\/l4.jpg\" alt=\"\" width=\"600\" height=\"400\" srcset=\"https:\/\/static-blogs.diariosur.es\/wp-content\/uploads\/sites\/12\/2013\/01\/l4.jpg 900w, https:\/\/static-blogs.diariosur.es\/wp-content\/uploads\/sites\/12\/2013\/01\/l4-600x400.jpg 600w, https:\/\/static-blogs.diariosur.es\/wp-content\/uploads\/sites\/12\/2013\/01\/l4-768x512.jpg 768w\" sizes=\"(max-width: 600px) 100vw, 600px\" \/><\/a><\/p>\n<p>&nbsp;<\/p>\n<p><a href=\"https:\/\/blogs.diariosur.es\/tormentas-y-rayos\/2013\/01\/30\/ola-de-treinta-metros-en-portugal-amplitudes-termicas-como-se-forman-los-altocumulus-lenticularis-fotos\/l8\/\" rel=\"attachment wp-att-4837\"><img loading=\"lazy\" class=\"aligncenter size-full wp-image-4837\" title=\"l8\" src=\"\/tormentas-y-rayos\/wp-content\/uploads\/sites\/12\/2013\/01\/l8.jpg\" alt=\"\" width=\"640\" height=\"427\" srcset=\"https:\/\/static-blogs.diariosur.es\/wp-content\/uploads\/sites\/12\/2013\/01\/l8.jpg 640w, https:\/\/static-blogs.diariosur.es\/wp-content\/uploads\/sites\/12\/2013\/01\/l8-600x400.jpg 600w\" sizes=\"(max-width: 640px) 100vw, 640px\" \/><\/a><\/p>\n<p><strong>Poco mas que contar amigos, solo que para el finde, hay posibilidad de que bajen \u00a0las temperaturas en casi toda la Pen\u00ednsula y el viento tome protagonismo de nuevo, pero esto lo veremos el viernes. Lo que si que no veo son \u00a0lluvias en unos cuantos dias.\u00a0<\/strong><\/p>\n","protected":false},"excerpt":{"rendered":"<p>Muy buenos dias fresquitos amigos de la meteo. Son las seis de la ma\u00f1ana, registro 7, 9 \u00a0grados, el viento esta en calma y los cielos sin apenas nubes. Os acordais de la ciclog\u00e9nsis bestial, que se dio el\u00a0s\u00e1bado\u00a0pasado en el noroeste del Atlantico, os paso el enlace. Pues este cicl\u00f3n que se llamaba Jolle, [&hellip;]<\/p>\n","protected":false},"author":16,"featured_media":4839,"comment_status":"open","ping_status":"closed","sticky":false,"template":"","format":"standard","meta":[],"categories":[2],"tags":[272,418,552,648,732,794,897,972,1018],"_links":{"self":[{"href":"https:\/\/blogs.diariosur.es\/tormentas-y-rayos\/wp-json\/wp\/v2\/posts\/4824"}],"collection":[{"href":"https:\/\/blogs.diariosur.es\/tormentas-y-rayos\/wp-json\/wp\/v2\/posts"}],"about":[{"href":"https:\/\/blogs.diariosur.es\/tormentas-y-rayos\/wp-json\/wp\/v2\/types\/post"}],"author":[{"embeddable":true,"href":"https:\/\/blogs.diariosur.es\/tormentas-y-rayos\/wp-json\/wp\/v2\/users\/16"}],"replies":[{"embeddable":true,"href":"https:\/\/blogs.diariosur.es\/tormentas-y-rayos\/wp-json\/wp\/v2\/comments?post=4824"}],"version-history":[{"count":0,"href":"https:\/\/blogs.diariosur.es\/tormentas-y-rayos\/wp-json\/wp\/v2\/posts\/4824\/revisions"}],"wp:featuredmedia":[{"embeddable":true,"href":"https:\/\/blogs.diariosur.es\/tormentas-y-rayos\/wp-json\/wp\/v2\/media\/4839"}],"wp:attachment":[{"href":"https:\/\/blogs.diariosur.es\/tormentas-y-rayos\/wp-json\/wp\/v2\/media?parent=4824"}],"wp:term":[{"taxonomy":"category","embeddable":true,"href":"https:\/\/blogs.diariosur.es\/tormentas-y-rayos\/wp-json\/wp\/v2\/categories?post=4824"},{"taxonomy":"post_tag","embeddable":true,"href":"https:\/\/blogs.diariosur.es\/tormentas-y-rayos\/wp-json\/wp\/v2\/tags?post=4824"}],"curies":[{"name":"wp","href":"https:\/\/api.w.org\/{rel}","templated":true}]}}