{"id":4840,"date":"2013-01-31T06:53:32","date_gmt":"2013-01-31T05:53:32","guid":{"rendered":"http:\/\/blogs.diariosur.es\/tormentas-y-rayos\/?p=4840"},"modified":"2013-01-31T06:53:32","modified_gmt":"2013-01-31T05:53:32","slug":"atencion-posible-record-de-temperatura-maxima-hoy-jueves-o-el-viernes-en-malaga-capital-podemos-llegar-casi-a-los-28-grados","status":"publish","type":"post","link":"https:\/\/blogs.diariosur.es\/tormentas-y-rayos\/2013\/01\/31\/atencion-posible-record-de-temperatura-maxima-hoy-jueves-o-el-viernes-en-malaga-capital-podemos-llegar-casi-a-los-28-grados\/","title":{"rendered":"!Atenci\u00f3n! Posible r\u00e9cord de temperatura m\u00e1xima hoy jueves o el viernes en M\u00e1laga Capital.Podemos llegar casi a los 28 grados. Me apuesto el bigote"},"content":{"rendered":"<p><strong>Buenos dias amigos de la meteo, son las seis de la ma\u00f1ana, registro 14,8 \u00a0grados y los cielos est\u00e1n despejados.\u00a0<\/strong><\/p>\n<p><strong>No pensaba abrir otro post hasta el viernes, pero la ocasi\u00f3n lo merece. Pero antes de nada, comentaros que este pronostico es particular mio. <span style=\"color: #ff0000;\">Que viendo mapas de temperaturas en altura durante unos dias, me atrevo a decir que podemos batir el\u00a0r\u00e9cord\u00a0de temperatura maxima en un mes de Enero, desde que se\u00a0tienen registros. Lo mismo se da o no se da.<\/span><\/strong><\/p>\n<p><strong> Viendo los mapas a 850 hpa de temperaturas, y si <span style=\"color: #ff00ff;\">el terral de invierno entra durante esta tarde o madrugada del viernes<\/span>, se pueden registrar una m\u00e1xima de casi 28 grados. A 1500 metros de altura, las temperaturas estar\u00e1n cercanas a los 16 grados en nuestra provincia. Os paso un mapa previsto a 850 hpa fuente Aemet Hirlam.<\/strong><\/p>\n<p><a href=\"https:\/\/blogs.diariosur.es\/tormentas-y-rayos\/2013\/01\/31\/atencion-posible-record-de-temperatura-maxima-hoy-jueves-o-el-viernes-en-malaga-capital-podemos-llegar-casi-a-los-28-grados\/a-850\/\" rel=\"attachment wp-att-4841\"><img loading=\"lazy\" class=\"aligncenter size-medium wp-image-4841\" title=\"a 850\" src=\"\/tormentas-y-rayos\/wp-content\/uploads\/sites\/12\/2013\/01\/a-850.jpg\" alt=\"\" width=\"568\" height=\"400\" srcset=\"https:\/\/static-blogs.diariosur.es\/wp-content\/uploads\/sites\/12\/2013\/01\/a-850.jpg 759w, https:\/\/static-blogs.diariosur.es\/wp-content\/uploads\/sites\/12\/2013\/01\/a-850-569x400.jpg 569w\" sizes=\"(max-width: 568px) 100vw, 568px\" \/><\/a><\/p>\n<p>&nbsp;<\/p>\n<p><strong>Ayer mi\u00e9rcoles ya dimos una m\u00e1xima de 25 grados en el Centro Meteorol\u00f3gico que tiene la Aemet en la zona de Teatinos. El viento de terral soplo en esa zona.<\/strong><\/p>\n<p><a href=\"https:\/\/blogs.diariosur.es\/tormentas-y-rayos\/2013\/01\/31\/atencion-posible-record-de-temperatura-maxima-hoy-jueves-o-el-viernes-en-malaga-capital-podemos-llegar-casi-a-los-28-grados\/aemet-teatinos\/\" rel=\"attachment wp-att-4842\"><img loading=\"lazy\" class=\"aligncenter size-medium wp-image-4842\" title=\"aemet teatinos\" src=\"\/tormentas-y-rayos\/wp-content\/uploads\/sites\/12\/2013\/01\/aemet-teatinos.jpg\" alt=\"\" width=\"600\" height=\"262\" srcset=\"https:\/\/static-blogs.diariosur.es\/wp-content\/uploads\/sites\/12\/2013\/01\/aemet-teatinos.jpg 711w, https:\/\/static-blogs.diariosur.es\/wp-content\/uploads\/sites\/12\/2013\/01\/aemet-teatinos-640x280.jpg 640w\" sizes=\"(max-width: 600px) 100vw, 600px\" \/><\/a><\/p>\n<p>&nbsp;<\/p>\n<p><a href=\"https:\/\/blogs.diariosur.es\/tormentas-y-rayos\/2013\/01\/31\/atencion-posible-record-de-temperatura-maxima-hoy-jueves-o-el-viernes-en-malaga-capital-podemos-llegar-casi-a-los-28-grados\/aemet-viento-teatinos\/\" rel=\"attachment wp-att-4843\"><img loading=\"lazy\" class=\"aligncenter size-medium wp-image-4843\" title=\"aemet viento teatinos\" src=\"\/tormentas-y-rayos\/wp-content\/uploads\/sites\/12\/2013\/01\/aemet-viento-teatinos.jpg\" alt=\"\" width=\"600\" height=\"277\" srcset=\"https:\/\/static-blogs.diariosur.es\/wp-content\/uploads\/sites\/12\/2013\/01\/aemet-viento-teatinos.jpg 705w, https:\/\/static-blogs.diariosur.es\/wp-content\/uploads\/sites\/12\/2013\/01\/aemet-viento-teatinos-640x296.jpg 640w\" sizes=\"(max-width: 600px) 100vw, 600px\" \/><\/a><\/p>\n<p><strong>Mientras en la zona del Puerto, donde tambi\u00e9n la Aemet tiene una estaci\u00f3n, apenas soplaba el viento. D\u00e1ndose brisas marinas, que hac\u00edan bajar las temperaturas. Sobre las dos de la tarde se registro 14 grados, luego subieron hasta los 20. Lo curioso que a la misma hora en Teatinos ten\u00edan 23 como\u00a0pod\u00e9is\u00a0comprobar en el\u00a0gr\u00e1fico\u00a0de Teatinos que he puesto arriba y compararlo con el del puerto. Os paso el\u00a0gr\u00e1fico.<\/strong><\/p>\n<p><a href=\"https:\/\/blogs.diariosur.es\/tormentas-y-rayos\/2013\/01\/31\/atencion-posible-record-de-temperatura-maxima-hoy-jueves-o-el-viernes-en-malaga-capital-podemos-llegar-casi-a-los-28-grados\/aemet-puerto\/\" rel=\"attachment wp-att-4844\"><img loading=\"lazy\" class=\"aligncenter size-medium wp-image-4844\" title=\"aemet puerto\" src=\"\/tormentas-y-rayos\/wp-content\/uploads\/sites\/12\/2013\/01\/aemet-puerto.jpg\" alt=\"\" width=\"600\" height=\"271\" srcset=\"https:\/\/static-blogs.diariosur.es\/wp-content\/uploads\/sites\/12\/2013\/01\/aemet-puerto.jpg 706w, https:\/\/static-blogs.diariosur.es\/wp-content\/uploads\/sites\/12\/2013\/01\/aemet-puerto-640x289.jpg 640w\" sizes=\"(max-width: 600px) 100vw, 600px\" \/><\/a><\/p>\n<p><strong>El\u00a0r\u00e9cord\u00a0de temperatura maxima en M\u00e1laga Capital en un mes de Enero, se dio el 21 de Enero del 1981 con 26,8 grados. Si se cumple lo que yo pienso, podemos sobrepasar esta temperatura y llegar casi a los 29. Os paso un mapa de ese a\u00f1o( 1981 ) cuando se dio 26,8 grados, muy parecido al que os he puesto arriba.<\/strong><\/p>\n<p><a href=\"https:\/\/blogs.diariosur.es\/tormentas-y-rayos\/2013\/01\/31\/atencion-posible-record-de-temperatura-maxima-hoy-jueves-o-el-viernes-en-malaga-capital-podemos-llegar-casi-a-los-28-grados\/antiguo\/\" rel=\"attachment wp-att-4845\"><img loading=\"lazy\" class=\"aligncenter size-medium wp-image-4845\" title=\"antiguo\" src=\"\/tormentas-y-rayos\/wp-content\/uploads\/sites\/12\/2013\/01\/antiguo.jpg\" alt=\"\" width=\"500\" height=\"400\" srcset=\"https:\/\/static-blogs.diariosur.es\/wp-content\/uploads\/sites\/12\/2013\/01\/antiguo.jpg 774w, https:\/\/static-blogs.diariosur.es\/wp-content\/uploads\/sites\/12\/2013\/01\/antiguo-500x400.jpg 500w, https:\/\/static-blogs.diariosur.es\/wp-content\/uploads\/sites\/12\/2013\/01\/antiguo-768x614.jpg 768w\" sizes=\"(max-width: 500px) 100vw, 500px\" \/><\/a><\/p>\n<p>&nbsp;<\/p>\n<p><strong><a href=\"https:\/\/blogs.diariosur.es\/tormentas-y-rayos\/2013\/01\/31\/atencion-posible-record-de-temperatura-maxima-hoy-jueves-o-el-viernes-en-malaga-capital-podemos-llegar-casi-a-los-28-grados\/records\/\" rel=\"attachment wp-att-4846\"><img loading=\"lazy\" class=\"aligncenter size-medium wp-image-4846\" title=\"records\" src=\"\/tormentas-y-rayos\/wp-content\/uploads\/sites\/12\/2013\/01\/records.jpg\" alt=\"\" width=\"600\" height=\"45\" srcset=\"https:\/\/static-blogs.diariosur.es\/wp-content\/uploads\/sites\/12\/2013\/01\/records.jpg 785w, https:\/\/static-blogs.diariosur.es\/wp-content\/uploads\/sites\/12\/2013\/01\/records-640x49.jpg 640w, https:\/\/static-blogs.diariosur.es\/wp-content\/uploads\/sites\/12\/2013\/01\/records-768x59.jpg 768w\" sizes=\"(max-width: 600px) 100vw, 600px\" \/><\/a><\/strong><\/p>\n<p><strong>Ya\u00a0sab\u00e9is\u00a0como es la meteorolog\u00eda amigos.<span style=\"color: #0000ff;\"> TODO\u00a0DEPENDER\u00c1\u00a0DE COMO ENTRE EL VIENTO A PARTIR DE HOY Y HASTA MA\u00d1ANA VIERNES.\u00a0<\/span><\/strong><\/p>\n<p><span style=\"color: #ff0000;\"><strong>Si no batimos ese\u00a0r\u00e9cord,\u00a0asumir\u00e9\u00a0mi fallo y me cortare el bigote ji ji ji.<\/strong><\/span><\/p>\n<p>&nbsp;<\/p>\n<p><strong>Otro dato a tener en cuenta ser\u00e1 la bajada brusca de temperatura, que tendremos el s\u00e1bado. Esto se deber\u00e1 a la entrada de una vaguada por el norte peninsular. Durante la tarde noche del viernes y madrugada del s\u00e1bado, el terral de invierno soplara entre moderado y fuerte. Que unido a la bajada de temperaturas, la sensaci\u00f3n t\u00e9rmica ser\u00e1 de mas fr\u00edo. Pero de esto hablaremos el viernes por la tarde, que os dar\u00e9 el pron\u00f3stico del fin de semana y confirmaremos si al final hemos tenido un\u00a0r\u00e9cord\u00a0de m\u00e1xima en la capital.<\/strong><\/p>\n<p>&nbsp;<\/p>\n<p><strong>Os dejo con el atardecer que tome el dia pasado desde la Playa de la Ara\u00f1a y con el enlace del<a href=\"https:\/\/blogs.diariosur.es\/tormentas-y-rayos\/2013\/01\/30\/ola-de-treinta-metros-en-portugal-amplitudes-termicas-como-se-forman-los-altocumulus-lenticularis-fotos\/\"> video de la ola de 30 metros que se dio en nazare Portugal<\/a><\/strong><\/p>\n<p><a href=\"https:\/\/blogs.diariosur.es\/tormentas-y-rayos\/2013\/01\/31\/atencion-posible-record-de-temperatura-maxima-hoy-jueves-o-el-viernes-en-malaga-capital-podemos-llegar-casi-a-los-28-grados\/olympus-digital-camera-1078\/\" rel=\"attachment wp-att-4847\"><img loading=\"lazy\" class=\"aligncenter size-full wp-image-4847\" title=\"OLYMPUS DIGITAL CAMERA\" src=\"\/tormentas-y-rayos\/wp-content\/uploads\/sites\/12\/2013\/01\/blog1.jpg\" alt=\"\" width=\"680\" height=\"510\" srcset=\"https:\/\/static-blogs.diariosur.es\/wp-content\/uploads\/sites\/12\/2013\/01\/blog1.jpg 680w, https:\/\/static-blogs.diariosur.es\/wp-content\/uploads\/sites\/12\/2013\/01\/blog1-533x400.jpg 533w\" sizes=\"(max-width: 680px) 100vw, 680px\" \/><\/a><\/p>\n","protected":false},"excerpt":{"rendered":"<p>Buenos dias amigos de la meteo, son las seis de la ma\u00f1ana, registro 14,8 \u00a0grados y los cielos est\u00e1n despejados.\u00a0 No pensaba abrir otro post hasta el viernes, pero la ocasi\u00f3n lo merece. Pero antes de nada, comentaros que este pronostico es particular mio. Que viendo mapas de temperaturas en altura durante unos dias, me [&hellip;]<\/p>\n","protected":false},"author":16,"featured_media":4848,"comment_status":"open","ping_status":"closed","sticky":false,"template":"","format":"standard","meta":[],"categories":[2],"tags":[],"_links":{"self":[{"href":"https:\/\/blogs.diariosur.es\/tormentas-y-rayos\/wp-json\/wp\/v2\/posts\/4840"}],"collection":[{"href":"https:\/\/blogs.diariosur.es\/tormentas-y-rayos\/wp-json\/wp\/v2\/posts"}],"about":[{"href":"https:\/\/blogs.diariosur.es\/tormentas-y-rayos\/wp-json\/wp\/v2\/types\/post"}],"author":[{"embeddable":true,"href":"https:\/\/blogs.diariosur.es\/tormentas-y-rayos\/wp-json\/wp\/v2\/users\/16"}],"replies":[{"embeddable":true,"href":"https:\/\/blogs.diariosur.es\/tormentas-y-rayos\/wp-json\/wp\/v2\/comments?post=4840"}],"version-history":[{"count":0,"href":"https:\/\/blogs.diariosur.es\/tormentas-y-rayos\/wp-json\/wp\/v2\/posts\/4840\/revisions"}],"wp:featuredmedia":[{"embeddable":true,"href":"https:\/\/blogs.diariosur.es\/tormentas-y-rayos\/wp-json\/wp\/v2\/media\/4848"}],"wp:attachment":[{"href":"https:\/\/blogs.diariosur.es\/tormentas-y-rayos\/wp-json\/wp\/v2\/media?parent=4840"}],"wp:term":[{"taxonomy":"category","embeddable":true,"href":"https:\/\/blogs.diariosur.es\/tormentas-y-rayos\/wp-json\/wp\/v2\/categories?post=4840"},{"taxonomy":"post_tag","embeddable":true,"href":"https:\/\/blogs.diariosur.es\/tormentas-y-rayos\/wp-json\/wp\/v2\/tags?post=4840"}],"curies":[{"name":"wp","href":"https:\/\/api.w.org\/{rel}","templated":true}]}}