{"id":48414,"date":"2025-12-31T08:02:09","date_gmt":"2025-12-31T07:02:09","guid":{"rendered":"https:\/\/blogs.diariosur.es\/tormentas-y-rayos\/?p=48414"},"modified":"2025-12-31T08:02:09","modified_gmt":"2025-12-31T07:02:09","slug":"malaga-registro-ayer-la-temperatura-maxima-mas-alta-de-la-peninsula-el-tiempo-en-noche-vieja-y-ano-nuevo","status":"publish","type":"post","link":"https:\/\/blogs.diariosur.es\/tormentas-y-rayos\/2025\/12\/31\/malaga-registro-ayer-la-temperatura-maxima-mas-alta-de-la-peninsula-el-tiempo-en-noche-vieja-y-ano-nuevo\/","title":{"rendered":"M\u00e1laga registr\u00f3 ayer la temperatura m\u00e1xima m\u00e1s alta de la pen\u00ednsula. El tiempo en Noche Vieja y A\u00f1o Nuevo"},"content":{"rendered":"<p data-pm-slice=\"1 1 []\"><a href=\"https:\/\/static-blogs.diariosur.es\/wp-content\/uploads\/sites\/12\/2025\/10\/444912498_10228884468795449_97962860407814916_n-e1763121197919.jpg\"><img loading=\"lazy\" class=\"aligncenter size-thumbnail wp-image-46969\" src=\"https:\/\/static-blogs.diariosur.es\/wp-content\/uploads\/sites\/12\/2025\/10\/444912498_10228884468795449_97962860407814916_n-150x150.jpg\" alt=\"\" width=\"150\" height=\"150\" \/><\/a><\/p>\n<p data-pm-slice=\"1 1 []\">Buenos d\u00edas, amigos de la meteo. Cuando son las siete y media de la ma\u00f1ana, la estaci\u00f3n de la Aemet del Aeropuerto registra 5,9 \u00baC, los cielos est\u00e1n poco nubosos y el viento sopla flojo de componente oeste en mi zona. Por la tarde-noche, al cambiar a levante, aumentar\u00e1 la nubosidad; hay probabilidad de alguna precipitaci\u00f3n d\u00e9bil y ocasional en la costa occidental. Poca cosa.<\/p>\n<p data-pm-slice=\"1 1 []\"><strong>Ma\u00f1ana 1 de enero<\/strong>, seguiremos con la probabilidad de precipitaciones en la costa occidental; no las descarto en el Valle del Guadalhorce. Algunos modelos prev\u00e9n entre 5 y 8 mm. No se mojar\u00e1n todos los portales. A partir del mediod\u00eda baja la probabilidad en estas zonas.<\/p>\n<h3 data-pm-slice=\"1 1 []\"><span style=\"color: #ff0000;\"><strong>M\u00e1laga registr\u00f3 ayer la temperatura m\u00e1xima m\u00e1s alta de la pen\u00ednsula y Baleares.<\/strong><\/span><\/h3>\n<p data-pm-slice=\"1 1 []\">Ayer martes 30 de diciembre, el Centro Meteorol\u00f3gico de M\u00e1laga capital registr\u00f3 una temperatura m\u00e1xima de 19,6 \u00baC; ha sido, junto con \u00c1guilas en Murcia, la temperatura m\u00e1xima m\u00e1s alta de la pen\u00ednsula y Baleares. La m\u00e1xima de Espa\u00f1a se dio en Las Palmas de Gran Canaria, San Crist\u00f3bal, con 24,5 \u00baC.<\/p>\n<p data-pm-slice=\"1 1 []\"><strong>Ma\u00f1ana hablaremos de la borrasca Francis y los probables acumulados que puede dejar en la provincia malague\u00f1a el fin de semana.<\/strong><\/p>\n<p data-pm-slice=\"1 1 []\">Os dejo con esta bonita foto que hice ayer en la playa de la Misericordia.<\/p>\n<p data-pm-slice=\"1 1 []\">\n<p data-pm-slice=\"1 1 []\"><a href=\"https:\/\/static-blogs.diariosur.es\/wp-content\/uploads\/sites\/12\/2025\/12\/605140084_10235884709997104_6706293653350291931_n-e1767164062420.jpg\"><img loading=\"lazy\" class=\"aligncenter size-full wp-image-48415\" src=\"https:\/\/static-blogs.diariosur.es\/wp-content\/uploads\/sites\/12\/2025\/12\/605140084_10235884709997104_6706293653350291931_n-e1767164062420.jpg\" alt=\"\" width=\"1000\" height=\"667\" \/><\/a><\/p>\n<p data-pm-slice=\"1 1 []\">\n","protected":false},"excerpt":{"rendered":"<p>Buenos d\u00edas, amigos de la meteo. Cuando son las siete y media de la ma\u00f1ana, la estaci\u00f3n de la Aemet del Aeropuerto registra 5,9 \u00baC, los cielos est\u00e1n poco nubosos y el viento sopla flojo de componente oeste en mi zona. Por la tarde-noche, al cambiar a levante, aumentar\u00e1 la nubosidad; hay probabilidad de alguna [&hellip;]<\/p>\n","protected":false},"author":16,"featured_media":48415,"comment_status":"open","ping_status":"open","sticky":false,"template":"","format":"standard","meta":[],"categories":[2],"tags":[109,151,188,358,2088,587,676,725,800,2089],"_links":{"self":[{"href":"https:\/\/blogs.diariosur.es\/tormentas-y-rayos\/wp-json\/wp\/v2\/posts\/48414"}],"collection":[{"href":"https:\/\/blogs.diariosur.es\/tormentas-y-rayos\/wp-json\/wp\/v2\/posts"}],"about":[{"href":"https:\/\/blogs.diariosur.es\/tormentas-y-rayos\/wp-json\/wp\/v2\/types\/post"}],"author":[{"embeddable":true,"href":"https:\/\/blogs.diariosur.es\/tormentas-y-rayos\/wp-json\/wp\/v2\/users\/16"}],"replies":[{"embeddable":true,"href":"https:\/\/blogs.diariosur.es\/tormentas-y-rayos\/wp-json\/wp\/v2\/comments?post=48414"}],"version-history":[{"count":1,"href":"https:\/\/blogs.diariosur.es\/tormentas-y-rayos\/wp-json\/wp\/v2\/posts\/48414\/revisions"}],"predecessor-version":[{"id":48416,"href":"https:\/\/blogs.diariosur.es\/tormentas-y-rayos\/wp-json\/wp\/v2\/posts\/48414\/revisions\/48416"}],"wp:featuredmedia":[{"embeddable":true,"href":"https:\/\/blogs.diariosur.es\/tormentas-y-rayos\/wp-json\/wp\/v2\/media\/48415"}],"wp:attachment":[{"href":"https:\/\/blogs.diariosur.es\/tormentas-y-rayos\/wp-json\/wp\/v2\/media?parent=48414"}],"wp:term":[{"taxonomy":"category","embeddable":true,"href":"https:\/\/blogs.diariosur.es\/tormentas-y-rayos\/wp-json\/wp\/v2\/categories?post=48414"},{"taxonomy":"post_tag","embeddable":true,"href":"https:\/\/blogs.diariosur.es\/tormentas-y-rayos\/wp-json\/wp\/v2\/tags?post=48414"}],"curies":[{"name":"wp","href":"https:\/\/api.w.org\/{rel}","templated":true}]}}